{"id":49922,"date":"2025-11-14T19:46:01","date_gmt":"2025-11-14T23:46:01","guid":{"rendered":"https:\/\/noticiasveraces.com\/?p=49922"},"modified":"2025-11-14T19:46:01","modified_gmt":"2025-11-14T23:46:01","slug":"inameh-preve-lluvias-en-varias-regiones-de-venezuela-para-el-14-de-noviembre","status":"publish","type":"post","link":"https:\/\/noticiasveraces.com\/?p=49922","title":{"rendered":"Inameh prev\u00e9 lluvias en varias regiones de Venezuela para el 14 de noviembre"},"content":{"rendered":"<p> \n<\/p>\n<div>\n<p>El Instituto Nacional de Meteorolog\u00eda e Hidrolog\u00eda<strong> (Inameh) pronostic\u00f3 para el 14 de noviembre nubosidad parcial en varios estados de Venezuela<\/strong>. <\/p>\n<div class=\"ruby-table-contents rbtoc table-fw\">\n<ul class=\"toc-content h5\">\n<li>\u00bfQu\u00e9 es una vaguada monz\u00f3nica y vientos alisios?<\/li>\n<li>Lluvias en Venezuela<\/li>\n<\/ul>\n<\/div>\n<p><strong>La presencia de mantos nubosos que generar\u00e1n lluvias de intensidad variable durante la tarde y la noche <\/strong>afectar\u00e1 a Bol\u00edvar, Amazonas, la regi\u00f3n de los Andes y la zona del Lago de Maracaibo.<\/p>\n<p>De acuerdo con el bolet\u00edn meteorol\u00f3gico del Inameh, <strong>tambi\u00e9n se prev\u00e9n algunas lluvias dispersas en Guayana Esequiba, Apure, oeste de Barinas y Zulia.<\/strong><\/p>\n<p><strong>El Inameh explic\u00f3 que estas condiciones se deben a una vaguada monz\u00f3nica y la intensidad de los vientos alisios<\/strong>los cuales aportan humedad a la atm\u00f3sfera e intensifican los efectos de la Zona de Convergencia Intertropical.<\/p>\n<p>Adem\u00e1s, aclar\u00f3 que <strong>actualmente no existen ciclones ni ondas tropicales cerca del pa\u00eds<\/strong>a pesar de que la temporada de estos sistemas atmosf\u00e9ricos se extiende hasta el 30 de noviembre.<\/p>\n<figure class=\"wp-block-image size-large is-resized\"><picture fetchpriority=\"high\" decoding=\"async\" class=\"wp-image-540301\" style=\"width:840px;height:auto;\"><source type=\"image\/webp\" sizes=\"(max-width: 760px) 100vw, 760px\" nitro-lazy-srcset=\"https:\/\/eldiario.com\/nitropack_static\/DWpklAePbJBFiBKvuTtiGMLbtJlHUqWt\/assets\/images\/optimized\/rev-4610e21\/eldiario.com\/wp-content\/uploads\/2023\/07\/lluviasenccs-760x504.jpg.webp 760w, https:\/\/eldiario.com\/nitropack_static\/DWpklAePbJBFiBKvuTtiGMLbtJlHUqWt\/assets\/images\/optimized\/rev-4610e21\/eldiario.com\/wp-content\/uploads\/2023\/07\/lluviasenccs-300x199.jpg.webp 300w, https:\/\/eldiario.com\/nitropack_static\/DWpklAePbJBFiBKvuTtiGMLbtJlHUqWt\/assets\/images\/optimized\/rev-4610e21\/eldiario.com\/wp-content\/uploads\/2023\/07\/lluviasenccs-768x509.jpg.webp 768w, https:\/\/eldiario.com\/nitropack_static\/DWpklAePbJBFiBKvuTtiGMLbtJlHUqWt\/assets\/images\/optimized\/rev-4610e21\/eldiario.com\/wp-content\/uploads\/2023\/07\/lluviasenccs-1536x1018.jpg.webp 1536w, https:\/\/eldiario.com\/nitropack_static\/DWpklAePbJBFiBKvuTtiGMLbtJlHUqWt\/assets\/images\/optimized\/rev-4610e21\/eldiario.com\/wp-content\/uploads\/2023\/07\/lluviasenccs-150x99.jpg.webp 150w, https:\/\/eldiario.com\/nitropack_static\/DWpklAePbJBFiBKvuTtiGMLbtJlHUqWt\/assets\/images\/optimized\/rev-4610e21\/eldiario.com\/wp-content\/uploads\/2023\/07\/lluviasenccs.jpg.webp 1600w\" nitro-lazy-empty=\"\" id=\"ODEyOjU3NA==-1\" srcset=\"data:image\/svg+xml;nitro-empty-id=ODEyOjU3NA==-1;base64,PHN2ZyB2aWV3Qm94PSIwIDAgNzYwIDUwNCIgd2lkdGg9Ijc2MCIgaGVpZ2h0PSI1MDQiIHhtbG5zPSJodHRwOi8vd3d3LnczLm9yZy8yMDAwL3N2ZyI+PC9zdmc+\"\/><img fetchpriority=\"high\" width=\"760\" height=\"504\" alt=\"Inameh pronostic\u00f3 lluvias en Venezuela por el paso de la onda tropical 16\" sizes=\"(max-width: 760px) 100vw, 760px\" srcset=\"https:\/\/eldiario.com\/nitropack_static\/DWpklAePbJBFiBKvuTtiGMLbtJlHUqWt\/assets\/images\/optimized\/rev-4610e21\/eldiario.com\/wp-content\/uploads\/2023\/07\/lluviasenccs-760x504.jpg 760w, https:\/\/eldiario.com\/nitropack_static\/DWpklAePbJBFiBKvuTtiGMLbtJlHUqWt\/assets\/images\/optimized\/rev-4610e21\/eldiario.com\/wp-content\/uploads\/2023\/07\/lluviasenccs-300x199.jpg 300w, https:\/\/eldiario.com\/nitropack_static\/DWpklAePbJBFiBKvuTtiGMLbtJlHUqWt\/assets\/images\/optimized\/rev-4610e21\/eldiario.com\/wp-content\/uploads\/2023\/07\/lluviasenccs-768x509.jpg 768w, https:\/\/eldiario.com\/nitropack_static\/DWpklAePbJBFiBKvuTtiGMLbtJlHUqWt\/assets\/images\/optimized\/rev-4610e21\/eldiario.com\/wp-content\/uploads\/2023\/07\/lluviasenccs-1536x1018.jpg 1536w, https:\/\/eldiario.com\/nitropack_static\/DWpklAePbJBFiBKvuTtiGMLbtJlHUqWt\/assets\/images\/optimized\/rev-4610e21\/eldiario.com\/wp-content\/uploads\/2023\/07\/lluviasenccs-150x99.jpg 150w, https:\/\/eldiario.com\/nitropack_static\/DWpklAePbJBFiBKvuTtiGMLbtJlHUqWt\/assets\/images\/optimized\/rev-4610e21\/eldiario.com\/wp-content\/uploads\/2023\/07\/lluviasenccs.jpg 1600w\" src=\"https:\/\/eldiario.com\/nitropack_static\/DWpklAePbJBFiBKvuTtiGMLbtJlHUqWt\/assets\/images\/optimized\/rev-4610e21\/eldiario.com\/wp-content\/uploads\/2023\/07\/lluviasenccs-760x504.jpg\" class=\"nitro-lazy\" decoding=\"async\" nitro-lazy-empty=\"\" id=\"ODEzOjc0Ng==-1\"\/> <\/picture><figcaption class=\"wp-element-caption\">Foto: Pixabay<\/figcaption><\/figure>\n<p>Para la Gran Caracas (Distrito Capital, Miranda y La Guaira), <strong>el Inameh espera condiciones estables, con cielos despejados y temperaturas entre los 30 \u00b0C y 17 \u00b0C.<\/strong><\/p>\n<h2 id=\"que-es-una-vaguada-monzonica-y-vientos-alisios\" class=\"rb-heading-index-0-827814 wp-block-heading\"><strong>\u00bfQu\u00e9 es una vaguada monz\u00f3nica y vientos alisios?<\/strong><\/h2>\n<p>El ente meteorol\u00f3gico explic\u00f3 que <strong>la Zona de Convergencia Intertropical es un cintur\u00f3n de bajas presiones que rodea el planeta cerca del ecuador<\/strong>donde convergen los vientos de ambos hemisferios y se le considera la principal responsable de las lluvias en Venezuela.<\/p>\n<p><strong>Mientras que una vaguada monz\u00f3nica, es una extensi\u00f3n de esta zona que presenta una inestabilidad m\u00e1s pronunciada<\/strong>debido a que su presencia favorece la formaci\u00f3n de lluvias m\u00e1s intensas.<\/p>\n<p>Los vientos alisios, por su parte, <strong>son corrientes de aire constantes que se dirigen desde las zonas subtropicales hacia la zona del ecuador<\/strong> y tienen como funci\u00f3n principal aportar la humedad necesaria a la Zona de Convergencia Intertropical.<\/p>\n<figure class=\"wp-block-image size-large\"><picture loading=\"lazy\" decoding=\"async\" class=\"wp-image-790325\"><source type=\"image\/webp\" sizes=\"(max-width: 1200px) 100vw, 1200px\" nitro-lazy-srcset=\"https:\/\/eldiario.com\/nitropack_static\/DWpklAePbJBFiBKvuTtiGMLbtJlHUqWt\/assets\/images\/optimized\/rev-4610e21\/eldiario.com\/wp-content\/uploads\/2025\/05\/Foto-3-1200x800.jpg.webp 1200w, https:\/\/eldiario.com\/nitropack_static\/DWpklAePbJBFiBKvuTtiGMLbtJlHUqWt\/assets\/images\/optimized\/rev-4610e21\/eldiario.com\/wp-content\/uploads\/2025\/05\/Foto-3-300x200.jpg.webp 300w, https:\/\/eldiario.com\/nitropack_static\/DWpklAePbJBFiBKvuTtiGMLbtJlHUqWt\/assets\/images\/optimized\/rev-4610e21\/eldiario.com\/wp-content\/uploads\/2025\/05\/Foto-3-768x512.jpg.webp 768w, https:\/\/eldiario.com\/nitropack_static\/DWpklAePbJBFiBKvuTtiGMLbtJlHUqWt\/assets\/images\/optimized\/rev-4610e21\/eldiario.com\/wp-content\/uploads\/2025\/05\/Foto-3-1536x1024.jpg.webp 1536w, https:\/\/eldiario.com\/nitropack_static\/DWpklAePbJBFiBKvuTtiGMLbtJlHUqWt\/assets\/images\/optimized\/rev-4610e21\/eldiario.com\/wp-content\/uploads\/2025\/05\/Foto-3-330x220.jpg.webp 330w, https:\/\/eldiario.com\/nitropack_static\/DWpklAePbJBFiBKvuTtiGMLbtJlHUqWt\/assets\/images\/optimized\/rev-4610e21\/eldiario.com\/wp-content\/uploads\/2025\/05\/Foto-3-420x280.jpg.webp 420w, https:\/\/eldiario.com\/nitropack_static\/DWpklAePbJBFiBKvuTtiGMLbtJlHUqWt\/assets\/images\/optimized\/rev-4610e21\/eldiario.com\/wp-content\/uploads\/2025\/05\/Foto-3-615x410.jpg.webp 615w, https:\/\/eldiario.com\/nitropack_static\/DWpklAePbJBFiBKvuTtiGMLbtJlHUqWt\/assets\/images\/optimized\/rev-4610e21\/eldiario.com\/wp-content\/uploads\/2025\/05\/Foto-3-860x574.jpg.webp 860w, https:\/\/eldiario.com\/nitropack_static\/DWpklAePbJBFiBKvuTtiGMLbtJlHUqWt\/assets\/images\/optimized\/rev-4610e21\/eldiario.com\/wp-content\/uploads\/2025\/05\/Foto-3-150x100.jpg.webp 150w, https:\/\/eldiario.com\/nitropack_static\/DWpklAePbJBFiBKvuTtiGMLbtJlHUqWt\/assets\/images\/optimized\/rev-4610e21\/eldiario.com\/wp-content\/uploads\/2025\/05\/Foto-3.jpg.webp 1600w\" nitro-lazy-empty=\"\" id=\"ODQwOjg1NQ==-1\" srcset=\"data:image\/svg+xml;nitro-empty-id=ODQwOjg1NQ==-1;base64,PHN2ZyB2aWV3Qm94PSIwIDAgMTIwMCA4MDAiIHdpZHRoPSIxMjAwIiBoZWlnaHQ9IjgwMCIgeG1sbnM9Imh0dHA6Ly93d3cudzMub3JnLzIwMDAvc3ZnIj48L3N2Zz4=\"\/><img loading=\"lazy\" width=\"1200\" height=\"800\" alt=\"Inameh prev\u00e9 aumento de las lluvias esta semana en varios estados del pa\u00eds\" sizes=\"auto, (max-width: 1200px) 100vw, 1200px\" srcset=\"https:\/\/eldiario.com\/nitropack_static\/DWpklAePbJBFiBKvuTtiGMLbtJlHUqWt\/assets\/images\/optimized\/rev-4610e21\/eldiario.com\/wp-content\/uploads\/2025\/05\/Foto-3-1200x800.jpg 1200w, https:\/\/eldiario.com\/nitropack_static\/DWpklAePbJBFiBKvuTtiGMLbtJlHUqWt\/assets\/images\/optimized\/rev-4610e21\/eldiario.com\/wp-content\/uploads\/2025\/05\/Foto-3-300x200.jpg 300w, https:\/\/eldiario.com\/nitropack_static\/DWpklAePbJBFiBKvuTtiGMLbtJlHUqWt\/assets\/images\/optimized\/rev-4610e21\/eldiario.com\/wp-content\/uploads\/2025\/05\/Foto-3-768x512.jpg 768w, https:\/\/eldiario.com\/nitropack_static\/DWpklAePbJBFiBKvuTtiGMLbtJlHUqWt\/assets\/images\/optimized\/rev-4610e21\/eldiario.com\/wp-content\/uploads\/2025\/05\/Foto-3-1536x1024.jpg 1536w, https:\/\/eldiario.com\/nitropack_static\/DWpklAePbJBFiBKvuTtiGMLbtJlHUqWt\/assets\/images\/optimized\/rev-4610e21\/eldiario.com\/wp-content\/uploads\/2025\/05\/Foto-3-330x220.jpg 330w, https:\/\/eldiario.com\/nitropack_static\/DWpklAePbJBFiBKvuTtiGMLbtJlHUqWt\/assets\/images\/optimized\/rev-4610e21\/eldiario.com\/wp-content\/uploads\/2025\/05\/Foto-3-420x280.jpg 420w, https:\/\/eldiario.com\/nitropack_static\/DWpklAePbJBFiBKvuTtiGMLbtJlHUqWt\/assets\/images\/optimized\/rev-4610e21\/eldiario.com\/wp-content\/uploads\/2025\/05\/Foto-3-615x410.jpg 615w, https:\/\/eldiario.com\/nitropack_static\/DWpklAePbJBFiBKvuTtiGMLbtJlHUqWt\/assets\/images\/optimized\/rev-4610e21\/eldiario.com\/wp-content\/uploads\/2025\/05\/Foto-3-860x574.jpg 860w, https:\/\/eldiario.com\/nitropack_static\/DWpklAePbJBFiBKvuTtiGMLbtJlHUqWt\/assets\/images\/optimized\/rev-4610e21\/eldiario.com\/wp-content\/uploads\/2025\/05\/Foto-3-150x100.jpg 150w, https:\/\/eldiario.com\/nitropack_static\/DWpklAePbJBFiBKvuTtiGMLbtJlHUqWt\/assets\/images\/optimized\/rev-4610e21\/eldiario.com\/wp-content\/uploads\/2025\/05\/Foto-3.jpg 1600w\" src=\"https:\/\/eldiario.com\/nitropack_static\/DWpklAePbJBFiBKvuTtiGMLbtJlHUqWt\/assets\/images\/optimized\/rev-4610e21\/eldiario.com\/wp-content\/uploads\/2025\/05\/Foto-3-1200x800.jpg\" class=\"nitro-lazy\" decoding=\"async\" nitro-lazy-empty=\"\" id=\"ODQxOjk5OQ==-1\"\/> <\/picture><figcaption class=\"wp-element-caption\">Foto: Unsplash<\/figcaption><\/figure>\n<h2 id=\"lluvias-en-venezuela\" class=\"rb-heading-index-1-827814 wp-block-heading\"><strong>Lluvias en Venezuela<\/strong><\/h2>\n<p>Gabriela Jim\u00e9nez, ministra de Ciencia y Tecnolog\u00eda de Venezuela, inform\u00f3 el 9 de octubre que<strong> en el pa\u00eds se han registrado al menos 300 % m\u00e1s de lluvias de lo que se esperaba en 2025. <\/strong><\/p>\n<p>\u201cProducto de este aumento de lluvias e inundaciones que afectaron a m\u00e1s de 7.000 familias venezolanas, vemos incrementos tambi\u00e9n en la proliferaci\u00f3n de vectores con enfermedades asociadas, como consecuencia de lo que se denomina cambio clim\u00e1tico, crisis clim\u00e1tica, emergencia clim\u00e1tica\u201d, dijo Jim\u00e9nez.<\/p>\n<p><strong>Las precipitaciones, que comenzaron a finales de junio, han dejado da\u00f1os en gran parte del occidente venezolano<\/strong>entre ellos los estados Barinas, T\u00e1chira, Trujillo, M\u00e9rida y Portuguesa. Tambi\u00e9n han afectado localidades del estado Bol\u00edvar y Gu\u00e1rico.<\/p>\n<p><strong>Estas lluvias fueron provocadas por 51 ondas tropicales que han entrado al territorio venezolano desde mayo de 2025<\/strong>. De acuerdo con el presidente del Inameh, Reidy Zambrano, se esperan entre 50 a 66 ondas tropicales hasta el 30 de noviembre.<\/p>\n<\/p><\/div>\n<p><script async src=\"\/\/www.instagram.com\/embed.js\"><\/script><br \/>\n<br \/>\n","protected":false},"excerpt":{"rendered":"<p>El Instituto Nacional de Meteorolog\u00eda e Hidrolog\u00eda (Inameh) pronostic\u00f3 para el 14 de noviembre nubosidad parcial en varios estados de Venezuela. \u00bfQu\u00e9 es una vaguada monz\u00f3nica y vientos alisios? Lluvias en Venezuela La presencia de mantos nubosos que generar\u00e1n lluvias de intensidad variable durante la tarde y la noche afectar\u00e1 a Bol\u00edvar, Amazonas, la regi\u00f3n &hellip;<\/p>\n","protected":false},"author":1,"featured_media":49924,"comment_status":"open","ping_status":"open","sticky":false,"template":"","format":"standard","meta":{"fifu_image_url":"https:\/\/eldiario.com\/wp-content\/uploads\/2025\/08\/lluvias-scaled-e1763130041351.jpg","fifu_image_alt":"","footnotes":""},"categories":[13],"tags":[],"class_list":["post-49922","post","type-post","status-publish","format-standard","has-post-thumbnail","","category-mundo"],"_links":{"self":[{"href":"https:\/\/noticiasveraces.com\/index.php?rest_route=\/wp\/v2\/posts\/49922","targetHints":{"allow":["GET"]}}],"collection":[{"href":"https:\/\/noticiasveraces.com\/index.php?rest_route=\/wp\/v2\/posts"}],"about":[{"href":"https:\/\/noticiasveraces.com\/index.php?rest_route=\/wp\/v2\/types\/post"}],"author":[{"embeddable":true,"href":"https:\/\/noticiasveraces.com\/index.php?rest_route=\/wp\/v2\/users\/1"}],"replies":[{"embeddable":true,"href":"https:\/\/noticiasveraces.com\/index.php?rest_route=%2Fwp%2Fv2%2Fcomments&post=49922"}],"version-history":[{"count":0,"href":"https:\/\/noticiasveraces.com\/index.php?rest_route=\/wp\/v2\/posts\/49922\/revisions"}],"wp:featuredmedia":[{"embeddable":true,"href":"https:\/\/noticiasveraces.com\/index.php?rest_route=\/wp\/v2\/media\/49924"}],"wp:attachment":[{"href":"https:\/\/noticiasveraces.com\/index.php?rest_route=%2Fwp%2Fv2%2Fmedia&parent=49922"}],"wp:term":[{"taxonomy":"category","embeddable":true,"href":"https:\/\/noticiasveraces.com\/index.php?rest_route=%2Fwp%2Fv2%2Fcategories&post=49922"},{"taxonomy":"post_tag","embeddable":true,"href":"https:\/\/noticiasveraces.com\/index.php?rest_route=%2Fwp%2Fv2%2Ftags&post=49922"}],"curies":[{"name":"wp","href":"https:\/\/api.w.org\/{rel}","templated":true}]}}