{"id":49904,"date":"2025-11-14T15:42:12","date_gmt":"2025-11-14T19:42:12","guid":{"rendered":"https:\/\/noticiasveraces.com\/?p=49904"},"modified":"2025-11-14T15:42:12","modified_gmt":"2025-11-14T19:42:12","slug":"madres-y-jovenes-muestran-que-el-futuro-no-puede-esperar-correo-del-caroni","status":"publish","type":"post","link":"https:\/\/noticiasveraces.com\/?p=49904","title":{"rendered":"madres y j\u00f3venes muestran que el futuro no puede esperar \u2013 Correo del Caron\u00ed"},"content":{"rendered":"<p> \n<\/p>\n<div>\n<p>Ellas llegaron a la COP30 con m\u00e1s que discursos: presentaron experiencias concretas sobre c\u00f3mo la crisis clim\u00e1tica ya afecta la vida cotidiana de ni\u00f1as, ni\u00f1os y madres en distintas regiones de Brasil. En la mesa organizada por el Instituto Alana, en colaboraci\u00f3n con la red global Our Kids Climate, participantes de diferentes or\u00edgenes -desde la Amazon\u00eda hasta el sur de Brasil- destacaron el papel de la infancia y la juventud en las respuestas a la emergencia clim\u00e1tica. El debate, centrado en la protecci\u00f3n de derechos, evidenci\u00f3 que las nuevas generaciones no quieren ser solo recordadas en las promesas de futuro: ya est\u00e1n en el centro de las consecuencias y de las acciones del presente.<\/p>\n<p>La sesi\u00f3n comenz\u00f3 con la intervenci\u00f3n de Maya Mailer, cofundadora y codirectora del movimiento Mothers Rise Up e integrante de Our Kids Climate. \u201cVivimos en un mundo polarizado, a veces aterrador, pero traemos un superpoder a esta COP: el poder del amor y del cuidado que sentimos por nuestros hijos y por todas las ni\u00f1as y ni\u00f1os\u201d, afirm\u00f3.<\/p>\n<p>Entre los testimonios presentados, destac\u00f3 el de Mariana Menezes, madre y empresaria del movimiento Familias por el Clima, quien relat\u00f3 las inundaciones ocurridas en R\u00edo Grande do Sul en mayo de 2024, que afectaron a varias ciudades y dejaron a miles de personas sin hogar. \u201cCuando fui rescatada en helic\u00f3ptero del tejado donde mi familia y yo est\u00e1bamos atrapados, sent\u00ed rabia. Rabia al darme cuenta de lo poco preparados que estamos para enfrentar la crisis clim\u00e1tica\u201d, cont\u00f3.<\/p>\n<p>Vecina de Eldorado do Sul, una de las ciudades m\u00e1s afectadas, Mariana describi\u00f3 las p\u00e9rdidas humanas y materiales causadas por la tragedia y critic\u00f3 la lentitud de la respuesta p\u00fablica. \u201cPagamos el precio de la crisis con el sufrimiento de nuestras familias y tambi\u00e9n con lo m\u00e1s valioso que tenemos: nuestra esperanza. Sigo enfadada porque los cambios no ocurren a la velocidad que la realidad exige\u201d, afirm\u00f3.<\/p>\n<p>Tambi\u00e9n participante del panel, la joven ind\u00edgena Taissa Kambeba, de 15 a\u00f1os, del estado de Mato Grosso, present\u00f3 una perspectiva proveniente de los territorios tradicionales. En su tercera conferencia sobre el clima, cont\u00f3 que creci\u00f3 acompa\u00f1ando el activismo de sus padres y que hoy act\u00faa en defensa de la demarcaci\u00f3n de su territorio.<\/p>\n<p>\u201cDesde peque\u00f1a aprend\u00ed a luchar. Enfrento el racismo cuando salgo de mi territorio para estudiar, pero sigo resistiendo porque quiero que las pr\u00f3ximas generaciones no pasen por lo que yo pas\u00e9\u201d, afirm\u00f3.<\/p>\n<p>Taissa destac\u00f3 la importancia de mantener viva la lengua y la cultura de su pueblo, a menudo amenazadas. \u201cYa dijeron que nuestro pueblo y nuestra lengua hab\u00edan desaparecido, pero seguimos existiendo. La selva es mi territorio, y el cambio clim\u00e1tico tiene todo que ver con \u00e9l. Estoy aqu\u00ed para recordar que resistir tambi\u00e9n es una forma de existir\u201d.<\/p>\n<p>Desde otro punto de la Amazon\u00eda, La\u00eds Fleury, directora de Relaciones Institucionales del Instituto Alana, ofreci\u00f3 una reflexi\u00f3n sobre los desaf\u00edos que enfrentan las familias y las ni\u00f1as y ni\u00f1os en las ciudades amaz\u00f3nicas, donde los impactos ambientales tambi\u00e9n se intensifican. Madre de Elena describi\u00f3 la contradicci\u00f3n de vivir rodeada de r\u00edos y no poder disfrutarlos.<\/p>\n<p>\u201cMi hija quiz\u00e1 nunca pueda jugar en las aguas donde yo crec\u00ed. Casi todos nuestros r\u00edos est\u00e1n contaminados, y hasta el aire que respiramos es de mala calidad. Lo peor es que no contamos con datos suficientes para medir el impacto de todo esto, y sin datos no hay manera de exigir derechos\u201d, afirm\u00f3.<\/p>\n<p>La\u00eds defendi\u00f3 el derecho de las ni\u00f1as y ni\u00f1os amaz\u00f3nicos a un ambiente saludable y destac\u00f3 la importancia de la movilizaci\u00f3n local y del papel de las madres en los procesos de transformaci\u00f3n. \u201cEstar aqu\u00ed es una forma de garantizar que la Amazon\u00eda urbana tambi\u00e9n sea escuchada. Queremos aire limpio, r\u00edos limpios y el derecho a mantener viva nuestra relaci\u00f3n con la naturaleza\u201d.<\/p>\n<p>A continuaci\u00f3n, la joven Catarina Lorenzo, de 18 a\u00f1os, originaria de Bah\u00eda e integrante del programa Children for Nature Fellowship, de la Universidad de Florida, destac\u00f3 el papel de la familia y de las nuevas generaciones en el activismo clim\u00e1tico. \u201cNo importa la edad, el g\u00e9nero o el origen. Si so\u00f1amos, podemos hacerlo realidad. Estoy aqu\u00ed porque mi madre me ense\u00f1\u00f3 a actuar por m\u00ed misma y a luchar por lo que creo\u201d.<\/p>\n<p>Para ella, el futuro de las pol\u00edticas clim\u00e1ticas depende de la escucha y de la inclusi\u00f3n efectiva de las ni\u00f1as, ni\u00f1os y j\u00f3venes en los espacios de decisi\u00f3n. \u201cSomos las m\u00e1s afectadas, pero tambi\u00e9n parte de la soluci\u00f3n. Queremos ser vistas como prioridad en las decisiones\u201d.<\/p>\n<p class=\"has-medium-font-size\"><strong>Representaci\u00f3n infantil y juvenil va m\u00e1s all\u00e1 de la simbolog\u00eda<\/strong><\/p>\n<p>Despu\u00e9s de la mesa organizada por el Instituto Alana, La\u00eds Fleury analiz\u00f3 los avances en la participaci\u00f3n de ni\u00f1as, ni\u00f1os y adolescentes en las conferencias clim\u00e1ticas, y la importancia de la juventud y de esta agenda para la conferencia.<\/p>\n<p>\u201cCreo que la participaci\u00f3n de las ni\u00f1as y los ni\u00f1os en esta COP est\u00e1 siendo cada vez m\u00e1s activa. Hoy tenemos mil millones de ni\u00f1as y ni\u00f1os que viven en pa\u00edses de riesgo extremo. Hicimos un mapeo y hay 126 ni\u00f1as y ni\u00f1os participando, y creo que ya tenemos algunos hitos en esta COP que traen la perspectiva de que esta es la COP de las ni\u00f1as y los ni\u00f1os\u201d.<\/p>\n<p>M\u00e1s all\u00e1 de la declaraci\u00f3n, el contexto confirma el cambio. Estudios muestran que 56 de los 64 pa\u00edses que presentaron sus Contribuciones Determinadas a Nivel Nacional (NDC) mencionaron formalmente los derechos de ni\u00f1as, ni\u00f1os y j\u00f3venes, s decir, cerca del 88% de ellos. Adem\u00e1s, en Brasil existe un reconocimiento institucional de que la infancia y la adolescencia son prioridad en las pol\u00edticas de adaptaci\u00f3n clim\u00e1tica.<\/p>\n<p>La\u00eds tambi\u00e9n subray\u00f3 que, en Brasil y en el mundo, las ni\u00f1as y los ni\u00f1os deben dejar de ser vistos solo como v\u00edctimas de la crisis clim\u00e1tica para ser considerados agentes de soluci\u00f3n. \u201cLas ni\u00f1as y los ni\u00f1os son sujetos de derechos. No solo est\u00e1n impactados, tambi\u00e9n deben formar parte de las soluciones. Tienen mucho que decir, mucho que compartir y son parte de la soluci\u00f3n\u201d.<\/p>\n<p>Este planteamiento cobra fuerza si se considera que, en el ciclo anterior de compromisos clim\u00e1ticos, la presencia infantil y juvenil en la elaboraci\u00f3n de planes nacionales era poco sistem\u00e1tica. El avance registrado indica que, en la COP30, existe un entorno m\u00e1s propicio para que las voces de la infancia y la adolescencia pasen del p\u00fablico a la mesa de decisi\u00f3n.<\/p>\n<p class=\"has-medium-font-size\"><strong>Ni\u00f1as en el centro de la soluci\u00f3n clim\u00e1tica<\/strong><\/p>\n<p>La ampliaci\u00f3n de la participaci\u00f3n infantil y juvenil se\u00f1alada por La\u00eds Fleury tambi\u00e9n encuentra eco en un movimiento paralelo: el fortalecimiento de la presencia de las ni\u00f1as en los espacios de decisi\u00f3n sobre el clima. Durante la mesa, D\u00e9borah De Mari, fundadora de For\u00e7a Meninas, destac\u00f3 que la desigualdad de g\u00e9nero se manifiesta con fuerza en las emergencias clim\u00e1ticas, afectando con mayor severidad a las ni\u00f1as en situaci\u00f3n de vulnerabilidad.<\/p>\n<p>\u201cLas ni\u00f1as ser\u00e1n las m\u00e1s afectadas por la crisis clim\u00e1tica, sobre todo aquellas que viven en contextos de vulnerabilidad. Pero ver a ni\u00f1as conscientes de sus territorios, dispuestas a pensar soluciones, es crucial para construir nuevos futuros\u201d, afirm\u00f3.<\/p>\n<p>Para D\u00e9borah, incluir a las ni\u00f1as en los debates ambientales es esencial no solo por la representatividad, sino porque ampl\u00eda el repertorio de soluciones posibles. \u201cEs importante que sean escuchadas para que otras ni\u00f1as tambi\u00e9n se reconozcan como parte de sus territorios y como agentes de cambio y transformaci\u00f3n\u201d, explic\u00f3.<\/p>\n<p>For\u00e7a Meninas desarrolla programas de formaci\u00f3n dirigidos a escuelas p\u00fablicas, con foco en ciencia, tecnolog\u00eda e innovaci\u00f3n, creando oportunidades concretas de inclusi\u00f3n social y econ\u00f3mica. \u201cNo basta con concientizar; es necesario crear oportunidades. Las ni\u00f1as no son el centro de la crisis, son el centro de la soluci\u00f3n\u201d, concluy\u00f3.<\/p>\n<p>Juntas, estas voces reafirman que la COP de las ni\u00f1as y los ni\u00f1os tiene rostro de ni\u00f1a. Una conferencia en la que el cuidado y la equidad se consolidan como parte fundamental de las soluciones para el planeta. Esta nota fue producida por Amaz\u00f4nia Vox en el marco de la Cobertura Colaborativa Socioambiental de la COP30.<\/p>\n<\/p><\/div>\n\n","protected":false},"excerpt":{"rendered":"<p>Ellas llegaron a la COP30 con m\u00e1s que discursos: presentaron experiencias concretas sobre c\u00f3mo la crisis clim\u00e1tica ya afecta la vida cotidiana de ni\u00f1as, ni\u00f1os y madres en distintas regiones de Brasil. En la mesa organizada por el Instituto Alana, en colaboraci\u00f3n con la red global Our Kids Climate, participantes de diferentes or\u00edgenes -desde la &hellip;<\/p>\n","protected":false},"author":1,"featured_media":49905,"comment_status":"open","ping_status":"open","sticky":false,"template":"","format":"standard","meta":{"fifu_image_url":"https:\/\/correodelcaroni.com\/wp-content\/uploads\/2025\/11\/COP30_Ninos.jpg","fifu_image_alt":"","footnotes":""},"categories":[13],"tags":[],"class_list":["post-49904","post","type-post","status-publish","format-standard","has-post-thumbnail","","category-mundo"],"_links":{"self":[{"href":"https:\/\/noticiasveraces.com\/index.php?rest_route=\/wp\/v2\/posts\/49904","targetHints":{"allow":["GET"]}}],"collection":[{"href":"https:\/\/noticiasveraces.com\/index.php?rest_route=\/wp\/v2\/posts"}],"about":[{"href":"https:\/\/noticiasveraces.com\/index.php?rest_route=\/wp\/v2\/types\/post"}],"author":[{"embeddable":true,"href":"https:\/\/noticiasveraces.com\/index.php?rest_route=\/wp\/v2\/users\/1"}],"replies":[{"embeddable":true,"href":"https:\/\/noticiasveraces.com\/index.php?rest_route=%2Fwp%2Fv2%2Fcomments&post=49904"}],"version-history":[{"count":0,"href":"https:\/\/noticiasveraces.com\/index.php?rest_route=\/wp\/v2\/posts\/49904\/revisions"}],"wp:featuredmedia":[{"embeddable":true,"href":"https:\/\/noticiasveraces.com\/index.php?rest_route=\/wp\/v2\/media\/49905"}],"wp:attachment":[{"href":"https:\/\/noticiasveraces.com\/index.php?rest_route=%2Fwp%2Fv2%2Fmedia&parent=49904"}],"wp:term":[{"taxonomy":"category","embeddable":true,"href":"https:\/\/noticiasveraces.com\/index.php?rest_route=%2Fwp%2Fv2%2Fcategories&post=49904"},{"taxonomy":"post_tag","embeddable":true,"href":"https:\/\/noticiasveraces.com\/index.php?rest_route=%2Fwp%2Fv2%2Ftags&post=49904"}],"curies":[{"name":"wp","href":"https:\/\/api.w.org\/{rel}","templated":true}]}}