{"id":49896,"date":"2025-11-14T15:11:01","date_gmt":"2025-11-14T19:11:01","guid":{"rendered":"https:\/\/noticiasveraces.com\/?p=49896"},"modified":"2025-11-14T15:11:01","modified_gmt":"2025-11-14T19:11:01","slug":"rene-higuita-entro-al-salon-de-la-fama-del-futbol-internacional-fue-homenajeado-en-pachuca-curiosidades-de-futbol","status":"publish","type":"post","link":"https:\/\/noticiasveraces.com\/?p=49896","title":{"rendered":"Ren\u00e9 Higuita entr\u00f3 al Sal\u00f3n de la Fama del f\u00fatbol internacional: fue homenajeado en Pachuca | Curiosidades de f\u00fatbol"},"content":{"rendered":"<p> \n<br \/><img decoding=\"async\" src=\"https:\/\/www.futbolred.com\/files\/article_graphic\/uploads\/2023\/04\/27\/644aef2f4b490.jpeg\" \/><\/p>\n<div id=\"cuerpoArticulo\">\n<p class=\"texto intro cnx-companion-firstparagraph\" id=\"p258542-m518-517-519\">Durante el martes 11 de noviembre en la ciudad de Pachuca, M\u00e9xico, se dio la edici\u00f3n 13\u00b0 del <b>Sal\u00f3n de la Fama del f\u00fatbol internacional <\/b>y all\u00ed fueron homenajeadas 15 figuras de varias nacionalidades que han dejado huella en la historia del deporte. <\/p>\n<p>Entre los homenajeados estuvo el colombiano <b>Ren\u00e9 Higuita<\/b>m\u00edtico arquero de la Selecci\u00f3n Colombia y con un buen paso en el f\u00fatbol profesional colombiano donde gan\u00f3 la Copa Libertadores 1989 con Atl\u00e9tico Nacional.  <\/p>\n<p>Higuita al igual que el resto de las leyendas dio un emotivo discurso y se mostr\u00f3 honrado por el homenaje: \u201cIngresar al Sal\u00f3n de la Fama del F\u00fatbol Internacional es uno de los m\u00e1ximos honores de mi vida\u201d, dijo de inicio.<\/p>\n<p class=\"texto contenido-parrafo-articulo cnx-companion-paragraph\" id=\"p258542-m594-3-595\">\u201cEstoy un poco nervioso. Es mejor estar en un terreno de juego con cien mil espectadores. Este escenario intimida. La incredulidad me invade. Estoy en un lugar por donde han pasado figuras como Beckham, Beckenbauer, Hugo S\u00e1nchez, Maradona, Zico, Javier Aguirre, Cruyff, Valdano, Platini, Pel\u00e9 y Zidane, entre otros\u201d, complement\u00f3.  <\/p>\n<p>Aparte de Higuita, fueron introducidos al Sal\u00f3n de la Fama nombres como los de Iker Casillas, Dunga, Gary Lineker, Ronald Koeman, Diego Forl\u00e1n, Ubaldo Fillol y Bernardo \u2018Manolete\u2019 Hern\u00e1ndez. Adem\u00e1s, fue homenajeado Ignacio Ambriz, t\u00e9cnico de James Rodr\u00edguez en Le\u00f3n.<\/p>\n<\/div>\n\n","protected":false},"excerpt":{"rendered":"<p>Durante el martes 11 de noviembre en la ciudad de Pachuca, M\u00e9xico, se dio la edici\u00f3n 13\u00b0 del Sal\u00f3n de la Fama del f\u00fatbol internacional y all\u00ed fueron homenajeadas 15 figuras de varias nacionalidades que han dejado huella en la historia del deporte. Entre los homenajeados estuvo el colombiano Ren\u00e9 Higuitam\u00edtico arquero de la Selecci\u00f3n &hellip;<\/p>\n","protected":false},"author":1,"featured_media":49898,"comment_status":"open","ping_status":"open","sticky":false,"template":"","format":"standard","meta":{"fifu_image_url":"https:\/\/www.futbolred.com\/files\/og_thumbnail\/uploads\/2023\/04\/27\/644aef2f4b490.jpeg","fifu_image_alt":"","footnotes":""},"categories":[6],"tags":[],"class_list":["post-49896","post","type-post","status-publish","format-standard","has-post-thumbnail","","category-deportes"],"_links":{"self":[{"href":"https:\/\/noticiasveraces.com\/index.php?rest_route=\/wp\/v2\/posts\/49896","targetHints":{"allow":["GET"]}}],"collection":[{"href":"https:\/\/noticiasveraces.com\/index.php?rest_route=\/wp\/v2\/posts"}],"about":[{"href":"https:\/\/noticiasveraces.com\/index.php?rest_route=\/wp\/v2\/types\/post"}],"author":[{"embeddable":true,"href":"https:\/\/noticiasveraces.com\/index.php?rest_route=\/wp\/v2\/users\/1"}],"replies":[{"embeddable":true,"href":"https:\/\/noticiasveraces.com\/index.php?rest_route=%2Fwp%2Fv2%2Fcomments&post=49896"}],"version-history":[{"count":0,"href":"https:\/\/noticiasveraces.com\/index.php?rest_route=\/wp\/v2\/posts\/49896\/revisions"}],"wp:featuredmedia":[{"embeddable":true,"href":"https:\/\/noticiasveraces.com\/index.php?rest_route=\/wp\/v2\/media\/49898"}],"wp:attachment":[{"href":"https:\/\/noticiasveraces.com\/index.php?rest_route=%2Fwp%2Fv2%2Fmedia&parent=49896"}],"wp:term":[{"taxonomy":"category","embeddable":true,"href":"https:\/\/noticiasveraces.com\/index.php?rest_route=%2Fwp%2Fv2%2Fcategories&post=49896"},{"taxonomy":"post_tag","embeddable":true,"href":"https:\/\/noticiasveraces.com\/index.php?rest_route=%2Fwp%2Fv2%2Ftags&post=49896"}],"curies":[{"name":"wp","href":"https:\/\/api.w.org\/{rel}","templated":true}]}}