{"id":49838,"date":"2025-11-14T04:47:43","date_gmt":"2025-11-14T08:47:43","guid":{"rendered":"https:\/\/noticiasveraces.com\/?p=49838"},"modified":"2025-11-14T04:47:43","modified_gmt":"2025-11-14T08:47:43","slug":"casi-1-de-cada-10-casos-de-terrorismo-del-csis-involucran-a-menores-en-medio-del-extremismo-en-linea","status":"publish","type":"post","link":"https:\/\/noticiasveraces.com\/?p=49838","title":{"rendered":"Casi 1 de cada 10 casos de terrorismo del CSIS involucran a menores en medio del extremismo en l\u00ednea"},"content":{"rendered":"<p> \n<\/p>\n<div>\n<div id=\"beyondwords-wrapper\" class=\"beyondwords-wrapper\">\n<p><span class=\"label-bg\">NUEVO<\/span>\u00a1Ahora puedes escuchar los art\u00edculos de Fox News!\n  <\/p>\n<\/div>\n<p class=\"speakable\">El director del Servicio Canadiense de Inteligencia de Seguridad (CSIS), Daniel Rogers, durante una inusual aparici\u00f3n p\u00fablica el jueves, dijo que casi una de cada 10 de las investigaciones sobre terrorismo de la agencia incluye al menos a una persona menor de 18 a\u00f1os, una tendencia alarmante impulsada por el extremismo en l\u00ednea.<\/p>\n<p class=\"speakable\">Desde 2014, ha habido casi dos docenas de ataques extremistas violentos en Canad\u00e1 que han causado 29 muertos y al menos 60 heridos, seg\u00fan Rogers.<\/p>\n<p>Lo preocupante, dijo, es que casi una de cada diez investigaciones de terrorismo en el CSIS, la agencia de espionaje nacional del pa\u00eds, incluye al menos un \u00absujeto de investigaci\u00f3n\u00bb menor de 18 a\u00f1os.<\/p>\n<p>En agosto, un menor fue arrestado en Montreal por supuestamente planear un ataque en nombre del grupo terrorista Daesh, seg\u00fan Rogers.<\/p>\n<div class=\"image-ct inline\">\n<div class=\"m\"><picture><source media=\"(max-width: 767px)\" srcset=\"https:\/\/a57.foxnews.com\/static.foxnews.com\/foxnews.com\/content\/uploads\/2025\/11\/343\/192\/csis-director-dan-rogers.jpg?ve=1&amp;tl=1, https:\/\/a57.foxnews.com\/static.foxnews.com\/foxnews.com\/content\/uploads\/2025\/11\/686\/384\/csis-director-dan-rogers.jpg?ve=1&amp;tl=1 2x\" height=\"192\" width=\"343\"><source media=\"(min-width: 768px) and (max-width: 1023px)\" srcset=\"https:\/\/a57.foxnews.com\/static.foxnews.com\/foxnews.com\/content\/uploads\/2025\/11\/672\/378\/csis-director-dan-rogers.jpg?ve=1&amp;tl=1, https:\/\/a57.foxnews.com\/static.foxnews.com\/foxnews.com\/content\/uploads\/2025\/11\/1344\/756\/csis-director-dan-rogers.jpg?ve=1&amp;tl=1 2x\" height=\"378\" width=\"672\"><source media=\"(min-width: 1024px) and (max-width: 1279px)\" srcset=\"https:\/\/a57.foxnews.com\/static.foxnews.com\/foxnews.com\/content\/uploads\/2025\/11\/931\/523\/csis-director-dan-rogers.jpg?ve=1&amp;tl=1, https:\/\/a57.foxnews.com\/static.foxnews.com\/foxnews.com\/content\/uploads\/2025\/11\/1862\/1046\/csis-director-dan-rogers.jpg?ve=1&amp;tl=1 2x\" height=\"523\" width=\"931\"><source media=\"(min-width: 1280px)\" srcset=\"https:\/\/a57.foxnews.com\/static.foxnews.com\/foxnews.com\/content\/uploads\/2025\/11\/720\/405\/csis-director-dan-rogers.jpg?ve=1&amp;tl=1, https:\/\/a57.foxnews.com\/static.foxnews.com\/foxnews.com\/content\/uploads\/2025\/11\/1440\/810\/csis-director-dan-rogers.jpg?ve=1&amp;tl=1 2x\" height=\"405\" width=\"720\"><img loading=\"lazy\" decoding=\"async\" src=\"https:\/\/a57.foxnews.com\/static.foxnews.com\/foxnews.com\/content\/uploads\/2025\/11\/1200\/675\/csis-director-dan-rogers.jpg?ve=1&amp;tl=1\" alt=\"El director del CSIS, Dan Rogers, hablando ante un micr\u00f3fono.\" width=\"1200\" height=\"675\"\/><\/source><\/source><\/source><\/source><\/picture><\/div>\n<div class=\"info\">\n<div class=\"caption\">\n<p><span>Dan Rogers, asesor de inteligencia y seguridad nacional, pronunci\u00f3 un discurso inusual el jueves.<\/span> <span>(Reuters\/Blair Gable\/Foto de archivo)<\/span><\/p>\n<\/div>\n<\/div>\n<\/div>\n<p><strong>LA NUEVA MAFIA: TRUMP, CIVIL RICO Y LA INTIFADA GLOBAL<\/strong><\/p>\n<p>Apenas unos meses antes, un menor de 15 a\u00f1os del \u00e1rea de Edmonton fue acusado de un delito relacionado con el terrorismo, despu\u00e9s de que los investigadores de la Real Polic\u00eda Montada de Canad\u00e1 (RCMP) temieran que el adolescente cometiera violencia grave relacionada con COM\/764, una red transnacional violenta en l\u00ednea que manipula a ni\u00f1os y j\u00f3venes a trav\u00e9s de plataformas en l\u00ednea de amplio acceso.<\/p>\n<p>Rogers tambi\u00e9n se\u00f1al\u00f3 que dos j\u00f3venes de 15 a\u00f1os fueron arrestados en Ottawa por presuntamente conspirar para llevar a cabo un ataque con v\u00edctimas masivas contra la comunidad jud\u00eda en la capital de Canad\u00e1 a finales de 2023 y principios de 2024.<\/p>\n<p>\u00abClaramente, los j\u00f3venes radicalizados pueden causar los mismos da\u00f1os que los adultos radicalizados, pero el apoyo social a los j\u00f3venes puede ayudarnos a detectar la radicalizaci\u00f3n temprana y prevenirla\u00bb, afirm\u00f3 Rogers. \u00abEstas tr\u00e1gicas cifras habr\u00edan sido mayores si no fuera por las acciones disruptivas tomadas por el CSIS y nuestros socios encargados de hacer cumplir la ley\u00bb.<\/p>\n<div class=\"image-ct inline\">\n<div class=\"m\"><picture><source media=\"(max-width: 767px)\" srcset=\"https:\/\/a57.foxnews.com\/static.foxnews.com\/foxnews.com\/content\/uploads\/2022\/02\/343\/192\/IMG_3152.00_59_27_12.Still005.jpg?ve=1&amp;tl=1, https:\/\/a57.foxnews.com\/static.foxnews.com\/foxnews.com\/content\/uploads\/2022\/02\/686\/384\/IMG_3152.00_59_27_12.Still005.jpg?ve=1&amp;tl=1 2x\" height=\"192\" width=\"343\"><source media=\"(min-width: 768px) and (max-width: 1023px)\" srcset=\"https:\/\/a57.foxnews.com\/static.foxnews.com\/foxnews.com\/content\/uploads\/2022\/02\/672\/378\/IMG_3152.00_59_27_12.Still005.jpg?ve=1&amp;tl=1, https:\/\/a57.foxnews.com\/static.foxnews.com\/foxnews.com\/content\/uploads\/2022\/02\/1344\/756\/IMG_3152.00_59_27_12.Still005.jpg?ve=1&amp;tl=1 2x\" height=\"378\" width=\"672\"><source media=\"(min-width: 1024px) and (max-width: 1279px)\" srcset=\"https:\/\/a57.foxnews.com\/static.foxnews.com\/foxnews.com\/content\/uploads\/2022\/02\/931\/523\/IMG_3152.00_59_27_12.Still005.jpg?ve=1&amp;tl=1, https:\/\/a57.foxnews.com\/static.foxnews.com\/foxnews.com\/content\/uploads\/2022\/02\/1862\/1046\/IMG_3152.00_59_27_12.Still005.jpg?ve=1&amp;tl=1 2x\" height=\"523\" width=\"931\"><source media=\"(min-width: 1280px)\" srcset=\"https:\/\/a57.foxnews.com\/static.foxnews.com\/foxnews.com\/content\/uploads\/2022\/02\/720\/405\/IMG_3152.00_59_27_12.Still005.jpg?ve=1&amp;tl=1, https:\/\/a57.foxnews.com\/static.foxnews.com\/foxnews.com\/content\/uploads\/2022\/02\/1440\/810\/IMG_3152.00_59_27_12.Still005.jpg?ve=1&amp;tl=1 2x\" height=\"405\" width=\"720\"><img loading=\"lazy\" decoding=\"async\" src=\"https:\/\/a57.foxnews.com\/static.foxnews.com\/foxnews.com\/content\/uploads\/2022\/02\/1200\/675\/IMG_3152.00_59_27_12.Still005.jpg?ve=1&amp;tl=1\" alt=\"La polic\u00eda de Ottawa, Ontario, camina entre la multitud en el &quot;Convoy de la libertad&quot;\" width=\"1200\" height=\"675\"\/><\/source><\/source><\/source><\/source><\/picture><\/div>\n<div class=\"info\">\n<div class=\"caption\">\n<p><span>Las autoridades canadienses interceptaron m\u00faltiples ataques durante el \u00faltimo a\u00f1o, dijeron funcionarios.<\/span> <span>(Fox News Digital\/Lisa Bennatan)<\/span><\/p>\n<\/div>\n<\/div>\n<\/div>\n<p>El CSIS se uni\u00f3 a la RCMP y a socios de inteligencia de EE. UU., Reino Unido, Australia y Nueva Zelanda para publicar un informe p\u00fablico conjunto en diciembre, destacando la evoluci\u00f3n del problema de los j\u00f3venes y el extremismo violento. <\/p>\n<p>El informe brinda asesoramiento a padres, tutores y otras personas con informaci\u00f3n para ayudarlos a identificar inquietudes tempranas y abordar la radicalizaci\u00f3n juvenil antes de que sea demasiado tarde. <\/p>\n<p>\u00abDesde 2022, el CSIS ha estado involucrado en la interrupci\u00f3n de no menos de 24 acciones extremistas violentas, cada una de las cuales result\u00f3 en arrestos o cargos de bonos de paz por terrorismo\u00bb, dijo Rogers. \u00abEn 2024, el CSIS jug\u00f3 un papel integral en la desarticulaci\u00f3n de dos complots inspirados por Daesh. <\/p>\n<p>\u00abEn un caso, un padre y un hijo supuestamente estaban en etapas avanzadas de planificaci\u00f3n de un ataque en el \u00e1rea de Toronto. En otro, un individuo fue arrestado antes de supuestamente intentar ingresar ilegalmente a los Estados Unidos para atacar a miembros de la comunidad jud\u00eda en Nueva York. En estos ejemplos, y en muchos otros que no puedo discutir p\u00fablicamente, nuestros equipos antiterroristas se han asociado con las fuerzas del orden y han salvado vidas\u00bb.<\/p>\n<div class=\"image-ct inline\">\n<div class=\"m\"><picture><source media=\"(max-width: 767px)\" srcset=\"https:\/\/a57.foxnews.com\/static.foxnews.com\/foxnews.com\/content\/uploads\/2025\/08\/343\/192\/trout-lake-canada-mountains.jpg?ve=1&amp;tl=1, https:\/\/a57.foxnews.com\/static.foxnews.com\/foxnews.com\/content\/uploads\/2025\/08\/686\/384\/trout-lake-canada-mountains.jpg?ve=1&amp;tl=1 2x\" height=\"192\" width=\"343\"><source media=\"(min-width: 768px) and (max-width: 1023px)\" srcset=\"https:\/\/a57.foxnews.com\/static.foxnews.com\/foxnews.com\/content\/uploads\/2025\/08\/672\/378\/trout-lake-canada-mountains.jpg?ve=1&amp;tl=1, https:\/\/a57.foxnews.com\/static.foxnews.com\/foxnews.com\/content\/uploads\/2025\/08\/1344\/756\/trout-lake-canada-mountains.jpg?ve=1&amp;tl=1 2x\" height=\"378\" width=\"672\"><source media=\"(min-width: 1024px) and (max-width: 1279px)\" srcset=\"https:\/\/a57.foxnews.com\/static.foxnews.com\/foxnews.com\/content\/uploads\/2025\/08\/931\/523\/trout-lake-canada-mountains.jpg?ve=1&amp;tl=1, https:\/\/a57.foxnews.com\/static.foxnews.com\/foxnews.com\/content\/uploads\/2025\/08\/1862\/1046\/trout-lake-canada-mountains.jpg?ve=1&amp;tl=1 2x\" height=\"523\" width=\"931\"><source media=\"(min-width: 1280px)\" srcset=\"https:\/\/a57.foxnews.com\/static.foxnews.com\/foxnews.com\/content\/uploads\/2025\/08\/720\/405\/trout-lake-canada-mountains.jpg?ve=1&amp;tl=1, https:\/\/a57.foxnews.com\/static.foxnews.com\/foxnews.com\/content\/uploads\/2025\/08\/1440\/810\/trout-lake-canada-mountains.jpg?ve=1&amp;tl=1 2x\" height=\"405\" width=\"720\"><img loading=\"lazy\" decoding=\"async\" src=\"https:\/\/a57.foxnews.com\/static.foxnews.com\/foxnews.com\/content\/uploads\/2025\/08\/1200\/675\/trout-lake-canada-mountains.jpg?ve=1&amp;tl=1\" alt=\"Monta\u00f1as cerca de Trout Lake, Canad\u00e1\" width=\"1200\" height=\"675\"\/><\/source><\/source><\/source><\/source><\/picture><\/div>\n<div class=\"info\">\n<div class=\"caption\">\n<p><span>Los funcionarios canadienses dijeron que tambi\u00e9n bloquearon \u00abamenazas potencialmente letales\u00bb por parte de Ir\u00e1n.<\/span> <span>(Mert Alper Dervis\/Agencia Anadolu)<\/span><\/p>\n<\/div>\n<\/div>\n<\/div>\n<p><strong>LOS FOROS EN L\u00cdNEA &#8216;GORE&#8217; SON &#8216;PUERTA AL EXTREMISMO&#8217; EN TIROTEOS MASIVOS, NORMALIZANDO EL HORROR PARA LOS NI\u00d1OS: EXPERTOS<\/strong><\/p>\n<p>Atribuy\u00f3 la radicalizaci\u00f3n a \u00abla erosi\u00f3n de la cohesi\u00f3n social, el aumento de la polarizaci\u00f3n y los importantes acontecimientos globales\u00bb, que, seg\u00fan dijo, \u00abproporcionan un terreno f\u00e9rtil para la radicalizaci\u00f3n\u00bb.<\/p>\n<p>\u00abMuchos de los que recurren a la violencia se radicalizan exclusivamente en l\u00ednea, a menudo sin direcci\u00f3n de otros\u00bb, dijo Rogers. \u00abUsan la tecnolog\u00eda para hacerlo de forma secreta y an\u00f3nima, lo que supone un serio desaf\u00edo para la capacidad de nuestros investigadores de seguir el ritmo e identificar y prevenir actos de violencia\u00bb.<\/p>\n<p><strong>HAGA CLIC AQU\u00cd PARA DESCARGAR LA APLICACI\u00d3N FOX NEWS<\/strong><\/p>\n<p>Rogers tambi\u00e9n se\u00f1al\u00f3 que el CSIS recopila inteligencia y se defiende contra la represi\u00f3n transnacional, centr\u00e1ndose anteriormente en la represi\u00f3n transnacional por parte de la Rep\u00fablica Popular China, India y otros. <\/p>\n<p>\u00abEn casos particularmente alarmantes durante el \u00faltimo a\u00f1o, hemos tenido que cambiar la prioridad de nuestras operaciones para contrarrestar las acciones de los servicios de inteligencia iran\u00edes y sus representantes que han atacado a individuos que perciben como amenazas a su r\u00e9gimen\u00bb, dijo. \u00abEn m\u00e1s de un caso, esto implic\u00f3 detectar, investigar y desbaratar amenazas potencialmente letales contra personas en Canad\u00e1\u00bb.<\/p>\n<p> <!----> <\/p>\n<div class=\"article-meta\">\n<div class=\"author-bio\">\n<p>Alexandra Koch es periodista de Fox News Digital que cubre noticias de \u00faltima hora, centr\u00e1ndose en eventos de alto impacto que dan forma a la conversaci\u00f3n nacional.<\/p>\n<p>Ha cubierto importantes crisis nacionales, incluidos los incendios forestales de Los \u00c1ngeles, los desastres de aviaci\u00f3n de los r\u00edos Potomac y Hudson, el ataque terrorista de Boulder y las inundaciones de Texas Hill Country.<\/p>\n<\/div>\n<\/div>\n<\/div>\n\n","protected":false},"excerpt":{"rendered":"<p>NUEVO\u00a1Ahora puedes escuchar los art\u00edculos de Fox News! El director del Servicio Canadiense de Inteligencia de Seguridad (CSIS), Daniel Rogers, durante una inusual aparici\u00f3n p\u00fablica el jueves, dijo que casi una de cada 10 de las investigaciones sobre terrorismo de la agencia incluye al menos a una persona menor de 18 a\u00f1os, una tendencia alarmante &hellip;<\/p>\n","protected":false},"author":1,"featured_media":49840,"comment_status":"open","ping_status":"open","sticky":false,"template":"","format":"standard","meta":{"fifu_image_url":"https:\/\/static.foxnews.com\/foxnews.com\/content\/uploads\/2025\/11\/csis-director-dan-rogers.jpg","fifu_image_alt":"","footnotes":""},"categories":[13],"tags":[],"class_list":["post-49838","post","type-post","status-publish","format-standard","has-post-thumbnail","","category-mundo"],"_links":{"self":[{"href":"https:\/\/noticiasveraces.com\/index.php?rest_route=\/wp\/v2\/posts\/49838","targetHints":{"allow":["GET"]}}],"collection":[{"href":"https:\/\/noticiasveraces.com\/index.php?rest_route=\/wp\/v2\/posts"}],"about":[{"href":"https:\/\/noticiasveraces.com\/index.php?rest_route=\/wp\/v2\/types\/post"}],"author":[{"embeddable":true,"href":"https:\/\/noticiasveraces.com\/index.php?rest_route=\/wp\/v2\/users\/1"}],"replies":[{"embeddable":true,"href":"https:\/\/noticiasveraces.com\/index.php?rest_route=%2Fwp%2Fv2%2Fcomments&post=49838"}],"version-history":[{"count":0,"href":"https:\/\/noticiasveraces.com\/index.php?rest_route=\/wp\/v2\/posts\/49838\/revisions"}],"wp:featuredmedia":[{"embeddable":true,"href":"https:\/\/noticiasveraces.com\/index.php?rest_route=\/wp\/v2\/media\/49840"}],"wp:attachment":[{"href":"https:\/\/noticiasveraces.com\/index.php?rest_route=%2Fwp%2Fv2%2Fmedia&parent=49838"}],"wp:term":[{"taxonomy":"category","embeddable":true,"href":"https:\/\/noticiasveraces.com\/index.php?rest_route=%2Fwp%2Fv2%2Fcategories&post=49838"},{"taxonomy":"post_tag","embeddable":true,"href":"https:\/\/noticiasveraces.com\/index.php?rest_route=%2Fwp%2Fv2%2Ftags&post=49838"}],"curies":[{"name":"wp","href":"https:\/\/api.w.org\/{rel}","templated":true}]}}