{"id":49834,"date":"2025-11-14T02:52:36","date_gmt":"2025-11-14T06:52:36","guid":{"rendered":"https:\/\/noticiasveraces.com\/?p=49834"},"modified":"2025-11-14T02:52:36","modified_gmt":"2025-11-14T06:52:36","slug":"el-dulce-significado-detras-de-los-misteriosos-pendientes-de-rubies-de-76-000-libras-esterlinas-de-la-princesa-kate-real-noticias","status":"publish","type":"post","link":"https:\/\/noticiasveraces.com\/?p=49834","title":{"rendered":"El dulce significado detr\u00e1s de los misteriosos pendientes de rub\u00edes de 76.000 libras esterlinas de la princesa Kate | Real | Noticias"},"content":{"rendered":"<p> \n<\/p>\n<div>\n<p>En un momento dise\u00f1ado para recordar a los ca\u00eddos, Catherine tambi\u00e9n mostr\u00f3 c\u00f3mo el recuerdo puede ser personal, \u00edntimo y cimentado en el amor familiar.<\/p>\n<p>La princesa, de 43 a\u00f1os, apareci\u00f3 en el National Memorial Arboretum con un refinado conjunto completamente negro, combinando su abrigo de inspiraci\u00f3n militar con los llamativos aretes de rub\u00edes y diamantes que captaban la luz con cada movimiento.<\/p>\n<p>Hasta ahora, los pendientes exactos que llevaba la princesa nunca hab\u00edan sido identificados formalmente, aunque Vogue sugiri\u00f3 recientemente que son un dise\u00f1o reci\u00e9n encargado por G. Collins &#038; Sons.<\/p>\n<\/div>\n<div>\n<p>El joyero tiene un pedigr\u00ed real extraordinario: Harry Collins fue joyero personal de la difunta reina Isabel II de 2000 a 2022 y ostent\u00f3 el prestigioso t\u00edtulo de Joyero de la Corona entre 2007 y 2012, supervisando el cuidado de las Joyas de la Corona.<\/p>\n<p>A la empresa incluso se le encomend\u00f3 la recreaci\u00f3n de la corona de Enrique VIII, que ahora se exhibe en el Palacio de Hampton Court, un testimonio de su artesan\u00eda y sus antiguos v\u00ednculos reales.<\/p>\n<p>La pieza relativamente nueva solo ha hecho dos apariciones anteriores: primero durante el 80 aniversario del D\u00eda VE en mayo, y nuevamente cuando dio la bienvenida al presidente Donald Trump y a la primera dama Melania Trump en su visita de Estado al Reino Unido en septiembre.<\/p>\n<\/div>\n<div>\n<p>El experto en joyer\u00eda Maxwell Stone de los joyeros Steven Stone destac\u00f3 la importancia y la artesan\u00eda detr\u00e1s del dise\u00f1o. \u201cEl cl\u00e1sico dise\u00f1o de gota presenta un rub\u00ed vivo en el centro, rodeado por un delicado halo de diamantes, con un \u00fanico diamante en la parte superior que a\u00f1ade elegancia atemporal.<\/p>\n<p>\u00abEste estilo refinado se elige a menudo para ocasiones formales o conmemorativas, lo que hace que los pendientes sean una elecci\u00f3n adecuada para la princesa mientras conmemoraba el D\u00eda del Armisticio\u00bb, a\u00f1adi\u00f3.<\/p>\n<p>Stone tambi\u00e9n destac\u00f3 su valor en comparaci\u00f3n con dise\u00f1os reales similares. \u201cLos aretes de Kate tienen un dise\u00f1o sorprendentemente similar a un par de propiedad de Sophie, duquesa de Edimburgo, que tienen tres veces m\u00e1s rub\u00edes y valen \u00a3228,000. [$300K]. Seg\u00fan esta comparaci\u00f3n, estimar\u00eda que el valor de Kate rondar\u00eda las 76.000 libras esterlinas. [$100K].\u201d<\/p>\n<\/p>\n<\/div>\n\n","protected":false},"excerpt":{"rendered":"<p>En un momento dise\u00f1ado para recordar a los ca\u00eddos, Catherine tambi\u00e9n mostr\u00f3 c\u00f3mo el recuerdo puede ser personal, \u00edntimo y cimentado en el amor familiar. La princesa, de 43 a\u00f1os, apareci\u00f3 en el National Memorial Arboretum con un refinado conjunto completamente negro, combinando su abrigo de inspiraci\u00f3n militar con los llamativos aretes de rub\u00edes y &hellip;<\/p>\n","protected":false},"author":1,"featured_media":49835,"comment_status":"open","ping_status":"open","sticky":false,"template":"","format":"standard","meta":{"fifu_image_url":"https:\/\/cdn.images.express.co.uk\/img\/dynamic\/106\/1200x630\/6549205.jpg","fifu_image_alt":"","footnotes":""},"categories":[763],"tags":[],"class_list":["post-49834","post","type-post","status-publish","format-standard","has-post-thumbnail","","category-estilo-de-vida"],"_links":{"self":[{"href":"https:\/\/noticiasveraces.com\/index.php?rest_route=\/wp\/v2\/posts\/49834","targetHints":{"allow":["GET"]}}],"collection":[{"href":"https:\/\/noticiasveraces.com\/index.php?rest_route=\/wp\/v2\/posts"}],"about":[{"href":"https:\/\/noticiasveraces.com\/index.php?rest_route=\/wp\/v2\/types\/post"}],"author":[{"embeddable":true,"href":"https:\/\/noticiasveraces.com\/index.php?rest_route=\/wp\/v2\/users\/1"}],"replies":[{"embeddable":true,"href":"https:\/\/noticiasveraces.com\/index.php?rest_route=%2Fwp%2Fv2%2Fcomments&post=49834"}],"version-history":[{"count":0,"href":"https:\/\/noticiasveraces.com\/index.php?rest_route=\/wp\/v2\/posts\/49834\/revisions"}],"wp:featuredmedia":[{"embeddable":true,"href":"https:\/\/noticiasveraces.com\/index.php?rest_route=\/wp\/v2\/media\/49835"}],"wp:attachment":[{"href":"https:\/\/noticiasveraces.com\/index.php?rest_route=%2Fwp%2Fv2%2Fmedia&parent=49834"}],"wp:term":[{"taxonomy":"category","embeddable":true,"href":"https:\/\/noticiasveraces.com\/index.php?rest_route=%2Fwp%2Fv2%2Fcategories&post=49834"},{"taxonomy":"post_tag","embeddable":true,"href":"https:\/\/noticiasveraces.com\/index.php?rest_route=%2Fwp%2Fv2%2Ftags&post=49834"}],"curies":[{"name":"wp","href":"https:\/\/api.w.org\/{rel}","templated":true}]}}