{"id":49831,"date":"2025-11-14T02:50:11","date_gmt":"2025-11-14T06:50:11","guid":{"rendered":"https:\/\/noticiasveraces.com\/?p=49831"},"modified":"2025-11-14T02:50:11","modified_gmt":"2025-11-14T06:50:11","slug":"falcao-garcia-y-james-rodriguez-jugaran-en-colombia-para-el-partido-de-despedida-de-yepes-curiosidades-de-futbol","status":"publish","type":"post","link":"https:\/\/noticiasveraces.com\/?p=49831","title":{"rendered":"Falcao Garc\u00eda y James Rodr\u00edguez jugar\u00e1n en Colombia para el partido de despedida de Yepes | Curiosidades de f\u00fatbol"},"content":{"rendered":"<p> \n<br \/><img decoding=\"async\" src=\"https:\/\/www.futbolred.com\/files\/article_graphic\/uploads\/2024\/09\/26\/66f5827cd6b6d.jpeg\" \/><\/p>\n<div id=\"cuerpoArticulo\">\n<p class=\"texto intro cnx-companion-firstparagraph\" id=\"p258549-m563-562-564\">El exdefensor de la Selecci\u00f3n Colombia y capit\u00e1n de la tricolor en el Mundial 2014, <b>Mario Alberto Yepes<\/b> confirm\u00f3 oficialmente la realizaci\u00f3n de su partido de despedida que tendr\u00e1 lugar en la ciudad de Cali en las pr\u00f3ximas semanas.  <\/p>\n<p>El zaguero en di\u00e1logo con Caracol Radio anunci\u00f3 que ser\u00e1 un partido de leyendas donde se homenajear\u00e1 su trayectoria en primer lugar y a la vez la de varios jugadores de renombre que ir\u00e1n al partido.  <\/p>\n<p>Varios de ellos son dos de las leyendas del pa\u00eds como es el caso de <b>Radamel Falcao Garc\u00eda <\/b>y<b> James Rodr\u00edguez<\/b> que har\u00e1n parte del partido de despedida que se jugar\u00e1 en el estadio Pascual Guerrero el s\u00e1bado 20 de diciembre a las 5:00 p.m.<\/p>\n<p class=\"texto contenido-parrafo-articulo cnx-companion-paragraph\" id=\"p258549-m639-3-640\">De igual manera, confirm\u00f3 la presencia de otras leyendas colombianas como es el caso de Carlos \u2018El Pibe\u2019 Valderrama, Iv\u00e1n Ramiro C\u00f3rdoba, Ren\u00e9 Higuita, \u00d3scar C\u00f3rdoba, Fabi\u00e1n Vargas, Jhon \u2018Choronta\u2019 Restrepo, Giovanni Hern\u00e1ndez entre otros jugadores.  <\/p>\n<p>No obstante, la gran noticia es la presencia de varias leyendas de renombre a nivel internacional como es el caso de Iv\u00e1n Hurtado y Antonio Valencia (Ecuador), Javier Saviola y Ariel Ortega (Argentina), Cristian \u2018Cebolla\u2019 Rodr\u00edguez (Uruguay), el francoargentino David Trezeguet (Francia\/Argentina) y Didier Drogba (Costa de Marfil).  <\/p>\n<p>\u201cEs un homenaje que le quiero hacer a mi ciudad y quiero invitar jugadores que fueron muy importantes en mi carrera, no solo en los equipos donde estuve, sino rivales. Y sobre todo hacerle un homenaje a los \u00faltimos 5 capitanes que ha tenido Colombia, ojal\u00e1 que todo salga bien\u201d, dijo Yepes sobre el partido.  <\/p>\n<p>Finalmente, revel\u00f3 que parte de las boletas se entregar\u00e1n a patrocinadores del partido y tambi\u00e9n habr\u00e1 venta de boleter\u00eda para algunas localidades para poder hacer el espect\u00e1culo que quiere lograr en el Pascual Guerrero.<\/p>\n<\/div>\n\n","protected":false},"excerpt":{"rendered":"<p>El exdefensor de la Selecci\u00f3n Colombia y capit\u00e1n de la tricolor en el Mundial 2014, Mario Alberto Yepes confirm\u00f3 oficialmente la realizaci\u00f3n de su partido de despedida que tendr\u00e1 lugar en la ciudad de Cali en las pr\u00f3ximas semanas. El zaguero en di\u00e1logo con Caracol Radio anunci\u00f3 que ser\u00e1 un partido de leyendas donde se &hellip;<\/p>\n","protected":false},"author":1,"featured_media":49833,"comment_status":"open","ping_status":"open","sticky":false,"template":"","format":"standard","meta":{"fifu_image_url":"https:\/\/www.futbolred.com\/files\/og_thumbnail\/uploads\/2024\/09\/26\/66f5827cd6b6d.jpeg","fifu_image_alt":"","footnotes":""},"categories":[6],"tags":[],"class_list":["post-49831","post","type-post","status-publish","format-standard","has-post-thumbnail","","category-deportes"],"_links":{"self":[{"href":"https:\/\/noticiasveraces.com\/index.php?rest_route=\/wp\/v2\/posts\/49831","targetHints":{"allow":["GET"]}}],"collection":[{"href":"https:\/\/noticiasveraces.com\/index.php?rest_route=\/wp\/v2\/posts"}],"about":[{"href":"https:\/\/noticiasveraces.com\/index.php?rest_route=\/wp\/v2\/types\/post"}],"author":[{"embeddable":true,"href":"https:\/\/noticiasveraces.com\/index.php?rest_route=\/wp\/v2\/users\/1"}],"replies":[{"embeddable":true,"href":"https:\/\/noticiasveraces.com\/index.php?rest_route=%2Fwp%2Fv2%2Fcomments&post=49831"}],"version-history":[{"count":0,"href":"https:\/\/noticiasveraces.com\/index.php?rest_route=\/wp\/v2\/posts\/49831\/revisions"}],"wp:featuredmedia":[{"embeddable":true,"href":"https:\/\/noticiasveraces.com\/index.php?rest_route=\/wp\/v2\/media\/49833"}],"wp:attachment":[{"href":"https:\/\/noticiasveraces.com\/index.php?rest_route=%2Fwp%2Fv2%2Fmedia&parent=49831"}],"wp:term":[{"taxonomy":"category","embeddable":true,"href":"https:\/\/noticiasveraces.com\/index.php?rest_route=%2Fwp%2Fv2%2Fcategories&post=49831"},{"taxonomy":"post_tag","embeddable":true,"href":"https:\/\/noticiasveraces.com\/index.php?rest_route=%2Fwp%2Fv2%2Ftags&post=49831"}],"curies":[{"name":"wp","href":"https:\/\/api.w.org\/{rel}","templated":true}]}}