{"id":49828,"date":"2025-11-14T02:48:07","date_gmt":"2025-11-14T06:48:07","guid":{"rendered":"https:\/\/noticiasveraces.com\/?p=49828"},"modified":"2025-11-14T02:48:07","modified_gmt":"2025-11-14T06:48:07","slug":"los-investigadores-desarrollan-una-nueva-herramienta-para-predecir-el-riesgo-de-alzheimer-antes-de-que-surjan-los-sintomas","status":"publish","type":"post","link":"https:\/\/noticiasveraces.com\/?p=49828","title":{"rendered":"Los investigadores desarrollan una nueva herramienta para predecir el riesgo de Alzheimer antes de que surjan los s\u00edntomas"},"content":{"rendered":"<p> \n<\/p>\n<div>\n<div id=\"beyondwords-wrapper\" class=\"beyondwords-wrapper\">\n<p><span class=\"label-bg\">NUEVO<\/span>\u00a1Ahora puedes escuchar los art\u00edculos de Fox News!\n  <\/p>\n<\/div>\n<p class=\"speakable\">Un equipo de cient\u00edficos de Mayo Clinic ha creado una forma de estimar el riesgo de que una persona desarrolle problemas de memoria y pensamiento mucho antes de que comiencen los s\u00edntomas de la enfermedad de Alzheimer, lo que podr\u00eda cambiar la forma en que se detecta y trata la enfermedad en el futuro.<\/p>\n<p class=\"speakable\">La investigaci\u00f3n, publicada en The Lancet Neurology, se basa en d\u00e9cadas de datos del Estudio sobre el Envejecimiento de Mayo Clinic, un esfuerzo de larga duraci\u00f3n que rastrea a miles de residentes a lo largo del tiempo, seg\u00fan un comunicado de prensa.<\/p>\n<p>Dirigido por el Dr. Clifford Jack Jr., radi\u00f3logo de la Cl\u00ednica Mayo en Rochester, Minnesota, el equipo analiz\u00f3 esc\u00e1neres cerebrales, gen\u00e9tica y registros m\u00e9dicos de m\u00e1s de 5.800 adultos para construir un modelo que predice el riesgo de una persona de desarrollar deterioro cognitivo a 10 a\u00f1os y a lo largo de su vida.<\/p>\n<p><strong>CIENT\u00cdFICOS DESCUBREN C\u00d3MO UNAS PERSONAS DE 80 A\u00d1OS TIENEN LA MEMORIA DE UNA DE 50 A\u00d1OS<\/strong><\/p>\n<p>Mucho antes de que aparezca el olvido o la confusi\u00f3n, dos prote\u00ednas clave llamadas amiloide y tau comienzan a acumularse en el cerebro. El amiloide forma placas pegajosas, mientras que la tau forma ovillos dentro de las c\u00e9lulas cerebrales. <\/p>\n<p>Juntos, interrumpen la comunicaci\u00f3n entre las neuronas y eventualmente causan la p\u00e9rdida de memoria y los problemas cognitivos que son las caracter\u00edsticas distintivas del Alzheimer, seg\u00fan m\u00faltiples fuentes.<\/p>\n<div class=\"image-ct inline\">\n<div class=\"m\"><picture><source media=\"(max-width: 767px)\" srcset=\"https:\/\/a57.foxnews.com\/static.foxnews.com\/foxnews.com\/content\/uploads\/2025\/11\/343\/192\/woman-alzheimers-nurse.jpg?ve=1&amp;tl=1, https:\/\/a57.foxnews.com\/static.foxnews.com\/foxnews.com\/content\/uploads\/2025\/11\/686\/384\/woman-alzheimers-nurse.jpg?ve=1&amp;tl=1 2x\" height=\"192\" width=\"343\"><source media=\"(min-width: 768px) and (max-width: 1023px)\" srcset=\"https:\/\/a57.foxnews.com\/static.foxnews.com\/foxnews.com\/content\/uploads\/2025\/11\/672\/378\/woman-alzheimers-nurse.jpg?ve=1&amp;tl=1, https:\/\/a57.foxnews.com\/static.foxnews.com\/foxnews.com\/content\/uploads\/2025\/11\/1344\/756\/woman-alzheimers-nurse.jpg?ve=1&amp;tl=1 2x\" height=\"378\" width=\"672\"><source media=\"(min-width: 1024px) and (max-width: 1279px)\" srcset=\"https:\/\/a57.foxnews.com\/static.foxnews.com\/foxnews.com\/content\/uploads\/2025\/11\/931\/523\/woman-alzheimers-nurse.jpg?ve=1&amp;tl=1, https:\/\/a57.foxnews.com\/static.foxnews.com\/foxnews.com\/content\/uploads\/2025\/11\/1862\/1046\/woman-alzheimers-nurse.jpg?ve=1&amp;tl=1 2x\" height=\"523\" width=\"931\"><source media=\"(min-width: 1280px)\" srcset=\"https:\/\/a57.foxnews.com\/static.foxnews.com\/foxnews.com\/content\/uploads\/2025\/11\/720\/405\/woman-alzheimers-nurse.jpg?ve=1&amp;tl=1, https:\/\/a57.foxnews.com\/static.foxnews.com\/foxnews.com\/content\/uploads\/2025\/11\/1440\/810\/woman-alzheimers-nurse.jpg?ve=1&amp;tl=1 2x\" height=\"405\" width=\"720\"><img loading=\"lazy\" decoding=\"async\" src=\"https:\/\/a57.foxnews.com\/static.foxnews.com\/foxnews.com\/content\/uploads\/2025\/11\/1200\/675\/woman-alzheimers-nurse.jpg?ve=1&amp;tl=1\" alt=\"Cuidador agachado sobre una mujer mayor sentada sonriendo\" width=\"1200\" height=\"675\"\/><\/source><\/source><\/source><\/source><\/picture><\/div>\n<div class=\"info\">\n<div class=\"caption\">\n<p><span>Los cient\u00edficos de Mayo Clinic (no en la foto) utilizaron esc\u00e1neres cerebrales para estimar el riesgo futuro de Alzheimer a\u00f1os antes de que aparecieran los s\u00edntomas.<\/span> <span>(iStock)<\/span><\/p>\n<\/div>\n<\/div>\n<\/div>\n<p>Utilizando im\u00e1genes cerebrales especializadas que miden la acumulaci\u00f3n de amiloide, los investigadores pudieron medir la \u00abgravedad biol\u00f3gica\u00bb del Alzheimer en personas que todav\u00eda estaban cognitivamente sanas. <\/p>\n<p>Los resultados se expresaron en una escala de 0 a 100. Un n\u00famero bajo significa poco o ning\u00fan amiloide; un n\u00famero alto indica una acumulaci\u00f3n significativa.<\/p>\n<p><strong>HAGA CLIC AQU\u00cd PARA DESCARGAR LA APLICACI\u00d3N FOX NEWS<\/strong><\/p>\n<p>\u00abEste tipo de estimaci\u00f3n de riesgo podr\u00eda eventualmente ayudar a las personas y a sus m\u00e9dicos a decidir cu\u00e1ndo comenzar la terapia o realizar cambios en el estilo de vida que puedan retrasar la aparici\u00f3n de los s\u00edntomas\u00bb, dijo en el comunicado de prensa el coautor del estudio Ronald Petersen, MD, Ph.D., neur\u00f3logo y director del Estudio sobre el Envejecimiento de Mayo Clinic.<\/p>\n<p>\u00abEs similar a c\u00f3mo los niveles de colesterol ayudan a predecir el riesgo de ataque card\u00edaco\u00bb.<\/p>\n<div class=\"image-ct inline\">\n<div class=\"m\"><picture><source media=\"(max-width: 767px)\" srcset=\"https:\/\/a57.foxnews.com\/static.foxnews.com\/foxnews.com\/content\/uploads\/2025\/11\/343\/192\/man-looking-out-window-alzheimers.jpg?ve=1&amp;tl=1, https:\/\/a57.foxnews.com\/static.foxnews.com\/foxnews.com\/content\/uploads\/2025\/11\/686\/384\/man-looking-out-window-alzheimers.jpg?ve=1&amp;tl=1 2x\" height=\"192\" width=\"343\"><source media=\"(min-width: 768px) and (max-width: 1023px)\" srcset=\"https:\/\/a57.foxnews.com\/static.foxnews.com\/foxnews.com\/content\/uploads\/2025\/11\/672\/378\/man-looking-out-window-alzheimers.jpg?ve=1&amp;tl=1, https:\/\/a57.foxnews.com\/static.foxnews.com\/foxnews.com\/content\/uploads\/2025\/11\/1344\/756\/man-looking-out-window-alzheimers.jpg?ve=1&amp;tl=1 2x\" height=\"378\" width=\"672\"><source media=\"(min-width: 1024px) and (max-width: 1279px)\" srcset=\"https:\/\/a57.foxnews.com\/static.foxnews.com\/foxnews.com\/content\/uploads\/2025\/11\/931\/523\/man-looking-out-window-alzheimers.jpg?ve=1&amp;tl=1, https:\/\/a57.foxnews.com\/static.foxnews.com\/foxnews.com\/content\/uploads\/2025\/11\/1862\/1046\/man-looking-out-window-alzheimers.jpg?ve=1&amp;tl=1 2x\" height=\"523\" width=\"931\"><source media=\"(min-width: 1280px)\" srcset=\"https:\/\/a57.foxnews.com\/static.foxnews.com\/foxnews.com\/content\/uploads\/2025\/11\/720\/405\/man-looking-out-window-alzheimers.jpg?ve=1&amp;tl=1, https:\/\/a57.foxnews.com\/static.foxnews.com\/foxnews.com\/content\/uploads\/2025\/11\/1440\/810\/man-looking-out-window-alzheimers.jpg?ve=1&amp;tl=1 2x\" height=\"405\" width=\"720\"><img loading=\"lazy\" decoding=\"async\" src=\"https:\/\/a57.foxnews.com\/static.foxnews.com\/foxnews.com\/content\/uploads\/2025\/11\/1200\/675\/man-looking-out-window-alzheimers.jpg?ve=1&amp;tl=1\" alt=\"Anciano en un asilo de ancianos mirando por la ventana\" width=\"1200\" height=\"675\"\/><\/source><\/source><\/source><\/source><\/picture><\/div>\n<div class=\"info\">\n<div class=\"caption\">\n<p><span>Los investigadores dicen que las versiones futuras del modelo pueden depender de simples an\u00e1lisis de sangre en lugar de esc\u00e1neres cerebrales.<\/span> <span>(iStock)<\/span><\/p>\n<\/div>\n<\/div>\n<\/div>\n<p>Los cient\u00edficos tuvieron en cuenta la edad, el sexo y si los participantes portaban el gen APOE \u03b54, una variante gen\u00e9tica que se sabe que aumenta el riesgo de Alzheimer. <\/p>\n<p>Tambi\u00e9n utilizaron una poderosa t\u00e9cnica estad\u00edstica para proyectar la probabilidad de que cada persona desarrollara un deterioro cognitivo leve (DCL) y luego demencia con el tiempo.<\/p>\n<p><strong><u>HAGA CLIC AQU\u00cd PARA SUSCRIBIRSE A NUESTRO BOLET\u00cdN DE SALUD<\/u><\/strong><\/p>\n<p>Los investigadores descubrieron que cuanto m\u00e1s altos eran los niveles de amiloide en el cerebro, mayor era el riesgo de desarrollar problemas de memoria a lo largo de la vida y a 10 a\u00f1os.<\/p>\n<div class=\"image-ct inline\">\n<div class=\"m\"><picture><source media=\"(max-width: 767px)\" srcset=\"https:\/\/a57.foxnews.com\/static.foxnews.com\/foxnews.com\/content\/uploads\/2025\/11\/343\/192\/woman-with-younger-man-photo-album.jpg?ve=1&amp;tl=1, https:\/\/a57.foxnews.com\/static.foxnews.com\/foxnews.com\/content\/uploads\/2025\/11\/686\/384\/woman-with-younger-man-photo-album.jpg?ve=1&amp;tl=1 2x\" height=\"192\" width=\"343\"><source media=\"(min-width: 768px) and (max-width: 1023px)\" srcset=\"https:\/\/a57.foxnews.com\/static.foxnews.com\/foxnews.com\/content\/uploads\/2025\/11\/672\/378\/woman-with-younger-man-photo-album.jpg?ve=1&amp;tl=1, https:\/\/a57.foxnews.com\/static.foxnews.com\/foxnews.com\/content\/uploads\/2025\/11\/1344\/756\/woman-with-younger-man-photo-album.jpg?ve=1&amp;tl=1 2x\" height=\"378\" width=\"672\"><source media=\"(min-width: 1024px) and (max-width: 1279px)\" srcset=\"https:\/\/a57.foxnews.com\/static.foxnews.com\/foxnews.com\/content\/uploads\/2025\/11\/931\/523\/woman-with-younger-man-photo-album.jpg?ve=1&amp;tl=1, https:\/\/a57.foxnews.com\/static.foxnews.com\/foxnews.com\/content\/uploads\/2025\/11\/1862\/1046\/woman-with-younger-man-photo-album.jpg?ve=1&amp;tl=1 2x\" height=\"523\" width=\"931\"><source media=\"(min-width: 1280px)\" srcset=\"https:\/\/a57.foxnews.com\/static.foxnews.com\/foxnews.com\/content\/uploads\/2025\/11\/720\/405\/woman-with-younger-man-photo-album.jpg?ve=1&amp;tl=1, https:\/\/a57.foxnews.com\/static.foxnews.com\/foxnews.com\/content\/uploads\/2025\/11\/1440\/810\/woman-with-younger-man-photo-album.jpg?ve=1&amp;tl=1 2x\" height=\"405\" width=\"720\"><img loading=\"lazy\" decoding=\"async\" src=\"https:\/\/a57.foxnews.com\/static.foxnews.com\/foxnews.com\/content\/uploads\/2025\/11\/1200\/675\/woman-with-younger-man-photo-album.jpg?ve=1&amp;tl=1\" alt=\"Mujer mayor y enfermera adulta media mirando un \u00e1lbum de fotos en el comedor de una residencia de ancianos\" width=\"1200\" height=\"675\"\/><\/source><\/source><\/source><\/source><\/picture><\/div>\n<div class=\"info\">\n<div class=\"caption\">\n<p><span>Las personas con el gen APOE \u03b54 mostraron el mayor riesgo de desarrollar problemas de memoria a lo largo de su vida.<\/span> <span>(iStock)<\/span><\/p>\n<\/div>\n<\/div>\n<\/div>\n<p>Una mujer de 75 a\u00f1os que particip\u00f3 en el estudio y que era portadora de la variante gen\u00e9tica y ten\u00eda una alta acumulaci\u00f3n de amiloide enfrentaba un riesgo de por vida de m\u00e1s del 80% de desarrollar deterioro cognitivo leve, una etapa de transici\u00f3n entre el envejecimiento normal y la demencia que a\u00fan puede permitirle una vida independiente.<\/p>\n<p>En general, las mujeres ten\u00edan un mayor riesgo de por vida que los hombres, y aquellas con el gen ten\u00edan m\u00e1s probabilidades de experimentar un deterioro cognitivo que las que no lo ten\u00edan. <\/p>\n<p><strong><u>PRUEBA CON NUESTRO \u00daLTIMO QUIZ DE ESTILO DE VIDA<\/u><\/strong><\/p>\n<p>El estudio tiene algunas limitaciones, reconocieron los investigadores. <\/p>\n<p>Se involucr\u00f3 principalmente a adultos blancos mayores de un \u00e1rea, por lo que es posible que los resultados no se apliquen a todos. Tambi\u00e9n utiliz\u00f3 costosos esc\u00e1neres cerebrales a los que la mayor\u00eda de las personas no tiene acceso, y no tuvo en cuenta el estilo de vida o los h\u00e1bitos de salud que pueden afectar la memoria. <\/p>\n<blockquote class=\"pull-quote\">\n<p class=\"quote-text\">\u00abEs similar a c\u00f3mo los niveles de colesterol ayudan a predecir el riesgo de ataque card\u00edaco\u00bb.<\/p>\n<p> <!----><\/p><\/blockquote>\n<p>Por ahora, la nueva herramienta se utiliza s\u00f3lo para investigaci\u00f3n, pero los cient\u00edficos de Mayo Clinic dicen que es un paso importante hacia la prevenci\u00f3n personalizada del Alzheimer. <\/p>\n<p>Las versiones futuras pueden incluir an\u00e1lisis de sangre simples para detectar amiloide u otros biomarcadores, lo que facilitar\u00e1 la evaluaci\u00f3n del riesgo sin esc\u00e1neres cerebrales especializados.<\/p>\n<p><strong><u>HAGA CLIC AQU\u00cd PARA M\u00c1S HISTORIAS DE SALUD<\/u><\/strong><\/p>\n<p>El estudio fue financiado por el Instituto Nacional sobre el Envejecimiento, la Fundaci\u00f3n GHR, Gates Ventures y la Fundaci\u00f3n Alexander Family.<\/p>\n<p> <!----> <\/p>\n<div class=\"article-meta\">\n<div class=\"author-bio\">\n<p>Khloe Quill es asistente de producci\u00f3n de estilo de vida en Fox News Digital. Ella y el equipo de estilo de vida cubren una variedad de temas que incluyen comida y bebida, viajes y salud. <\/p>\n<\/div>\n<\/div>\n<\/div>\n\n","protected":false},"excerpt":{"rendered":"<p>NUEVO\u00a1Ahora puedes escuchar los art\u00edculos de Fox News! Un equipo de cient\u00edficos de Mayo Clinic ha creado una forma de estimar el riesgo de que una persona desarrolle problemas de memoria y pensamiento mucho antes de que comiencen los s\u00edntomas de la enfermedad de Alzheimer, lo que podr\u00eda cambiar la forma en que se detecta &hellip;<\/p>\n","protected":false},"author":1,"featured_media":49830,"comment_status":"open","ping_status":"open","sticky":false,"template":"","format":"standard","meta":{"fifu_image_url":"https:\/\/a57.foxnews.com\/static.foxnews.com\/foxnews.com\/content\/uploads\/2025\/11\/1200\/675\/woman-alzheimers-nurse.jpg?ve=1&tl=1","fifu_image_alt":"","footnotes":""},"categories":[8],"tags":[],"class_list":["post-49828","post","type-post","status-publish","format-standard","has-post-thumbnail","","category-salud"],"_links":{"self":[{"href":"https:\/\/noticiasveraces.com\/index.php?rest_route=\/wp\/v2\/posts\/49828","targetHints":{"allow":["GET"]}}],"collection":[{"href":"https:\/\/noticiasveraces.com\/index.php?rest_route=\/wp\/v2\/posts"}],"about":[{"href":"https:\/\/noticiasveraces.com\/index.php?rest_route=\/wp\/v2\/types\/post"}],"author":[{"embeddable":true,"href":"https:\/\/noticiasveraces.com\/index.php?rest_route=\/wp\/v2\/users\/1"}],"replies":[{"embeddable":true,"href":"https:\/\/noticiasveraces.com\/index.php?rest_route=%2Fwp%2Fv2%2Fcomments&post=49828"}],"version-history":[{"count":0,"href":"https:\/\/noticiasveraces.com\/index.php?rest_route=\/wp\/v2\/posts\/49828\/revisions"}],"wp:featuredmedia":[{"embeddable":true,"href":"https:\/\/noticiasveraces.com\/index.php?rest_route=\/wp\/v2\/media\/49830"}],"wp:attachment":[{"href":"https:\/\/noticiasveraces.com\/index.php?rest_route=%2Fwp%2Fv2%2Fmedia&parent=49828"}],"wp:term":[{"taxonomy":"category","embeddable":true,"href":"https:\/\/noticiasveraces.com\/index.php?rest_route=%2Fwp%2Fv2%2Fcategories&post=49828"},{"taxonomy":"post_tag","embeddable":true,"href":"https:\/\/noticiasveraces.com\/index.php?rest_route=%2Fwp%2Fv2%2Ftags&post=49828"}],"curies":[{"name":"wp","href":"https:\/\/api.w.org\/{rel}","templated":true}]}}