{"id":49820,"date":"2025-11-14T02:09:23","date_gmt":"2025-11-14T06:09:23","guid":{"rendered":"https:\/\/noticiasveraces.com\/?p=49820"},"modified":"2025-11-14T02:09:23","modified_gmt":"2025-11-14T06:09:23","slug":"vecinos-de-caricuao-denunciaron-que-un-grupo-de-monos-invadio-las-residencias","status":"publish","type":"post","link":"https:\/\/noticiasveraces.com\/?p=49820","title":{"rendered":"Vecinos de Caricuao denunciaron que un grupo de monos invadi\u00f3 las residencias"},"content":{"rendered":"<p> \n<\/p>\n<div>\n<p>Habitantes del <strong>Bloque 24 de la UD5<\/strong>en la parroquia Caricuao (Caracas), denunciaron la presencia de una <strong>manada de monos<\/strong> que ha irrumpido en las \u00e1reas residenciales y viviendas, generando da\u00f1os materiales y lesiones a uno de los vecinos.<\/p>\n<p>Una de las afectadas, identificada como <strong>Belkis<\/strong>relat\u00f3 en un video publicado en la cuenta de Instagram <em>Caricuao en Positivo<\/em> que los animales han ingresado a los apartamentos y han roto objetos y ventanas, adem\u00e1s de llevarse <strong>alimentos y medicamentos<\/strong>.<\/p>\n<p>Por su parte, otra vecina, identificada como <strong>Raquel D\u00edaz<\/strong>se\u00f1al\u00f3 que otra residente sufri\u00f3 una <strong>mordida de uno de los monos<\/strong>. Asimismo, denunciaron que los primates han causado da\u00f1os en la <strong>infraestructura del servicio de Internet<\/strong>.<\/p>\n<p>\u201cEste fen\u00f3meno se repite en varios sectores de la parroquia Caricuao\u201d, denunciaron los vecinos. Hicieron un llamado a las autoridades para que atiendan la situaci\u00f3n y garanticen la <strong>seguridad y el bienestar<\/strong> de la comunidad.<\/p>\n<blockquote data-service=\"instagram\" data-category=\"marketing\" data-placeholder-image=\"https:\/\/eldiario.com\/wp-content\/plugins\/complianz-gdpr\/assets\/images\/placeholders\/instagram-minimal.jpg\" class=\"cmplz-placeholder-element instagram-media\" data-instgrm-captioned=\"\" data-instgrm-permalink=\"https:\/\/www.instagram.com\/reel\/DQ_3lRhjkyw\/?utm_source=ig_embed&amp;utm_campaign=loading\" data-instgrm-version=\"14\" style=\"background:#fff;border:0;border-radius:3px;margin:1px;max-width:540px;min-width:326px;padding:0;width:99.375%;width:-webkit-calc(100% - 2px);width:calc(100% - 2px);\"\/>\n<h2 class=\"wp-block-heading\" id=\"h-otro-caso-similar\"><strong>Otro caso similar<\/strong><\/h2>\n<p>En diciembre de 2024, vecinos de una urbanizaci\u00f3n en <strong>El Para\u00edso<\/strong> denunciaron la presencia de un <strong>mono capuchino<\/strong> recorriendo los techos de las casas.<\/p>\n<p>\u201cTrat\u00e9 de atraerlo con un melocot\u00f3n para resguardarlo y llamar a alguien del zool\u00f3gico El Pinar o Inparques que pueda venir a rescatarlo, pero huy\u00f3 como con miedo hacia las otras casas y le perd\u00ed la pista\u201d, narr\u00f3 una de las vecinas en una entrevista para <strong>El Diario.<\/strong><\/p>\n<p>Otros residentes de la zona comentaron que esta situaci\u00f3n representaba un <strong>peligro para los ni\u00f1os y las mascotas<\/strong> que viven en la cuadra La Lomita de El Para\u00edso, por lo que decidieron mantenerse encerrados hasta que alguna autoridad acudiera a buscar al animal.<\/p>\n<figure class=\"wp-block-image size-large\"><picture fetchpriority=\"high\" decoding=\"async\" class=\"wp-image-751693\"><source type=\"image\/webp\" sizes=\"(max-width: 1200px) 100vw, 1200px\" nitro-lazy-srcset=\"https:\/\/eldiario.com\/nitropack_static\/DWpklAePbJBFiBKvuTtiGMLbtJlHUqWt\/assets\/images\/optimized\/rev-4610e21\/eldiario.com\/wp-content\/uploads\/2024\/12\/mono-caracas-1-1200x900.jpg.webp 1200w, https:\/\/eldiario.com\/nitropack_static\/DWpklAePbJBFiBKvuTtiGMLbtJlHUqWt\/assets\/images\/optimized\/rev-4610e21\/eldiario.com\/wp-content\/uploads\/2024\/12\/mono-caracas-1-300x225.jpg.webp 300w, https:\/\/eldiario.com\/nitropack_static\/DWpklAePbJBFiBKvuTtiGMLbtJlHUqWt\/assets\/images\/optimized\/rev-4610e21\/eldiario.com\/wp-content\/uploads\/2024\/12\/mono-caracas-1-768x576.jpg.webp 768w, https:\/\/eldiario.com\/nitropack_static\/DWpklAePbJBFiBKvuTtiGMLbtJlHUqWt\/assets\/images\/optimized\/rev-4610e21\/eldiario.com\/wp-content\/uploads\/2024\/12\/mono-caracas-1-1536x1152.jpg.webp 1536w, https:\/\/eldiario.com\/nitropack_static\/DWpklAePbJBFiBKvuTtiGMLbtJlHUqWt\/assets\/images\/optimized\/rev-4610e21\/eldiario.com\/wp-content\/uploads\/2024\/12\/mono-caracas-1-150x113.jpg.webp 150w, https:\/\/eldiario.com\/nitropack_static\/DWpklAePbJBFiBKvuTtiGMLbtJlHUqWt\/assets\/images\/optimized\/rev-4610e21\/eldiario.com\/wp-content\/uploads\/2024\/12\/mono-caracas-1.jpg.webp 1600w\" nitro-lazy-empty=\"\" id=\"ODI2OjU5MQ==-1\" srcset=\"data:image\/svg+xml;nitro-empty-id=ODI2OjU5MQ==-1;base64,PHN2ZyB2aWV3Qm94PSIwIDAgMTIwMCA5MDAiIHdpZHRoPSIxMjAwIiBoZWlnaHQ9IjkwMCIgeG1sbnM9Imh0dHA6Ly93d3cudzMub3JnLzIwMDAvc3ZnIj48L3N2Zz4=\"\/><img fetchpriority=\"high\" width=\"1200\" height=\"900\" alt=\"Denunciaron presencia de un mono capuchino en El Para\u00edso\" sizes=\"(max-width: 1200px) 100vw, 1200px\" srcset=\"https:\/\/eldiario.com\/nitropack_static\/DWpklAePbJBFiBKvuTtiGMLbtJlHUqWt\/assets\/images\/optimized\/rev-4610e21\/eldiario.com\/wp-content\/uploads\/2024\/12\/mono-caracas-1-1200x900.jpg 1200w, https:\/\/eldiario.com\/nitropack_static\/DWpklAePbJBFiBKvuTtiGMLbtJlHUqWt\/assets\/images\/optimized\/rev-4610e21\/eldiario.com\/wp-content\/uploads\/2024\/12\/mono-caracas-1-300x225.jpg 300w, https:\/\/eldiario.com\/nitropack_static\/DWpklAePbJBFiBKvuTtiGMLbtJlHUqWt\/assets\/images\/optimized\/rev-4610e21\/eldiario.com\/wp-content\/uploads\/2024\/12\/mono-caracas-1-768x576.jpg 768w, https:\/\/eldiario.com\/nitropack_static\/DWpklAePbJBFiBKvuTtiGMLbtJlHUqWt\/assets\/images\/optimized\/rev-4610e21\/eldiario.com\/wp-content\/uploads\/2024\/12\/mono-caracas-1-1536x1152.jpg 1536w, https:\/\/eldiario.com\/nitropack_static\/DWpklAePbJBFiBKvuTtiGMLbtJlHUqWt\/assets\/images\/optimized\/rev-4610e21\/eldiario.com\/wp-content\/uploads\/2024\/12\/mono-caracas-1-150x113.jpg 150w, https:\/\/eldiario.com\/nitropack_static\/DWpklAePbJBFiBKvuTtiGMLbtJlHUqWt\/assets\/images\/optimized\/rev-4610e21\/eldiario.com\/wp-content\/uploads\/2024\/12\/mono-caracas-1.jpg 1600w\" src=\"https:\/\/eldiario.com\/nitropack_static\/DWpklAePbJBFiBKvuTtiGMLbtJlHUqWt\/assets\/images\/optimized\/rev-4610e21\/eldiario.com\/wp-content\/uploads\/2024\/12\/mono-caracas-1-1200x900.jpg\" class=\"nitro-lazy\" decoding=\"async\" nitro-lazy-empty=\"\" id=\"ODI3Ojc1MA==-1\"\/> <\/picture> <\/figure>\n<p>Ese mismo mes hubo otra denuncia en el oeste de Caracas, espec\u00edficamente en la <strong>UD5 de Caricuao<\/strong>con respecto a la presencia de <strong>monos capuchinos sueltos<\/strong> en la zona.<\/p>\n<p>En ese caso, padres y representantes del preescolar <strong>Luisa C\u00e1ceres de Arismendi<\/strong> reportaron que al menos dos monos, presuntamente pertenecientes al zool\u00f3gico de Caricuao o El Pinar, se hab\u00edan <strong>adue\u00f1ado de las instalaciones<\/strong> y dificultaban la entrada y salida al recinto educativo.<\/p>\n<\/p><\/div>\n<p><script async src=\"\/\/www.instagram.com\/embed.js\"><\/script><br \/>\n<br \/>\n","protected":false},"excerpt":{"rendered":"<p>Habitantes del Bloque 24 de la UD5en la parroquia Caricuao (Caracas), denunciaron la presencia de una manada de monos que ha irrumpido en las \u00e1reas residenciales y viviendas, generando da\u00f1os materiales y lesiones a uno de los vecinos. Una de las afectadas, identificada como Belkisrelat\u00f3 en un video publicado en la cuenta de Instagram Caricuao &hellip;<\/p>\n","protected":false},"author":1,"featured_media":49822,"comment_status":"open","ping_status":"open","sticky":false,"template":"","format":"standard","meta":{"fifu_image_url":"https:\/\/eldiario.com\/wp-content\/uploads\/2025\/11\/El-Foro-Penal-publico-un-nuevo-balance-sobre-los-presos-politicos-en-Venezuela.-La-organizacion-no-gubernamental-ONG-preciso-que-hasta-el-10-de-noviembre-en-el-pais-hay-882-personas-privadas-d-1.jpg","fifu_image_alt":"","footnotes":""},"categories":[13],"tags":[],"class_list":["post-49820","post","type-post","status-publish","format-standard","has-post-thumbnail","","category-mundo"],"_links":{"self":[{"href":"https:\/\/noticiasveraces.com\/index.php?rest_route=\/wp\/v2\/posts\/49820","targetHints":{"allow":["GET"]}}],"collection":[{"href":"https:\/\/noticiasveraces.com\/index.php?rest_route=\/wp\/v2\/posts"}],"about":[{"href":"https:\/\/noticiasveraces.com\/index.php?rest_route=\/wp\/v2\/types\/post"}],"author":[{"embeddable":true,"href":"https:\/\/noticiasveraces.com\/index.php?rest_route=\/wp\/v2\/users\/1"}],"replies":[{"embeddable":true,"href":"https:\/\/noticiasveraces.com\/index.php?rest_route=%2Fwp%2Fv2%2Fcomments&post=49820"}],"version-history":[{"count":0,"href":"https:\/\/noticiasveraces.com\/index.php?rest_route=\/wp\/v2\/posts\/49820\/revisions"}],"wp:featuredmedia":[{"embeddable":true,"href":"https:\/\/noticiasveraces.com\/index.php?rest_route=\/wp\/v2\/media\/49822"}],"wp:attachment":[{"href":"https:\/\/noticiasveraces.com\/index.php?rest_route=%2Fwp%2Fv2%2Fmedia&parent=49820"}],"wp:term":[{"taxonomy":"category","embeddable":true,"href":"https:\/\/noticiasveraces.com\/index.php?rest_route=%2Fwp%2Fv2%2Fcategories&post=49820"},{"taxonomy":"post_tag","embeddable":true,"href":"https:\/\/noticiasveraces.com\/index.php?rest_route=%2Fwp%2Fv2%2Ftags&post=49820"}],"curies":[{"name":"wp","href":"https:\/\/api.w.org\/{rel}","templated":true}]}}