{"id":49805,"date":"2025-11-13T21:46:07","date_gmt":"2025-11-14T01:46:07","guid":{"rendered":"https:\/\/noticiasveraces.com\/?p=49805"},"modified":"2025-11-13T21:46:07","modified_gmt":"2025-11-14T01:46:07","slug":"reparto-completo-de-wicked-for-good-y-donde-continua-la-historia-peliculas-entretenimiento","status":"publish","type":"post","link":"https:\/\/noticiasveraces.com\/?p=49805","title":{"rendered":"Reparto completo de Wicked For Good y d\u00f3nde contin\u00faa la historia | Pel\u00edculas | Entretenimiento"},"content":{"rendered":"<p> \n<\/p>\n<div>\n<p>Uno de los estrenos cinematogr\u00e1ficos m\u00e1s esperados del a\u00f1o est\u00e1 a punto de llegar y aqu\u00ed tienes todo lo que necesitas saber.<\/p>\n<p>Wicked: For Good es la secuela de Wicked de 2024. Juntas, estas pel\u00edculas forman la adaptaci\u00f3n a la pantalla grande del exitoso musical, y la continuaci\u00f3n cubre el segundo acto de la sensaci\u00f3n teatral de 2003.<\/p>\n<p>La querida producci\u00f3n teatral es en s\u00ed misma una adaptaci\u00f3n de la novela m\u00e1s vendida de 1995 de Gregory Maguire, que reinvent\u00f3 el cl\u00e1sico de 1900 de L. Frank Baum, El maravilloso mago de Oz, y su versi\u00f3n cinematogr\u00e1fica de 1939.<\/p>\n<p>Sin embargo, Wicked se cuenta desde la perspectiva de la Malvada Bruja del Oeste de Oz.<\/p>\n<p>\u00bfPero de qu\u00e9 trata exactamente la pel\u00edcula? \u00bfC\u00f3mo sigue a la primera pel\u00edcula? \u00bfQui\u00e9n la protagoniza y cu\u00e1ndo se estrenar\u00e1? Encuentre todos los detalles que necesita a continuaci\u00f3n.<\/p>\n<\/div>\n<div>\n<p><strong>\u00bfDe qu\u00e9 se trata Wicked For Good?<\/strong><\/p>\n<p>La segunda pel\u00edcula est\u00e1 ambientada a\u00f1os despu\u00e9s de los acontecimientos de la primera, Wicked, que se estren\u00f3 en 2024. Elphaba Thropp ahora es ampliamente conocida en toda la tierra de Oz y sus habitantes como la Malvada Bruja del Oeste, que vive exiliada en el bosque de Ozian como fugitiva.<\/p>\n<p>Mientras tanto, Galinda Upland, conocida como Glinda la Buena, es una c\u00e9lebre figura p\u00fablica que reside en el palacio de Ciudad Esmeralda. Est\u00e1 bajo la atenta mirada del Mago y de Madame Morrible, informa el Mirror.<\/p>\n<p>Mientras enfrentan las repercusiones de sus acciones, su relaci\u00f3n se ve puesta a prueba por una serie de eventos, incluida la llegada inesperada de Dorothy Gale de Kansas, que alterar\u00e1 para siempre la Tierra de Oz.<\/p>\n<\/div>\n<div>\n<p><strong>  \u00bfQui\u00e9n est\u00e1 en el elenco de Wicked For Good? <\/strong><\/p>\n<p>El elenco principal de la pel\u00edcula original, que incluye a Cynthia Erivo como Elphaba, Ariana Grande como Glinda y Jonathan Bailey como Fiyero, regresar\u00e1 para la secuela.<\/p>\n<p>Michelle Yeoh repetir\u00e1 su papel de Madame Morrible, Jeff Goldblum como el Mago de Oz y el alumno de SNL Bowen Yang, cuyo personaje ahora sirve como asistente de Elphaba. Ethan Slater tambi\u00e9n regresa como Boq Woodsman (un personaje compuesto del Hombre de Hojalata), y Marissa Bode interpreta a Nessarose Thropp, la media hermana de Elphaba.<\/p>\n<p>La estrella de Game of Thrones, Peter Dinklage, volver\u00e1 a prestar su voz al Doctor Dillamond, una Cabra parlante y ex profesor de historia en la Universidad de Shiz.<\/p>\n<p>Las nuevas incorporaciones al elenco incluyen a Colman Domingo, conocido por la nueva versi\u00f3n de The Running Man, as\u00ed como por los programas de Netflix Four Seasons y The Madness. Le da voz a Brrr el Le\u00f3n Cobarde.<\/p>\n<\/div>\n<div>\n<p><strong>\u00bfQui\u00e9n interpreta a Dorothy en Wicked For Good?<\/strong><\/p>\n<p>Dorothy, el personaje central de la pel\u00edcula y el libro originales El maravilloso mago de Oz, aparecer\u00e1 en Wicked For Good. Si bien el papel es relativamente menor en la versi\u00f3n teatral, se informa que es un papel m\u00e1s importante en la pel\u00edcula.<\/p>\n<p>El actor que interpretar\u00e1 al personaje a\u00fan no ha sido anunciado en ninguna lista de reparto. Sin embargo, los fan\u00e1ticos especulan que la joven actriz irlandesa Alisha Weir, una joven de 16 a\u00f1os de Dubl\u00edn que ya ha conseguido algunos papeles destacados, asumir\u00e1 el papel.<\/p>\n<p>Anteriormente protagoniz\u00f3 la adaptaci\u00f3n cinematogr\u00e1fica de Matilda The Musical, desempe\u00f1ando el papel principal y tambi\u00e9n interpret\u00f3 a la hom\u00f3nima Abigail, en la comedia de terror de vampiros de 2024. Las especulaciones sobre su participaci\u00f3n en la secuela de Wicked se intensificaron despu\u00e9s de que fue vista en el estreno de la primera pel\u00edcula junto a sus estrellas Ariana Grande y Cynthia Erivo.<\/p>\n<p><strong>\u00bfCu\u00e1ndo llegar\u00e1 Wicked For Good a las pantallas y estar\u00e1 disponible para transmisi\u00f3n?<\/strong><\/p>\n<p>Wicked For Good llegar\u00e1 a la pantalla grande el 21 de noviembre de este a\u00f1o. Sin embargo, se estrenar\u00e1 exclusivamente en cines, por lo que los fans tendr\u00e1n que esperar un poco m\u00e1s antes de poder disfrutarlo desde la comodidad de sus hogares.<\/p>\n<p>La pel\u00edcula original estuvo disponible en Sky Cinema y NOW en julio a principios de este a\u00f1o, aproximadamente ocho meses despu\u00e9s de su presentaci\u00f3n inicial en los cines. Si la secuela sigue el mismo patr\u00f3n de lanzamiento, ser\u00e1 en julio de 2026 cuando est\u00e9 disponible para transmisi\u00f3n.<\/p>\n<\/div>\n\n","protected":false},"excerpt":{"rendered":"<p>Uno de los estrenos cinematogr\u00e1ficos m\u00e1s esperados del a\u00f1o est\u00e1 a punto de llegar y aqu\u00ed tienes todo lo que necesitas saber. Wicked: For Good es la secuela de Wicked de 2024. Juntas, estas pel\u00edculas forman la adaptaci\u00f3n a la pantalla grande del exitoso musical, y la continuaci\u00f3n cubre el segundo acto de la sensaci\u00f3n &hellip;<\/p>\n","protected":false},"author":1,"featured_media":49806,"comment_status":"open","ping_status":"open","sticky":false,"template":"","format":"standard","meta":{"fifu_image_url":"https:\/\/cdn.images.express.co.uk\/img\/dynamic\/36\/1200x630\/6550449.jpg","fifu_image_alt":"","footnotes":""},"categories":[765],"tags":[],"class_list":["post-49805","post","type-post","status-publish","format-standard","has-post-thumbnail","","category-peliculas"],"_links":{"self":[{"href":"https:\/\/noticiasveraces.com\/index.php?rest_route=\/wp\/v2\/posts\/49805","targetHints":{"allow":["GET"]}}],"collection":[{"href":"https:\/\/noticiasveraces.com\/index.php?rest_route=\/wp\/v2\/posts"}],"about":[{"href":"https:\/\/noticiasveraces.com\/index.php?rest_route=\/wp\/v2\/types\/post"}],"author":[{"embeddable":true,"href":"https:\/\/noticiasveraces.com\/index.php?rest_route=\/wp\/v2\/users\/1"}],"replies":[{"embeddable":true,"href":"https:\/\/noticiasveraces.com\/index.php?rest_route=%2Fwp%2Fv2%2Fcomments&post=49805"}],"version-history":[{"count":0,"href":"https:\/\/noticiasveraces.com\/index.php?rest_route=\/wp\/v2\/posts\/49805\/revisions"}],"wp:featuredmedia":[{"embeddable":true,"href":"https:\/\/noticiasveraces.com\/index.php?rest_route=\/wp\/v2\/media\/49806"}],"wp:attachment":[{"href":"https:\/\/noticiasveraces.com\/index.php?rest_route=%2Fwp%2Fv2%2Fmedia&parent=49805"}],"wp:term":[{"taxonomy":"category","embeddable":true,"href":"https:\/\/noticiasveraces.com\/index.php?rest_route=%2Fwp%2Fv2%2Fcategories&post=49805"},{"taxonomy":"post_tag","embeddable":true,"href":"https:\/\/noticiasveraces.com\/index.php?rest_route=%2Fwp%2Fv2%2Ftags&post=49805"}],"curies":[{"name":"wp","href":"https:\/\/api.w.org\/{rel}","templated":true}]}}