{"id":49745,"date":"2025-11-13T13:02:23","date_gmt":"2025-11-13T17:02:23","guid":{"rendered":"https:\/\/noticiasveraces.com\/?p=49745"},"modified":"2025-11-13T13:02:23","modified_gmt":"2025-11-13T17:02:23","slug":"un-escudo-democratico-de-la-ue-contra-ataques-hibridos-dw-13-11-2025","status":"publish","type":"post","link":"https:\/\/noticiasveraces.com\/?p=49745","title":{"rendered":"Un \u00abescudo democr\u00e1tico\u00bb de la UE contra ataques h\u00edbridos \u2013 DW \u2013 13\/11\/2025"},"content":{"rendered":"<p> \n<\/p>\n<div data-tracking-name=\"rich-text\" data-tracking-skip=\"true\">\n<p>La Uni\u00f3n Europea quiere hacer frente a la injerencia extranjera y frenar el flujo de desinformaci\u00f3n que se difunde por internet. Para ello, la Comisi\u00f3n Europea acaba de presentar un proyecto denominado Escudo Europeo de la Democracia.<\/p>\n<p>\u00abLa desinformaci\u00f3n, la manipulaci\u00f3n algor\u00edtmica, la presi\u00f3n financiera sobre los medios de comunicaci\u00f3n y las herramientas de inteligencia artificial amenazan nuestro modo de vida democr\u00e1tico\u00bb, explic\u00f3 el comisario europeo Michael McGrath a periodistas el mi\u00e9rcoles (12.11.2025)..<\/p>\n<p>\u00abLos reg\u00edmenes autoritarios est\u00e1n utilizando t\u00e1cticas h\u00edbridas, atacando las infraestructuras, explotando la migraci\u00f3n, manipulando la informaci\u00f3n, desplegando redes criminales e interfiriendo en nuestros procesos electorales\u00bb, prosigui\u00f3 McGrath.<\/p>\n<p>Situada junto a \u00e9l, la responsable digital de la UE, Henna Virukkunen, fue menos ambigua y acus\u00f3 expl\u00edcitamente a Rusia de atacar al bloque con \u00abmanipulaci\u00f3n e interferencia de la informaci\u00f3n\u00bb.<\/p>\n<h2>\u00bfQu\u00e9 es el \u00abescudo democr\u00e1tico\u00bb de la UE?<\/h2>\n<p>El denominado Escudo Europeo de la Democracia de la UE se basa en gran medida en el refuerzo de medidas ya existentes o en mejoras en la coordinaci\u00f3n. La UE quiere colaborar con las empresas tecnol\u00f3gicas en un nuevo protocolo de \u00abincidentes y crisis\u00bb para garantizar que los Gobiernos de la UE puedan actuar con mayor rapidez si detectan una campa\u00f1a de desinformaci\u00f3n masiva.<\/p>\n<p>La Comisi\u00f3n tambi\u00e9n se ha comprometido a \u00abreforzar\u00bb\u00a0la financiaci\u00f3n de los medios de comunicaci\u00f3n locales e independientes, as\u00ed como a \u00abevaluar\u00bb\u00a0nuevas formas de \u00abmodernizar las normas publicitarias para fomentar la sostenibilidad de los medios de comunicaci\u00f3n de la UE\u00bb.<\/p>\n<p>Pero lo m\u00e1s destacado es la creaci\u00f3n del nuevo centro de lucha contra la desinformaci\u00f3n del bloque, que, seg\u00fan un funcionario de la UE, probablemente estar\u00e1 en funcionamiento la pr\u00f3xima semana.<\/p>\n<h2>Futuros miembros, tambi\u00e9n bienvenidos<\/h2>\n<p>Pa\u00edses que aspiran a ser nuevos miembros de la UE, como Ucrania, Montenegro o Albania, tambi\u00e9n ser\u00e1n invitados a unirse al club contra la desinformaci\u00f3n.<\/p>\n<p>\u00abLa realidad es que, a medida que se acercan a la adhesi\u00f3n a la UE, la intensidad de la amenaza a la que se enfrentan en t\u00e9rminos de injerencia extranjera no har\u00e1 m\u00e1s que aumentar\u00bb, afirm\u00f3 McGrath.<\/p>\n<p>Moldavia, candidato a miembro de la UE y antiguo Estado sovi\u00e9tico, se enfrent\u00f3 a intentos generalizados de injerencia en torno a las cruciales elecciones de este a\u00f1o, incluyendo planes descubiertos por periodistas en los que se ofrec\u00eda a los ciudadanos pagos en efectivo de bancos con sede en Rusia para publicar contenido antigubernamental en internet. Mosc\u00fa neg\u00f3 su participaci\u00f3n en la injerencia.<\/p>\n<h2>\u00bfTiene fuerza el plan?<\/h2>\n<p>El nuevo centro insignia es solo una medida voluntaria, lo que significa que los Gobiernos de los distintos pa\u00edses de la UE no estar\u00e1n obligados a participar.<\/p>\n<p>\u00abLos Estados miembros no quieren que la Comisi\u00f3n Europea sea necesariamente demasiado activa en un \u00e1mbito que consideran competencia nacional y una cuesti\u00f3n de soberan\u00eda\u00bb, comenta a DW Luise Quaritsch, investigadora del grupo de expertos Jacques Delors Centre.<\/p>\n<figure class=\"placeholder-image master_landscape big\"><img data-format=\"MASTER_LANDSCAPE\" data-id=\"71396535\" data-url=\"https:\/\/static.dw.com\/image\/71396535_${formatId}.jpg\" data-aspect-ratio=\"16\/9\" alt=\"Primer Plano del rostro de Henna Virkkunen.\" style=\"padding-bottom: 56.25%; height: 0; max-height: 0;\"\/><figcaption class=\"img-caption\">La responsable de tecnolog\u00eda de la UE, Henna Virkunnen, dice que el bloque quiere garantizar que las plataformas en l\u00ednea \u00abno se utilicen indebidamente ni se manipulen durante los procesos electorales\u00bb.<small class=\"copyright\">Imagen: MARTIN BERTRAND\/Hans Lucas\/AFP\/Getty Images<\/small><\/figcaption><\/figure>\n<p>Quaritsch subraya que los nuevos planes de Bruselas est\u00e1n llenos de \u00abbuenas ideas\u00bb, pero advierte de que el enfoque actual de la UE para combatir la desinformaci\u00f3n podr\u00eda estar fallando. Esas medidas incluyen exponer y desacreditar casos individuales de narrativas falsas difundidas por bots en l\u00ednea, o p\u00e1ginas web conocidas como <em>\u00abDoble\u00bb <\/em>[\u00abdoble\u00bb o \u00abduplicado\u00bb, que emulan casi a la perfecci\u00f3n a sitios web originales]para enga\u00f1ar a los usuarios y hacerles creer que est\u00e1n leyendo art\u00edculos en sitios web de noticias nacionales.<\/p>\n<p>\u00abPara cuando la gente los ha visto, o para cuando se ha a\u00f1adido la verificaci\u00f3n de los hechos, ya es demasiado tarde\u00bb, explica la experta.<\/p>\n<h2>\u00bfDesconfianza hacia Washington?<\/h2>\n<p>El ejecutivo de la UE se ha esforzado en subrayar que su escudo democr\u00e1tico no va suprimir la libertad de expresi\u00f3n, un mensaje que parece estar cuidadosamente elaborado no solo para los ciudadanos del bloque comunitario, sino tambi\u00e9n para los legisladores al otro lado del Atl\u00e1ntico.<\/p>\n<p>La administraci\u00f3n Trump ha criticado duramente el reglamento digital del bloque, y el vicepresidente JD Vance aprovech\u00f3 un discurso pronunciado en Par\u00eds a principios de 2025 para arremeter contra la UE y advertir que \u00abEstados Unidos no puede aceptar y no aceptar\u00e1\u00bb que gobiernos extranjeros \u00abaprieten las tuercas\u00bb a las empresas tecnol\u00f3gicas estadounidenses.<\/p>\n<p>Las nuevas medidas que acaba de presentar la\u00a0CE no imponen nuevas obligaciones legales a las grandes tecnol\u00f3gicas, sino que piden a plataformas como Facebook, TikTok y Google \u2014que se han adherido voluntariamente a un c\u00f3digo de conducta de la UE contra la desinformaci\u00f3n\u2014 que colaboren de forma m\u00e1s proactiva con los gobiernos.<\/p>\n<p><span data-slot-id=\"Article_InContent-1\" class=\"rich-text-ad\"\/><\/p>\n<h2>\u00bfY qu\u00e9 pasa con X?<\/h2>\n<p>Esto ha vuelto a poner en el punto de mira a X, anteriormente Twitter, que se retir\u00f3 de todas las medidas voluntarias de la UE en 2023 bajo el liderazgo de Elon Musk.<\/p>\n<p>La Comisi\u00f3n Europea niega las acusaciones que afirman que ha retrasado el resultado de una investigaci\u00f3n de dos a\u00f1os sobre presuntas infracciones de la legislaci\u00f3n europea en X, en un intento por mantener contento al Gobierno de Trump, en medio de la incertidumbre sobre los aranceles estadounidenses y el apoyo a Ucrania.<\/p>\n<p>Reporteros sin Fronteras es una de las organizaciones que ha pedido a la UE un endurecimiento de las medidas tecnol\u00f3gicas de su plan de protecci\u00f3n de la democracia. \u00abEs hora de recuperar el control del espacio en l\u00ednea, garantizando que los algoritmos de las plataformas de redes sociales y los asistentes de inteligencia artificial est\u00e9n dise\u00f1ados para defender las garant\u00edas democr\u00e1ticas mediante la promoci\u00f3n de fuentes de noticias fiables\u00bb, ha dicho Thibaut Bruttin, director general de RSF.<\/p>\n<p>(ms\/cp)<\/p>\n<\/div>\n\n","protected":false},"excerpt":{"rendered":"<p>La Uni\u00f3n Europea quiere hacer frente a la injerencia extranjera y frenar el flujo de desinformaci\u00f3n que se difunde por internet. Para ello, la Comisi\u00f3n Europea acaba de presentar un proyecto denominado Escudo Europeo de la Democracia. \u00abLa desinformaci\u00f3n, la manipulaci\u00f3n algor\u00edtmica, la presi\u00f3n financiera sobre los medios de comunicaci\u00f3n y las herramientas de inteligencia &hellip;<\/p>\n","protected":false},"author":1,"featured_media":49746,"comment_status":"open","ping_status":"open","sticky":false,"template":"","format":"standard","meta":{"fifu_image_url":"https:\/\/static.dw.com\/image\/74445041_6.jpg","fifu_image_alt":"","footnotes":""},"categories":[13],"tags":[],"class_list":["post-49745","post","type-post","status-publish","format-standard","has-post-thumbnail","","category-mundo"],"_links":{"self":[{"href":"https:\/\/noticiasveraces.com\/index.php?rest_route=\/wp\/v2\/posts\/49745","targetHints":{"allow":["GET"]}}],"collection":[{"href":"https:\/\/noticiasveraces.com\/index.php?rest_route=\/wp\/v2\/posts"}],"about":[{"href":"https:\/\/noticiasveraces.com\/index.php?rest_route=\/wp\/v2\/types\/post"}],"author":[{"embeddable":true,"href":"https:\/\/noticiasveraces.com\/index.php?rest_route=\/wp\/v2\/users\/1"}],"replies":[{"embeddable":true,"href":"https:\/\/noticiasveraces.com\/index.php?rest_route=%2Fwp%2Fv2%2Fcomments&post=49745"}],"version-history":[{"count":0,"href":"https:\/\/noticiasveraces.com\/index.php?rest_route=\/wp\/v2\/posts\/49745\/revisions"}],"wp:featuredmedia":[{"embeddable":true,"href":"https:\/\/noticiasveraces.com\/index.php?rest_route=\/wp\/v2\/media\/49746"}],"wp:attachment":[{"href":"https:\/\/noticiasveraces.com\/index.php?rest_route=%2Fwp%2Fv2%2Fmedia&parent=49745"}],"wp:term":[{"taxonomy":"category","embeddable":true,"href":"https:\/\/noticiasveraces.com\/index.php?rest_route=%2Fwp%2Fv2%2Fcategories&post=49745"},{"taxonomy":"post_tag","embeddable":true,"href":"https:\/\/noticiasveraces.com\/index.php?rest_route=%2Fwp%2Fv2%2Ftags&post=49745"}],"curies":[{"name":"wp","href":"https:\/\/api.w.org\/{rel}","templated":true}]}}