{"id":49724,"date":"2025-11-13T08:30:00","date_gmt":"2025-11-13T12:30:00","guid":{"rendered":"https:\/\/noticiasveraces.com\/?p=49724"},"modified":"2025-11-13T08:30:00","modified_gmt":"2025-11-13T12:30:00","slug":"falcao-garcia-elogio-lo-hecho-por-seleccion-colombia-y-no-quiso-hablar-sobre-su-futuro-curiosidades-de-futbol","status":"publish","type":"post","link":"https:\/\/noticiasveraces.com\/?p=49724","title":{"rendered":"Falcao Garc\u00eda elogi\u00f3 lo hecho por Selecci\u00f3n Colombia y no quiso hablar sobre su futuro | Curiosidades de f\u00fatbol"},"content":{"rendered":"<p> \n<br \/><img decoding=\"async\" src=\"https:\/\/www.futbolred.com\/files\/article_graphic\/uploads\/2025\/06\/12\/684a747220f4c.png\" \/><\/p>\n<div id=\"cuerpoArticulo\">\n<p class=\"texto intro cnx-companion-firstparagraph\" id=\"p258554-m341-340-342\"><b>Radamel Falcao Garc\u00eda<\/b> regres\u00f3 en las \u00faltimas horas a Bogot\u00e1 para cumplir con un compromiso comercial con una marca que lo patrocina y donde fue rodeado por varios peque\u00f1os de 12 a 13 que preguntaron sobre su carrera.  <\/p>\n<p>En medio de la rueda de prensa, el Tigre habl\u00f3 de su paso por<b> Millonarios, <\/b>envi\u00f3 un mensaje a la<b> Selecci\u00f3n Colombia <\/b>y adem\u00e1s se refiri\u00f3 a su futuro, aunque no dej\u00f3 claro si seguir\u00e1 en la actividad o se retirar\u00e1.  <\/p>\n<p>Inicialmente, se refiri\u00f3 a lo que fue su aventura en el FPC con el Embajador y asegur\u00f3 que cumpli\u00f3 su sue\u00f1o: \u201cCumplir un sue\u00f1o de ni\u00f1o, yo tuve que irme muy joven, entonces como que ese sue\u00f1o se posterg\u00f3. Una vez que lo concret\u00e9, feliz, contento, era algo que me faltaba en la lista de sue\u00f1os\u201d.<\/p>\n<p class=\"texto contenido-parrafo-articulo cnx-companion-paragraph\" id=\"p258554-m417-3-418\">Despu\u00e9s, fue preguntado si extra\u00f1a Colombia y la vida en Bogot\u00e1: \u201csiempre hace falta de compartir con la gente y recibir el cari\u00f1o de todo el mundo, siempre es lindo volver a estar ac\u00e1\u201d.  <\/p>\n<p>Por otro lado, elogi\u00f3 el trabajo de la Selecci\u00f3n Colombia previo al Mundial: \u201cLa veo bien, el equipo est\u00e1 en un momento de subida, est\u00e1n m\u00e1s tranquilos y los resultados acompa\u00f1an y favorecen para que puedan seguir mejorando y creciendo\u201d. <\/p>\n<p>Adem\u00e1s, evit\u00f3 hablar de su futuro y asegur\u00f3 que aprovecha el tiempo libre: \u201cEstamos aprovechando este momento que no estoy jugando para hacer lo que no hab\u00eda hecho durante mucho tiempo y disfrutar con ellos, estar m\u00e1s presentes con los ni\u00f1os, en las actividades del colegio, en el d\u00eda a d\u00eda, que muchas veces nosotros los futbolistas nos perdemos y muy feliz de poder disfrutar este tiempo con ellos\u201d.  <\/p>\n<p>Finalmente, envi\u00f3 un mensaje a aquellos ni\u00f1os que sue\u00f1an con ser futbolistas: \u201cEra lo que so\u00f1aba de ni\u00f1o, deseaba en alg\u00fan momento influenciar a la ni\u00f1ez y ayudarlos y quiz\u00e1 que el legado que dejara pudiera ser m\u00e1s all\u00e1 del f\u00fatbol, estos ni\u00f1os me llenan de energ\u00eda y puedo decir que vali\u00f3 la pena todo el esfuerzo\u201d.<\/p>\n<\/div>\n\n","protected":false},"excerpt":{"rendered":"<p>Radamel Falcao Garc\u00eda regres\u00f3 en las \u00faltimas horas a Bogot\u00e1 para cumplir con un compromiso comercial con una marca que lo patrocina y donde fue rodeado por varios peque\u00f1os de 12 a 13 que preguntaron sobre su carrera. En medio de la rueda de prensa, el Tigre habl\u00f3 de su paso por Millonarios, envi\u00f3 un &hellip;<\/p>\n","protected":false},"author":1,"featured_media":49726,"comment_status":"open","ping_status":"open","sticky":false,"template":"","format":"standard","meta":{"fifu_image_url":"https:\/\/www.futbolred.com\/files\/og_thumbnail\/uploads\/2025\/06\/12\/684a747220f4c.png","fifu_image_alt":"","footnotes":""},"categories":[6],"tags":[],"class_list":["post-49724","post","type-post","status-publish","format-standard","has-post-thumbnail","","category-deportes"],"_links":{"self":[{"href":"https:\/\/noticiasveraces.com\/index.php?rest_route=\/wp\/v2\/posts\/49724","targetHints":{"allow":["GET"]}}],"collection":[{"href":"https:\/\/noticiasveraces.com\/index.php?rest_route=\/wp\/v2\/posts"}],"about":[{"href":"https:\/\/noticiasveraces.com\/index.php?rest_route=\/wp\/v2\/types\/post"}],"author":[{"embeddable":true,"href":"https:\/\/noticiasveraces.com\/index.php?rest_route=\/wp\/v2\/users\/1"}],"replies":[{"embeddable":true,"href":"https:\/\/noticiasveraces.com\/index.php?rest_route=%2Fwp%2Fv2%2Fcomments&post=49724"}],"version-history":[{"count":0,"href":"https:\/\/noticiasveraces.com\/index.php?rest_route=\/wp\/v2\/posts\/49724\/revisions"}],"wp:featuredmedia":[{"embeddable":true,"href":"https:\/\/noticiasveraces.com\/index.php?rest_route=\/wp\/v2\/media\/49726"}],"wp:attachment":[{"href":"https:\/\/noticiasveraces.com\/index.php?rest_route=%2Fwp%2Fv2%2Fmedia&parent=49724"}],"wp:term":[{"taxonomy":"category","embeddable":true,"href":"https:\/\/noticiasveraces.com\/index.php?rest_route=%2Fwp%2Fv2%2Fcategories&post=49724"},{"taxonomy":"post_tag","embeddable":true,"href":"https:\/\/noticiasveraces.com\/index.php?rest_route=%2Fwp%2Fv2%2Ftags&post=49724"}],"curies":[{"name":"wp","href":"https:\/\/api.w.org\/{rel}","templated":true}]}}