{"id":49713,"date":"2025-11-13T07:45:16","date_gmt":"2025-11-13T11:45:16","guid":{"rendered":"https:\/\/noticiasveraces.com\/?p=49713"},"modified":"2025-11-13T07:45:16","modified_gmt":"2025-11-13T11:45:16","slug":"fundacion-telefonica-movistar-inaugura-espacio-creador-para-impulsar-la-formacion-tecnologica-en-e-t-i-san-jose-obrero-fe-y-alegria","status":"publish","type":"post","link":"https:\/\/noticiasveraces.com\/?p=49713","title":{"rendered":"Fundaci\u00f3n Telef\u00f3nica Movistar inaugura \u201cEspacio Creador\u201d para impulsar la formaci\u00f3n tecnol\u00f3gica en E.T.I. San Jos\u00e9 Obrero-Fe y Alegr\u00eda"},"content":{"rendered":"<p> \n<\/p>\n<div data-id=\"32b8dfe8\" data-element_type=\"widget\" id=\"texto\" data-widget_type=\"theme-post-content.default\">\n<div class=\"elementor-widget-container\">\n<p>Fundaci\u00f3n Telef\u00f3nica Movistar, en su compromiso por impulsar la educaci\u00f3n digital, inaugur\u00f3 un \u201cEspacio Creador\u201d en la Escuela T\u00e9cnica Industrial (E.T.I.) San Jos\u00e9 Obrero-Fe y Alegr\u00eda, ubicada en la parroquia Ant\u00edmano, en Caracas.<\/p>\n<p>Esta aula, que se integra como parte de la red de Salas Digitales de Movistar, est\u00e1 dise\u00f1ada para potenciar la formaci\u00f3n tecnol\u00f3gica de los j\u00f3venes y ampliar los recursos disponibles para la comunidad estudiantil.<\/p>\n<p>Para el equipamiento de este nuevo espacio de innovaci\u00f3n, Fundaci\u00f3n Telef\u00f3nica Movistar realiz\u00f3 la donaci\u00f3n de una impresora 3D, tabletas gr\u00e1ficas y computadoras de alto rendimiento. Con estas herramientas, los estudiantes podr\u00e1n complementar su aprendizaje y adquirir habilidades para la nueva empleabilidad.<\/p>\n<p>\u201cPara Fundaci\u00f3n Telef\u00f3nica Movistar es un orgullo seguir trabajando de la mano con Fe y Alegr\u00eda, una instituci\u00f3n con la que compartimos el compromiso por una educaci\u00f3n de calidad. Nos sentimos satisfechos de poder contribuir con este espacio y hacerlo, adem\u00e1s, conectando a m\u00e1s estudiantes con las oportunidades que brinda la tecnolog\u00eda. Estamos complementando su formaci\u00f3n t\u00e9cnica con herramientas de vanguardia para que puedan pasar de la teor\u00eda a la pr\u00e1ctica, dise\u00f1ar soluciones innovadoras y desarrollar las competencias digitales y creativas que demanda el entorno actual\u201d, destac\u00f3 In\u00e9s Sandra Machado, Head of Asuntos Corporativos y de Fundaci\u00f3n Telef\u00f3nica Movistar.<\/p>\n<p>Por su parte, Rafael Pe\u00f1a, director de E.T.I. San Jos\u00e9 Obrero-Fe y Alegr\u00eda, expres\u00f3 su gratitud por la alianza y el impacto directo del nuevo espacio en la formaci\u00f3n de los j\u00f3venes. \u201cEstamos agradecidos con el equipo de Fundaci\u00f3n Telef\u00f3nica Movistar por mantener presente al Movimiento Fe y Alegr\u00eda, especialmente en un a\u00f1o tan significativo para nosotros, en el que celebramos nuestro 70 aniversario. Movistar ha sido un aliado constante en este proyecto educativo a lo largo de los a\u00f1os. Este laboratorio nos permitir\u00e1 potenciar el ingenio y la resoluci\u00f3n de problemas en nuestros m\u00e1s de 500 alumnos, elevando la calidad de su formaci\u00f3n t\u00e9cnica\u201d, se\u00f1al\u00f3.<\/p>\n<p>En este Espacio Creador, los estudiantes tambi\u00e9n tendr\u00e1n acceso a la oferta formativa del programa Conecta Empleo de Fundaci\u00f3n Telef\u00f3nica Movistar, que brinda un cat\u00e1logo de m\u00e1s de 50 cursos en l\u00ednea en tem\u00e1ticas como Inteligencia Artificial, Big Data, Dise\u00f1o de Videojuegos, Marketing Digital y Emprendimiento, adaptados a las demandas del mercado laboral.<\/p>\n<p>Fundaci\u00f3n Telef\u00f3nica Movistar reafirma su compromiso de impulsar la educaci\u00f3n y la inclusi\u00f3n a trav\u00e9s de la tecnolog\u00eda, para contribuir a cerrar las brechas digitales y construir sociedades m\u00e1s inclusivas con oportunidades para todos.<\/p>\n<figure class=\"wp-block-gallery has-nested-images columns-default is-cropped wp-block-gallery-1 is-layout-flex wp-block-gallery-is-layout-flex\">\n<figure class=\"wp-block-image size-large\"><img fetchpriority=\"high\" decoding=\"async\" width=\"1300\" height=\"867\" data-id=\"168782\" alt=\"\" class=\"wp-image-168782 ewww_webp\" src-img=\"https:\/\/correodelcaroni.com\/wp-content\/uploads\/2025\/11\/EspacioCreador_4.jpg\" src-webp=\"https:\/\/correodelcaroni.com\/wp-content\/uploads\/2025\/11\/EspacioCreador_4.jpg.webp\" data-eio=\"j\"\/><img fetchpriority=\"high\" decoding=\"async\" width=\"1300\" height=\"867\" data-id=\"168782\" src=\"https:\/\/correodelcaroni.com\/wp-content\/uploads\/2025\/11\/EspacioCreador_4.jpg\" alt=\"\" class=\"wp-image-168782\"\/><\/figure>\n<figure class=\"wp-block-image size-large\"><img loading=\"lazy\" decoding=\"async\" width=\"1300\" height=\"867\" data-id=\"168779\" alt=\"\" class=\"wp-image-168779 lazyload ewww_webp_lazy_load\" src=\"https:\/\/correodelcaroni.com\/wp-content\/uploads\/2025\/11\/EspacioCreador_1.jpg\" data-eio-rwidth=\"1300\" data-eio-rheight=\"867\" src-webp=\"https:\/\/correodelcaroni.com\/wp-content\/uploads\/2025\/11\/EspacioCreador_1.jpg.webp\"\/><img loading=\"lazy\" decoding=\"async\" width=\"1300\" height=\"867\" data-id=\"168779\" src=\"https:\/\/correodelcaroni.com\/wp-content\/uploads\/2025\/11\/EspacioCreador_1.jpg\" alt=\"\" class=\"wp-image-168779\" data-eio=\"l\"\/><\/figure>\n<figure class=\"wp-block-image size-large\"><img loading=\"lazy\" decoding=\"async\" width=\"1300\" height=\"865\" data-id=\"168783\" alt=\"\" class=\"wp-image-168783 lazyload ewww_webp_lazy_load\" src=\"https:\/\/correodelcaroni.com\/wp-content\/uploads\/2025\/11\/EspacioCreador_5.jpg\" data-eio-rwidth=\"1300\" data-eio-rheight=\"865\" src-webp=\"https:\/\/correodelcaroni.com\/wp-content\/uploads\/2025\/11\/EspacioCreador_5.jpg.webp\"\/><img loading=\"lazy\" decoding=\"async\" width=\"1300\" height=\"865\" data-id=\"168783\" src=\"https:\/\/correodelcaroni.com\/wp-content\/uploads\/2025\/11\/EspacioCreador_5.jpg\" alt=\"\" class=\"wp-image-168783\" data-eio=\"l\"\/><\/figure>\n<figure class=\"wp-block-image size-full\"><img loading=\"lazy\" decoding=\"async\" width=\"1300\" height=\"831\" data-id=\"168784\" alt=\"\" class=\"wp-image-168784 lazyload ewww_webp_lazy_load\" src=\"https:\/\/correodelcaroni.com\/wp-content\/uploads\/2025\/11\/EspacioCreador_2a.jpg\" data-eio-rwidth=\"1300\" data-eio-rheight=\"831\" src-webp=\"https:\/\/correodelcaroni.com\/wp-content\/uploads\/2025\/11\/EspacioCreador_2a.jpg.webp\"\/><img loading=\"lazy\" decoding=\"async\" width=\"1300\" height=\"831\" data-id=\"168784\" src=\"https:\/\/correodelcaroni.com\/wp-content\/uploads\/2025\/11\/EspacioCreador_2a.jpg\" alt=\"\" class=\"wp-image-168784\" data-eio=\"l\"\/><\/figure>\n<\/figure><\/div>\n<\/p><\/div>\n\n","protected":false},"excerpt":{"rendered":"<p>Fundaci\u00f3n Telef\u00f3nica Movistar, en su compromiso por impulsar la educaci\u00f3n digital, inaugur\u00f3 un \u201cEspacio Creador\u201d en la Escuela T\u00e9cnica Industrial (E.T.I.) San Jos\u00e9 Obrero-Fe y Alegr\u00eda, ubicada en la parroquia Ant\u00edmano, en Caracas. Esta aula, que se integra como parte de la red de Salas Digitales de Movistar, est\u00e1 dise\u00f1ada para potenciar la formaci\u00f3n tecnol\u00f3gica &hellip;<\/p>\n","protected":false},"author":1,"featured_media":49715,"comment_status":"open","ping_status":"open","sticky":false,"template":"","format":"standard","meta":{"fifu_image_url":"https:\/\/correodelcaroni.com\/wp-content\/uploads\/2025\/11\/EspacioCreador_3.jpg","fifu_image_alt":"","footnotes":""},"categories":[13],"tags":[],"class_list":["post-49713","post","type-post","status-publish","format-standard","has-post-thumbnail","","category-mundo"],"_links":{"self":[{"href":"https:\/\/noticiasveraces.com\/index.php?rest_route=\/wp\/v2\/posts\/49713","targetHints":{"allow":["GET"]}}],"collection":[{"href":"https:\/\/noticiasveraces.com\/index.php?rest_route=\/wp\/v2\/posts"}],"about":[{"href":"https:\/\/noticiasveraces.com\/index.php?rest_route=\/wp\/v2\/types\/post"}],"author":[{"embeddable":true,"href":"https:\/\/noticiasveraces.com\/index.php?rest_route=\/wp\/v2\/users\/1"}],"replies":[{"embeddable":true,"href":"https:\/\/noticiasveraces.com\/index.php?rest_route=%2Fwp%2Fv2%2Fcomments&post=49713"}],"version-history":[{"count":0,"href":"https:\/\/noticiasveraces.com\/index.php?rest_route=\/wp\/v2\/posts\/49713\/revisions"}],"wp:featuredmedia":[{"embeddable":true,"href":"https:\/\/noticiasveraces.com\/index.php?rest_route=\/wp\/v2\/media\/49715"}],"wp:attachment":[{"href":"https:\/\/noticiasveraces.com\/index.php?rest_route=%2Fwp%2Fv2%2Fmedia&parent=49713"}],"wp:term":[{"taxonomy":"category","embeddable":true,"href":"https:\/\/noticiasveraces.com\/index.php?rest_route=%2Fwp%2Fv2%2Fcategories&post=49713"},{"taxonomy":"post_tag","embeddable":true,"href":"https:\/\/noticiasveraces.com\/index.php?rest_route=%2Fwp%2Fv2%2Ftags&post=49713"}],"curies":[{"name":"wp","href":"https:\/\/api.w.org\/{rel}","templated":true}]}}