{"id":49710,"date":"2025-11-13T06:44:09","date_gmt":"2025-11-13T10:44:09","guid":{"rendered":"https:\/\/noticiasveraces.com\/?p=49710"},"modified":"2025-11-13T06:44:09","modified_gmt":"2025-11-13T10:44:09","slug":"venezolanos-priorizan-el-costo-de-la-vida-frente-a-la-llegada-del-portaaviones-estadounidense-al-caribe","status":"publish","type":"post","link":"https:\/\/noticiasveraces.com\/?p=49710","title":{"rendered":"Venezolanos priorizan el costo de la vida frente a la llegada del portaaviones estadounidense al Caribe"},"content":{"rendered":"<p> \n<\/p>\n<p>La cotidianidad en Venezuela prosigui\u00f3 sin alteraciones este mi\u00e9rcoles, con la continuaci\u00f3n de las actividades educativas y laborales y el tr\u00e1nsito habitual de veh\u00edculos y de personas en las calles, un d\u00eda despu\u00e9s de la llegada del mayor portaaviones de Estados Unidos al Caribe, como parte de un despliegue militar que Caracas ve como una \u00abamenaza\u00bb.<\/p>\n<p>Mientras los reflectores de la comunidad internacional apuntaban a la presencia del USS Gerald R. Ford y su grupo de ataque -m\u00e1s de 4.000 marineros y decenas de aeronaves t\u00e1cticas- en la regi\u00f3n, para los venezolanos el hacer frente a los gastos diarios y rendir el presupuesto de cara a las fiestas de Navidad y A\u00f1o Nuevo son la prioridad.<\/p>\n<p>El comercio tambi\u00e9n sigui\u00f3 su ritmo habitual, con sus espacios ya decorados con elementos de la Navidad, una festividad que comenz\u00f3 oficialmente el pasado octubre en el pa\u00eds por decisi\u00f3n del presidente Nicol\u00e1s Maduro.<\/p>\n<p>El d\u00eda a d\u00eda, una preocupaci\u00f3n<br \/>\n\u00abEn a\u00f1os anteriores hab\u00eda posibilidades de vivir mejor, (&#8230;) hace diez o quince a\u00f1os se ve\u00eda el dinero y rend\u00eda\u00bb, dijo a EFE Dora Garc\u00eda, una pensionada de 69 a\u00f1os, quien advirti\u00f3 que en el pa\u00eds \u00abhay mucha gente que est\u00e1 econ\u00f3micamente mal\u00bb y que \u00abno tiene c\u00f3mo sobrevivir\u00bb.<\/p>\n<p>A su juicio, \u00abtodo est\u00e1 muy caro\u00bb, y asegur\u00f3 que su pensi\u00f3n, de 130 bol\u00edvares al mes (unos 55 centavos de d\u00f3lar a la tasa oficial), no alcanza \u00abni para un pasaje\u00bb de autob\u00fas.<\/p>\n<p>Garc\u00eda afirm\u00f3 que \u00abtodo se ve normal\u00bb y no percibe que \u00abhaya una alarma tan fuerte como dicen\u00bb, aunque s\u00ed confes\u00f3 sentir \u00abalgo\u00bb de preocupaci\u00f3n respecto al despliegue de EE.UU.<\/p>\n<p>La pensionada estaba en la Plaza La Candelaria, en el centro de Caracas, donde se sent\u00f3 a contemplar una estatua del primer santo venezolano, el m\u00e9dico Jos\u00e9 Gregorio Hern\u00e1ndez -canonizado el pasado mes de octubre-, que se encuentra en el lugar y en cuya base hay una fuente donde varias personas se acercaron a mojarse las manos.<\/p>\n<p>Una de ellas fue Evelyn Rojas, una contadora de 39 a\u00f1os, quien declar\u00f3 a EFE que su \u00abpreocupaci\u00f3n es el costo de la vida hoy en d\u00eda\u00bb.<\/p>\n<p>\u00abLas oportunidades econ\u00f3micas no son muy buenas aqu\u00ed en Venezuela y uno tiene como que sobrevivir en vez de vivir\u00bb, refiri\u00f3 Rojas, quien admiti\u00f3 que no tiene los ingresos suficientes para una compra navide\u00f1a igual a la del a\u00f1o anterior.<\/p>\n<p>Entretanto, confes\u00f3, trata de \u00abno pensar\u00bb en el despliegue estadounidense, al que considera \u00abincierto\u00bb, debido a que, se\u00f1al\u00f3, no se sabe \u00abqu\u00e9 va a pasar\u00bb.<\/p>\n<p>Cultura en pie<br \/>\nEste mi\u00e9rcoles tambi\u00e9n continu\u00f3 la decimosexta Feria del Libro de Caracas, celebrada en la Galer\u00eda de Arte Nacional (GAN), que anunci\u00f3 el martes su extensi\u00f3n hasta el pr\u00f3ximo 17 de noviembre.<\/p>\n<p>En uno de los puestos estaba Diana Hern\u00e1ndez, de 35 a\u00f1os, quien se present\u00f3 como \u00abneoescritora\u00bb, cuya principal preocupaci\u00f3n es el tema econ\u00f3mico, como el de \u00abtodos los venezolanos\u00bb, seg\u00fan afirm\u00f3 a EFE.<\/p>\n<p>Si bien advierte que \u00abtodos\u00bb sus connacionales se ver\u00edan \u00abperjudicados de una manera u otra\u00bb en caso de una agresi\u00f3n, dijo que hoy se siente principalmente \u00abpreocupada por el d\u00eda a d\u00eda\u00bb y los gastos del hogar.<\/p>\n<p>La normalidad tambi\u00e9n se mantuvo invariable en otras ciudades como Maracaibo, capital del estado Zulia (noroeste, fronterizo con Colombia), donde sigue en desarrollo la agenda de actividades religiosas y de entretenimiento de la 59 edici\u00f3n de la Feria Internacional de la Chinita en honor a la Virgen de Chiquinquir\u00e1, que culminar\u00e1 el 18 de noviembre.<\/p>\n<p>El Gobierno insiste en la preparaci\u00f3n en caso de una \u00ablucha armada\u00bb y moviliz\u00f3 este martes a 200.000 efectivos, as\u00ed como \u00abmedios terrestres, a\u00e9reos, navales, fluviales\u00bb, en todo el territorio, para enfrentar las que considera como \u00abamenazas imperiales\u00bb.<\/p>\n<p>Adem\u00e1s, ha llamado a los ciudadanos a continuar con sus actividades y a garantizar que el pa\u00eds se mantenga en funcionamiento.<\/p>\n<p>EFE<\/p>\n<p><img loading=\"lazy\" decoding=\"async\" width=\"1920\" height=\"1280\" src=\"https:\/\/albertonews.com\/wp-content\/uploads\/2025\/11\/Venezolanos-Caracas-gente-2.jpg\" class=\"attachment-full size-full\" alt=\"\" \/><br \/>\n<img loading=\"lazy\" decoding=\"async\" width=\"1920\" height=\"1280\" src=\"https:\/\/albertonews.com\/wp-content\/uploads\/2025\/11\/Venezolanos-Caracas-gente-2-1.jpg\" class=\"attachment-full size-full\" alt=\"\" \/><br \/>\n<img loading=\"lazy\" decoding=\"async\" width=\"1920\" height=\"1280\" src=\"https:\/\/albertonews.com\/wp-content\/uploads\/2025\/11\/Venezolanos-Caracas-gente-3.jpg\" class=\"attachment-full size-full\" alt=\"\" \/><br \/>\n<img decoding=\"async\" loading=\"lazy\" width=\"1920\" height=\"1280\" src=\"https:\/\/albertonews.com\/wp-content\/uploads\/2025\/11\/Venezolanos-Caracas-gente-4.jpg\" class=\"attachment-full size-full\" alt=\"\" \/><br \/>\n<img decoding=\"async\" loading=\"lazy\" width=\"1920\" height=\"1280\" src=\"https:\/\/albertonews.com\/wp-content\/uploads\/2025\/11\/Venezolanos-Caracas-gente-5.jpg\" class=\"attachment-full size-full\" alt=\"\" \/><br \/>\n<img decoding=\"async\" loading=\"lazy\" width=\"1920\" height=\"1280\" src=\"https:\/\/albertonews.com\/wp-content\/uploads\/2025\/11\/Venezolanos-Caracas-gente-6.jpg\" class=\"attachment-full size-full\" alt=\"\" \/><br \/>\n<img decoding=\"async\" loading=\"lazy\" width=\"1920\" height=\"1280\" src=\"https:\/\/albertonews.com\/wp-content\/uploads\/2025\/11\/Venezolanos-Caracas-gente-7.jpg\" class=\"attachment-full size-full\" alt=\"\" \/><br \/>\n<img decoding=\"async\" loading=\"lazy\" width=\"1920\" height=\"1280\" src=\"https:\/\/albertonews.com\/wp-content\/uploads\/2025\/11\/Venezolanos-Caracas-gente-8.jpg\" class=\"attachment-full size-full\" alt=\"\" \/><br \/>\n<img decoding=\"async\" loading=\"lazy\" width=\"1920\" height=\"1280\" src=\"https:\/\/albertonews.com\/wp-content\/uploads\/2025\/11\/Venezolanos-Caracas-gente-9.jpg\" class=\"attachment-full size-full\" alt=\"\" \/><br \/>\n<img decoding=\"async\" loading=\"lazy\" width=\"1920\" height=\"1280\" src=\"https:\/\/albertonews.com\/wp-content\/uploads\/2025\/11\/Venezolanos-Caracas-gente-10.jpg\" class=\"attachment-full size-full\" alt=\"\" \/><br \/>\n<img decoding=\"async\" loading=\"lazy\" width=\"1920\" height=\"1280\" src=\"https:\/\/albertonews.com\/wp-content\/uploads\/2025\/11\/Venezolanos-Caracas-gente-11.jpg\" class=\"attachment-full size-full\" alt=\"\" \/><br \/>\n<img decoding=\"async\" loading=\"lazy\" width=\"1920\" height=\"1280\" src=\"https:\/\/albertonews.com\/wp-content\/uploads\/2025\/11\/Venezolanos-Caracas-gente-12.jpg\" class=\"attachment-full size-full\" alt=\"\" \/><br \/>\n<img decoding=\"async\" loading=\"lazy\" width=\"1920\" height=\"1280\" src=\"https:\/\/albertonews.com\/wp-content\/uploads\/2025\/11\/Venezolanos-Caracas-gente-13.jpg\" class=\"attachment-full size-full\" alt=\"\" \/><br \/>\n<img decoding=\"async\" loading=\"lazy\" width=\"1920\" height=\"1280\" src=\"https:\/\/albertonews.com\/wp-content\/uploads\/2025\/11\/Venezolanos-Caracas-gente-14.jpg\" class=\"attachment-full size-full\" alt=\"\" \/><br \/>\n<img decoding=\"async\" loading=\"lazy\" width=\"1920\" height=\"1280\" src=\"https:\/\/albertonews.com\/wp-content\/uploads\/2025\/11\/Venezolanos-Caracas-gente-15.jpg\" class=\"attachment-full size-full\" alt=\"\" \/><br \/>\n<img decoding=\"async\" loading=\"lazy\" width=\"1920\" height=\"1280\" src=\"https:\/\/albertonews.com\/wp-content\/uploads\/2025\/11\/Venezolanos-Caracas-gente-1.jpg\" class=\"attachment-full size-full\" alt=\"\" \/><\/p>\n<p>La entrada Venezolanos priorizan el costo de la vida frente a la llegada del portaaviones estadounidense al Caribe se public\u00f3 primero en AlbertoNews &#8211; Periodismo sin censura.<\/p>\n\n","protected":false},"excerpt":{"rendered":"<p>La cotidianidad en Venezuela prosigui\u00f3 sin alteraciones este mi\u00e9rcoles, con la continuaci\u00f3n de las actividades educativas y laborales y el tr\u00e1nsito habitual de veh\u00edculos y de personas en las calles, un d\u00eda despu\u00e9s de la llegada del mayor portaaviones de Estados Unidos al Caribe, como parte de un despliegue militar que Caracas ve como una &hellip;<\/p>\n","protected":false},"author":1,"featured_media":49712,"comment_status":"open","ping_status":"open","sticky":false,"template":"","format":"standard","meta":{"fifu_image_url":"https:\/\/albertonews.com\/wp-content\/uploads\/2025\/11\/Venezolanos-Caracas-gente-2.jpg","fifu_image_alt":"","footnotes":""},"categories":[13],"tags":[],"class_list":["post-49710","post","type-post","status-publish","format-standard","has-post-thumbnail","","category-mundo"],"_links":{"self":[{"href":"https:\/\/noticiasveraces.com\/index.php?rest_route=\/wp\/v2\/posts\/49710","targetHints":{"allow":["GET"]}}],"collection":[{"href":"https:\/\/noticiasveraces.com\/index.php?rest_route=\/wp\/v2\/posts"}],"about":[{"href":"https:\/\/noticiasveraces.com\/index.php?rest_route=\/wp\/v2\/types\/post"}],"author":[{"embeddable":true,"href":"https:\/\/noticiasveraces.com\/index.php?rest_route=\/wp\/v2\/users\/1"}],"replies":[{"embeddable":true,"href":"https:\/\/noticiasveraces.com\/index.php?rest_route=%2Fwp%2Fv2%2Fcomments&post=49710"}],"version-history":[{"count":0,"href":"https:\/\/noticiasveraces.com\/index.php?rest_route=\/wp\/v2\/posts\/49710\/revisions"}],"wp:featuredmedia":[{"embeddable":true,"href":"https:\/\/noticiasveraces.com\/index.php?rest_route=\/wp\/v2\/media\/49712"}],"wp:attachment":[{"href":"https:\/\/noticiasveraces.com\/index.php?rest_route=%2Fwp%2Fv2%2Fmedia&parent=49710"}],"wp:term":[{"taxonomy":"category","embeddable":true,"href":"https:\/\/noticiasveraces.com\/index.php?rest_route=%2Fwp%2Fv2%2Fcategories&post=49710"},{"taxonomy":"post_tag","embeddable":true,"href":"https:\/\/noticiasveraces.com\/index.php?rest_route=%2Fwp%2Fv2%2Ftags&post=49710"}],"curies":[{"name":"wp","href":"https:\/\/api.w.org\/{rel}","templated":true}]}}