{"id":49702,"date":"2025-11-13T05:43:08","date_gmt":"2025-11-13T09:43:08","guid":{"rendered":"https:\/\/noticiasveraces.com\/?p=49702"},"modified":"2025-11-13T05:43:08","modified_gmt":"2025-11-13T09:43:08","slug":"cabello-ironizo-sobre-posible-viaje-de-maria-corina-machado-a-noruega-para-recibir-el-nobel-de-la-paz","status":"publish","type":"post","link":"https:\/\/noticiasveraces.com\/?p=49702","title":{"rendered":"Cabello ironiz\u00f3 sobre posible viaje de Mar\u00eda Corina Machado a Noruega para recibir el Nobel de la Paz"},"content":{"rendered":"<p> \n<\/p>\n<div>\n<p> <span rel=\"author\" class=\"fn\">con una esp\u00e1tula<\/span><\/p>\n<p> <time class=\"entry-date published updated\" datetime=\"2025-11-12T22:43:19-04:00\">noviembre 12 2025, 10:43 pm<\/time> <span class=\"spot-im-replies-count\" data-post-id=\"5831097\"\/><\/p>\n<figure id=\"attachment_5831100\" aria-describedby=\"caption-attachment-5831100\" style=\"width: 803px\" class=\"wp-caption alignnone\"><img fetchpriority=\"high\" decoding=\"async\" onerror=\"this.onerror=null;this.src=\" https:=\"\" class=\"size-full wp-image-5831100\" src=\"https:\/\/sandia.datanubex.uk\/wp-content\/uploads\/2025\/11\/Diosdado-MCM-Nobel-de-la-Paz.jpg\" alt=\"\" width=\"803\" height=\"513\"\/><figcaption id=\"caption-attachment-5831100\" class=\"wp-caption-text\">Foto, cortes\u00eda: Con el Mazo Dando<\/figcaption><\/figure>\n<\/p>\n<p>Durante la nueva emisi\u00f3n de su programa Con el Mazo Dando, transmitido la noche del mi\u00e9rcoles 12 de noviembre, Diosdado Cabello se refiri\u00f3 con tono sarc\u00e1stico a un supuesto viaje de la l\u00edder opositora Mar\u00eda Corina Machado a Noruega, donde presuntamente recibir\u00eda el Premio Nobel de la Paz el pr\u00f3ximo 10 de diciembre.<\/p>\n<p><!-- Begin Mailchimp Signup Form --><\/p>\n<div id=\"mc_embed_signup\">\n<p><label for=\"mce-EMAIL\">  \u00a1\u00danete al club ahora! Suscr\u00edbete al bolet\u00edn m\u00e1s importante de Venezuela <\/label><iframe data-test-id=\"beehiiv-embed\" height=\"52\" frameborder=\"0\" scrolling=\"no\" style=\"margin: 0; border-radius: 0px !important; &#10; background-color: transparent;\" data-src=\"https:\/\/embeds.beehiiv.com\/cdab9503-16ae-4689-ad4f-1408c727a83a?slim=true\" class=\"lazyload\"><\/iframe><\/p>\n<\/div>\n<p><!--End mc_embed_signup 2--><\/p>\n<p><strong>Por: lapatilla.com<\/strong><\/p>\n<p>Las declaraciones fueron hechas mientras Diosdado Cabello le\u00eda sus acostumbradas cartas an\u00f3nimas, un segmento habitual del programa donde comenta y responde a informaciones o rumores sobre figuras de la oposici\u00f3n.<\/p>\n<p>En medio de la lectura de una de esas cartas, cuestion\u00f3 las afirmaciones de Machado sobre un inminente cambio pol\u00edtico en Venezuela antes de que termine el a\u00f1o.<\/p>\n<p>\u201cLo \u00fanico que va a caer es Cory de la cama cuando sea el 10 de diciembre. Diga en qu\u00e9 tiene que buscar el fulano Premio Nobel que compr\u00f3. Adem\u00e1s, ese Premio Nobel es usado, tiene como 40.000 kil\u00f3metros. No es nuevecito pues\u201d, coment\u00f3 entre risas mientras segu\u00eda leyendo las cartas.<\/p>\n<\/p>\n<blockquote>\n<p>LEE TAMBI\u00c9N: <strong>Daniel Noboa viajar\u00e1 a Noruega para acompa\u00f1ar a Mar\u00eda Corina Machado a recibir el Nobel de la Paz<\/strong><\/p>\n<\/blockquote>\n<\/p>\n<p>Cabello agreg\u00f3 que Machado \u201cest\u00e1 trabajando desde ya en un plan para que desde afuera le ayuden en su campa\u00f1a de hacer creer que todo est\u00e1 listo para ella estar en Noruega ese d\u00eda\u201d.<\/p>\n<p>El n\u00famero dos del chavismo, tambi\u00e9n dijo que Machado hab\u00eda asegurado en reiteradas oportunidades que se producir\u00eda un cambio de r\u00e9gimen antes de que terminara octubre, luego antes de noviembre y ahora, seg\u00fan dijo, \u201cantes de que termine diciembre\u201d.<\/p>\n<p>\u201c\u00bfSer\u00e1 que Cory se va del pa\u00eds antes o despu\u00e9s del esp\u00edritu de Navidad? Bueno, hablando de que Cory se va, resulta que sabe que pronto quedar\u00e1 descubierto en su \u00faltima y gran mentira\u201d, expres\u00f3.<\/p>\n<\/p>\n<blockquote>\n<p>LEE TAMBI\u00c9N: <strong>Mar\u00eda Corina Machado a Daniel Noboa tras aceptar su invitaci\u00f3n: Ser\u00e1 un d\u00eda hist\u00f3rico para la democracia<\/strong><\/p>\n<\/blockquote>\n<\/p>\n<p>La noticia del presunto viaje a Noruega, se dio a conocer cuando el presidente de Ecuador, Daniel Noboa, anunci\u00f3 en sus redes sociales que fue invitado personalmente por Mar\u00eda Corina Machado para acompa\u00f1arla en la ceremonia de entrega del Premio Nobel de la Paz.<\/p>\n<p>  <!-- CONTENT END 2 --><\/div>\n\n","protected":false},"excerpt":{"rendered":"<p>con una esp\u00e1tula noviembre 12 2025, 10:43 pm Foto, cortes\u00eda: Con el Mazo Dando Durante la nueva emisi\u00f3n de su programa Con el Mazo Dando, transmitido la noche del mi\u00e9rcoles 12 de noviembre, Diosdado Cabello se refiri\u00f3 con tono sarc\u00e1stico a un supuesto viaje de la l\u00edder opositora Mar\u00eda Corina Machado a Noruega, donde presuntamente &hellip;<\/p>\n","protected":false},"author":1,"featured_media":49704,"comment_status":"open","ping_status":"open","sticky":false,"template":"","format":"standard","meta":{"fifu_image_url":"https:\/\/sandia.datanubex.uk\/wp-content\/uploads\/2025\/11\/Diosdado-MCM-Nobel-de-la-Paz.jpg","fifu_image_alt":"","footnotes":""},"categories":[13],"tags":[],"class_list":["post-49702","post","type-post","status-publish","format-standard","has-post-thumbnail","","category-mundo"],"_links":{"self":[{"href":"https:\/\/noticiasveraces.com\/index.php?rest_route=\/wp\/v2\/posts\/49702","targetHints":{"allow":["GET"]}}],"collection":[{"href":"https:\/\/noticiasveraces.com\/index.php?rest_route=\/wp\/v2\/posts"}],"about":[{"href":"https:\/\/noticiasveraces.com\/index.php?rest_route=\/wp\/v2\/types\/post"}],"author":[{"embeddable":true,"href":"https:\/\/noticiasveraces.com\/index.php?rest_route=\/wp\/v2\/users\/1"}],"replies":[{"embeddable":true,"href":"https:\/\/noticiasveraces.com\/index.php?rest_route=%2Fwp%2Fv2%2Fcomments&post=49702"}],"version-history":[{"count":0,"href":"https:\/\/noticiasveraces.com\/index.php?rest_route=\/wp\/v2\/posts\/49702\/revisions"}],"wp:featuredmedia":[{"embeddable":true,"href":"https:\/\/noticiasveraces.com\/index.php?rest_route=\/wp\/v2\/media\/49704"}],"wp:attachment":[{"href":"https:\/\/noticiasveraces.com\/index.php?rest_route=%2Fwp%2Fv2%2Fmedia&parent=49702"}],"wp:term":[{"taxonomy":"category","embeddable":true,"href":"https:\/\/noticiasveraces.com\/index.php?rest_route=%2Fwp%2Fv2%2Fcategories&post=49702"},{"taxonomy":"post_tag","embeddable":true,"href":"https:\/\/noticiasveraces.com\/index.php?rest_route=%2Fwp%2Fv2%2Ftags&post=49702"}],"curies":[{"name":"wp","href":"https:\/\/api.w.org\/{rel}","templated":true}]}}