{"id":49670,"date":"2025-11-12T23:51:32","date_gmt":"2025-11-13T03:51:32","guid":{"rendered":"https:\/\/noticiasveraces.com\/?p=49670"},"modified":"2025-11-12T23:51:32","modified_gmt":"2025-11-13T03:51:32","slug":"ecuador-va-a-las-urnas-para-decidir-sobre-una-constituyente-y-el-retorno-de-bases-militares-extranjeras","status":"publish","type":"post","link":"https:\/\/noticiasveraces.com\/?p=49670","title":{"rendered":"Ecuador va a las urnas para decidir sobre una Constituyente y el retorno de bases militares extranjeras"},"content":{"rendered":"<p> \n<\/p>\n<div>\n<p>El referendo y una consulta popular aprobados por el Consejo Electoral, a petici\u00f3n del presidente Daniel Noboa, dar\u00e1n la oportunidad a los votantes de responder el domingo 16 de noviembre a cuatro preguntas sobre asuntos sensibles. Esto en un contexto en el que el Gobierno busca m\u00e1s herramientas para combatir la violencia relacionada con los carteles de narcotr\u00e1fico.<\/p>\n<p>Una de las preguntas propone eliminar la prohibici\u00f3n constitucional para el establecimiento de bases militares extranjeras en territorio ecuatoriano. En concreto, la ciudadan\u00eda se pronunciar\u00e1 sobre la derogaci\u00f3n del art\u00edculo 5 de la Carta Magna, aprobada en 2008, bajo el mandato de Rafael Correa, y cuya promulgaci\u00f3n forz\u00f3 a EE. UU. a salir en 2009 de la ciudad costera de Manta, donde coordinaban acciones contra el narcotr\u00e1fico.<\/p>\n<p>Las otras preguntas se relacionan con la reducci\u00f3n del n\u00famero de legisladores, la eliminaci\u00f3n del financiamiento estatal de partidos pol\u00edticos y la convocatoria a una Asamblea Constituyente (esta se votar\u00e1 mediante consulta popular).<\/p>\n<p class=\"a-read-more\"><span class=\"a-read-more__label\">Leer tambi\u00e9n<\/span>Noboa convoca pol\u00e9mica consulta popular para una Constituyente y un referendo sobre bases extranjeras<\/p>\n<h2><strong>EE. UU. se frota las manos: \u00abUn punto muy estrat\u00e9gico\u00bb<\/strong><\/h2>\n<p>La votaci\u00f3n de este domingo en Ecuador ser\u00e1 seguida de cerca por Washington, que podr\u00eda recuperar la presencia en el Pac\u00edfico suramericano. Tanto el secretario de Estado de EE. UU., Marco Rubio, como la secretaria de Seguridad Nacional, Kristi Noem, han manifestado el inter\u00e9s de la Administraci\u00f3n de Donald Trump por volver a operar una posici\u00f3n militar estrat\u00e9gica en el Pac\u00edfico si los ecuatorianos votan mayoritariamente por el &#8216;S\u00ed&#8217;.<\/p>\n<p>En una visita a Quito, Rubio asegur\u00f3 que, si los \u00abinvitan a regresar\u00bb, lo estudiar\u00edan, ya que \u00abes un punto muy estrat\u00e9gico\u00bb para enfrentar delitos como el \u00abnarcoterrorismo\u00bb y la pesca ilegal.<\/p>\n<div class=\"m-em-image\">\n<figure class=\"m-item-image m-item-image--original m-item-image--has-caption\">\n<picture class=\"a-picture a-picture--original\"><source type=\"image\/webp\" srcset=\"https:\/\/s.france24.com\/media\/display\/4ba4691a-89ac-11f0-bee0-005056a97e36\/w:246\/2025-09-04T153957Z-564542970-RC23LGAPBIJ5-RTRMADP-3-USA-LATAM-RUBIO.webp 246w,https:\/\/s.france24.com\/media\/display\/4ba4691a-89ac-11f0-bee0-005056a97e36\/w:388\/2025-09-04T153957Z-564542970-RC23LGAPBIJ5-RTRMADP-3-USA-LATAM-RUBIO.webp 388w,https:\/\/s.france24.com\/media\/display\/4ba4691a-89ac-11f0-bee0-005056a97e36\/w:720\/2025-09-04T153957Z-564542970-RC23LGAPBIJ5-RTRMADP-3-USA-LATAM-RUBIO.webp 720w,https:\/\/s.france24.com\/media\/display\/4ba4691a-89ac-11f0-bee0-005056a97e36\/w:980\/2025-09-04T153957Z-564542970-RC23LGAPBIJ5-RTRMADP-3-USA-LATAM-RUBIO.webp 980w\" sizes=\"(max-width: 1023px) calc(100vw - 32px), (min-width: 1024px) 850px\"><img decoding=\"async\" fetchpriority=\"low\" src=\"https:\/\/s.france24.com\/media\/display\/4ba4691a-89ac-11f0-bee0-005056a97e36\/w:980\/2025-09-04T153957Z-564542970-RC23LGAPBIJ5-RTRMADP-3-USA-LATAM-RUBIO.jpg\" srcset=\"https:\/\/s.france24.com\/media\/display\/4ba4691a-89ac-11f0-bee0-005056a97e36\/w:246\/2025-09-04T153957Z-564542970-RC23LGAPBIJ5-RTRMADP-3-USA-LATAM-RUBIO.jpg 246w,https:\/\/s.france24.com\/media\/display\/4ba4691a-89ac-11f0-bee0-005056a97e36\/w:388\/2025-09-04T153957Z-564542970-RC23LGAPBIJ5-RTRMADP-3-USA-LATAM-RUBIO.jpg 388w,https:\/\/s.france24.com\/media\/display\/4ba4691a-89ac-11f0-bee0-005056a97e36\/w:720\/2025-09-04T153957Z-564542970-RC23LGAPBIJ5-RTRMADP-3-USA-LATAM-RUBIO.jpg 720w,https:\/\/s.france24.com\/media\/display\/4ba4691a-89ac-11f0-bee0-005056a97e36\/w:980\/2025-09-04T153957Z-564542970-RC23LGAPBIJ5-RTRMADP-3-USA-LATAM-RUBIO.jpg 980w\" sizes=\"(max-width: 1023px) calc(100vw - 32px), (min-width: 1024px) 850px\" alt=\"El secretario de Estado de Estados Unidos, Marco Rubio, y el presidente de Ecuador, Daniel Noboa, se estrechan la mano en el palacio presidencial de Quito, Ecuador, el jueves 4 de septiembre de 2025.\" style=\"max-height:567px\" loading=\"lazy\" class=\"a-img \"\/><\/source><\/picture><figcaption class=\"a-figcaption\">\n                <span>El secretario de Estado de Estados Unidos, Marco Rubio, y el presidente de Ecuador, Daniel Noboa, se estrechan la mano en el palacio presidencial de Quito, Ecuador, el jueves 4 de septiembre de 2025.<\/span>                <span>\u00a9 Reuters\/Jacquelyn Mart\u00edn<\/span>            <\/figcaption><\/figure>\n<\/p><\/div>\n<p>Volver a levantar una sede militar en Ecuador,\u00a0 servir\u00eda a EE. UU. no solo en la lucha contra el narcotr\u00e1fico, sino tambi\u00e9n para contrarrestar el avance de China en la regi\u00f3n.<\/p>\n<p>Un apoyo mayoritario del \u00abS\u00ed\u00bb al regreso de las bases militares ser\u00eda un espaldarazo a Trump, quien busca exhibir m\u00fasculo en Suram\u00e9rica, en un momento de tensiones crecientes por el despliegue militar estadounidense en el Caribe y los bombardeos de cerca de una veintena de supuestas narcolanchas \u2014en operaciones catalogadas como ejecuciones sumarias por organizaciones como la ONU o Human Rights Watch\u2013.<\/p>\n<div class=\"m-em-image\">\n<figure class=\"m-item-image m-item-image--original m-item-image--has-caption\">\n<picture class=\"a-picture a-picture--original\"><source type=\"image\/webp\" srcset=\"https:\/\/s.france24.com\/media\/display\/203fc244-ba97-11f0-803f-005056a97e36\/w:246\/f6576e10be4b5e57747aea14ec0747c054684990.webp 246w,https:\/\/s.france24.com\/media\/display\/203fc244-ba97-11f0-803f-005056a97e36\/w:388\/f6576e10be4b5e57747aea14ec0747c054684990.webp 388w,https:\/\/s.france24.com\/media\/display\/203fc244-ba97-11f0-803f-005056a97e36\/w:720\/f6576e10be4b5e57747aea14ec0747c054684990.webp 720w,https:\/\/s.france24.com\/media\/display\/203fc244-ba97-11f0-803f-005056a97e36\/w:980\/f6576e10be4b5e57747aea14ec0747c054684990.webp 980w\" sizes=\"(max-width: 1023px) calc(100vw - 32px), (min-width: 1024px) 850px\"><img decoding=\"async\" fetchpriority=\"low\" src=\"https:\/\/s.france24.com\/media\/display\/203fc244-ba97-11f0-803f-005056a97e36\/w:980\/f6576e10be4b5e57747aea14ec0747c054684990.jpg\" srcset=\"https:\/\/s.france24.com\/media\/display\/203fc244-ba97-11f0-803f-005056a97e36\/w:246\/f6576e10be4b5e57747aea14ec0747c054684990.jpg 246w,https:\/\/s.france24.com\/media\/display\/203fc244-ba97-11f0-803f-005056a97e36\/w:388\/f6576e10be4b5e57747aea14ec0747c054684990.jpg 388w,https:\/\/s.france24.com\/media\/display\/203fc244-ba97-11f0-803f-005056a97e36\/w:720\/f6576e10be4b5e57747aea14ec0747c054684990.jpg 720w,https:\/\/s.france24.com\/media\/display\/203fc244-ba97-11f0-803f-005056a97e36\/w:980\/f6576e10be4b5e57747aea14ec0747c054684990.jpg 980w\" sizes=\"(max-width: 1023px) calc(100vw - 32px), (min-width: 1024px) 850px\" alt=\"La secretaria de Seguridad Nacional de Estados Unidos, Kristi Noem, y el presidente de Ecuador, Daniel Noboa, recorren la base a\u00e9rea Eloy Alfaro en Manta, Ecuador, el 5 de noviembre de 2025.\" style=\"max-height:567px\" loading=\"lazy\" class=\"a-img \"\/><\/source><\/picture><figcaption class=\"a-figcaption\">\n                <span>La secretaria de Seguridad Nacional de Estados Unidos, Kristi Noem, y el presidente de Ecuador, Daniel Noboa, recorren la base a\u00e9rea Eloy Alfaro en Manta, Ecuador, el 5 de noviembre de 2025.<\/span>                <span>\u00a9 Alex Brandon \/ PISCINA\/AFP<\/span>            <\/figcaption><\/figure>\n<\/p><\/div>\n<p>Kristi Noem visit\u00f3 Ecuador en dos ocasiones en menos de tres meses para visitar junto a Noboa \u00e1reas de bases potenciales en\u00a0Manta y Salinas.<\/p>\n<p>El presidente ecuatoriano descart\u00f3 el retorno de infraestructuras militares estadounidenses a las islas Gal\u00e1pagos, ante las cr\u00edticas de la oposici\u00f3n y de colectivos ambientalistas.<\/p>\n<p class=\"a-read-more\"><span class=\"a-read-more__label\">Leer tambi\u00e9n<\/span>Corte Constitucional de Ecuador avala pregunta del referendo sobre bases militares extranjeras<\/p>\n<h2><strong>Voces a favor y en contra <\/strong><\/h2>\n<p>Las posturas frente al referendo y la consulta lucen tan divididas que ni las encuestadoras convergen a la hora de medir el pulso electoral. El sondeo publicado por Cedatos\u00a0el 5 de noviembre muestra un respaldo al regreso de las bases militares de un 53%, frente al 34% que se inclina por el \u00abNo\u00bb.<\/p>\n<p>Eso s\u00ed, la encuesta evidencia que para muchos residentes de Manta, donde hubo una base de EE. UU. hasta 2009, la instalaci\u00f3n de una base militar extranjera ser\u00eda \u00abuna p\u00e9rdida de tiempo y dinero\u00bb, a pesar de la violencia y balaceras frecuentes en esta ciudad.<\/p>\n<p>En contraste, la encuesta de Clima Social refleja un rechazo a la reforma constitucional del 43%, frente al 38% que la apoya. Los pron\u00f3sticos estiman que el 15% del electorado se muestra indeciso, por lo que los d\u00edas previos a la votaci\u00f3n pueden ser definitivos para captar a los dudosos.<\/p>\n<p>Los seguidores de Noboa respaldan una pol\u00edtica de mano dura en materia de seguridad luego de que su pa\u00eds, que fue uno de los m\u00e1s seguros de la regi\u00f3n, se convirtiera en uno de los m\u00e1s azotados por la delincuencia y el narcotr\u00e1fico.<\/p>\n<div class=\"m-em-image\">\n<figure class=\"m-item-image m-item-image--original m-item-image--has-caption\">\n<picture class=\"a-picture a-picture--original\"><source type=\"image\/webp\" srcset=\"https:\/\/s.france24.com\/media\/display\/87426688-bfdb-11f0-823f-005056a90284\/w:246\/e6a34d7dcb994e5cc2b12833d8c16def5dc998e3.webp 246w,https:\/\/s.france24.com\/media\/display\/87426688-bfdb-11f0-823f-005056a90284\/w:388\/e6a34d7dcb994e5cc2b12833d8c16def5dc998e3.webp 388w,https:\/\/s.france24.com\/media\/display\/87426688-bfdb-11f0-823f-005056a90284\/w:720\/e6a34d7dcb994e5cc2b12833d8c16def5dc998e3.webp 720w,https:\/\/s.france24.com\/media\/display\/87426688-bfdb-11f0-823f-005056a90284\/w:980\/e6a34d7dcb994e5cc2b12833d8c16def5dc998e3.webp 980w\" sizes=\"(max-width: 1023px) calc(100vw - 32px), (min-width: 1024px) 850px\"><img decoding=\"async\" fetchpriority=\"low\" src=\"https:\/\/s.france24.com\/media\/display\/87426688-bfdb-11f0-823f-005056a90284\/w:980\/e6a34d7dcb994e5cc2b12833d8c16def5dc998e3.jpg\" srcset=\"https:\/\/s.france24.com\/media\/display\/87426688-bfdb-11f0-823f-005056a90284\/w:246\/e6a34d7dcb994e5cc2b12833d8c16def5dc998e3.jpg 246w,https:\/\/s.france24.com\/media\/display\/87426688-bfdb-11f0-823f-005056a90284\/w:388\/e6a34d7dcb994e5cc2b12833d8c16def5dc998e3.jpg 388w,https:\/\/s.france24.com\/media\/display\/87426688-bfdb-11f0-823f-005056a90284\/w:720\/e6a34d7dcb994e5cc2b12833d8c16def5dc998e3.jpg 720w,https:\/\/s.france24.com\/media\/display\/87426688-bfdb-11f0-823f-005056a90284\/w:980\/e6a34d7dcb994e5cc2b12833d8c16def5dc998e3.jpg 980w\" sizes=\"(max-width: 1023px) calc(100vw - 32px), (min-width: 1024px) 850px\" alt=\"Las instalaciones que albergaron el puesto de operaciones avanzadas estadounidense (FOL) en la Base A\u00e9rea Eloy Alfaro, en Manta, Ecuador, en una imagen del 8 de noviembre de 2025\" style=\"max-height:567px\" loading=\"lazy\" class=\"a-img \"\/><\/source><\/picture><figcaption class=\"a-figcaption\">\n                <span>Las instalaciones que albergaron el puesto de operaciones avanzadas estadounidense (FOL) en la Base A\u00e9rea Eloy Alfaro, en Manta, Ecuador, en una imagen del 8 de noviembre de 2025<\/span>                <span>\u00a9 Marcos Pin \/ AFP<\/span>            <\/figcaption><\/figure>\n<\/p><\/div>\n<p>Entre tanto, el movimiento corre\u00edsta se opone a la derogaci\u00f3n del art\u00edculo 5 al asegurar que las bases militares extranjeras no van a solucionar los problemas de seguridad que tienen inmerso a Ecuador en su peor crisis de violencia, al registrar un promedio de un asesinato por hora.<\/p>\n<p>\u00abNunca le fue tan bien a Ecuador desde que sali\u00f3 la base de Manta, hasta el 2017 (a\u00f1o que el corre\u00edsmo perdi\u00f3 el poder)\u00bb, dijo Correa en una reciente conversaci\u00f3n televisada con la excandidata presidencial de su partido Luisa Gonz\u00e1lez.<\/p>\n<p>Ambos aseguraron que los soldados estadounidenses comet\u00edan \u00ababusos\u00bb en Manta y que \u00aberan inimputables a todo nivel\u00bb. Adem\u00e1s, se\u00f1alaron que Colombia, que ha recibido apoyo militar de EE. UU. \u00abpor d\u00e9cadas\u00bb, no ha logrado frenar la producci\u00f3n de coca\u00edna.<\/p>\n<p>\u00ab(Noboa) lo que quiere es entregar nuestro pa\u00eds, nuestra soberan\u00eda, el manejo de los recursos de Ecuador\u00bb, se\u00f1al\u00f3 Gonz\u00e1lez, quien en otra entrevista propuso a cambio que \u00abequipe a la Polic\u00eda\u00bb con implementos y presupuesto.<\/p>\n<div id=\"em-WBMZ350207-F24-ES-20251112\" class=\"m-em-flash\" data-xtwitter-script=\"\"><figcaption class=\"a-figcaption\">\n<\/figcaption><div class=\"o-em-consent \">\n<div class=\"o-em-consent__content\">\n<p class=\"o-em-consent__content__text\">Para mostrar este contenido de X (Twitter), debe autorizar las cookies de medici\u00f3n de audiencia y publicidad.<\/p>\n<p>        <button class=\"a-master-button a-master-button--dark\" data-action=\"accept\">Aceptar<i class=\"a-svg a-svg--icon-check\"\/><\/button><br \/>\n        <button class=\"a-link\" data-action=\"manage\">Gestionar mis opciones<i class=\"a-svg a-svg--icon-edit\"\/><\/button>\n    <\/div>\n<\/div>\n<\/div>\n<p>El Movimiento Ind\u00edgena Conaie, que convoc\u00f3 a una huelga nacional de un mes que culmin\u00f3 en octubre, hizo un llamado a\u00a0una \u00abMinga Nacional por el NO\u00bb, argumentando que permitir bases extranjeras limitar\u00eda el control del pa\u00eds sobre su territorio y sus fuerzas armadas.\u00a0Noboa ha negado en reiteradas ocasiones que est\u00e9 en juego una parte de la soberan\u00eda nacional.<\/p>\n<h2><strong>Una Constituci\u00f3n que reemplace la que dej\u00f3 el corre\u00edsmo<\/strong><\/h2>\n<p>Noboa no ha escondido su intenso deseo de una Constituyente.\u00a0La Asamblea Constituyente ha sido una de las promesas m\u00e1s repetidas por el presidente, quien fue reelegido para un periodo pleno (2025-2029), tras llegar abruptamente al poder en 2023, tras la\u00a0disoluci\u00f3n del Parlamento\u00a0por parte del entonces mandatario,\u00a0Guillermo Lasso.<\/p>\n<p>Por eso, tras vencer por segunda vez a la corre\u00edsta Luisa Gonz\u00e1lez, lo que le permiti\u00f3 ser reelegido en abril como presidente hasta 2029, Noboa quiere marcar su periodo con una nueva Constituci\u00f3n que reemplace a la Carta Magna promovida por el izquierdista Rafael Correa en 2008.<\/p>\n<div class=\"m-em-image\">\n<figure class=\"m-item-image m-item-image--original m-item-image--has-caption\">\n<picture class=\"a-picture a-picture--original\"><source type=\"image\/webp\" srcset=\"https:\/\/s.france24.com\/media\/display\/b64205d0-b42b-11f0-8959-005056bfb2b6\/w:246\/23760def90972fd5d52c57c6ebb5084a5b3a38a4.webp 246w,https:\/\/s.france24.com\/media\/display\/b64205d0-b42b-11f0-8959-005056bfb2b6\/w:388\/23760def90972fd5d52c57c6ebb5084a5b3a38a4.webp 388w,https:\/\/s.france24.com\/media\/display\/b64205d0-b42b-11f0-8959-005056bfb2b6\/w:720\/23760def90972fd5d52c57c6ebb5084a5b3a38a4.webp 720w,https:\/\/s.france24.com\/media\/display\/b64205d0-b42b-11f0-8959-005056bfb2b6\/w:980\/23760def90972fd5d52c57c6ebb5084a5b3a38a4.webp 980w\" sizes=\"(max-width: 1023px) calc(100vw - 32px), (min-width: 1024px) 850px\"><img decoding=\"async\" fetchpriority=\"low\" src=\"https:\/\/s.france24.com\/media\/display\/b64205d0-b42b-11f0-8959-005056bfb2b6\/w:980\/23760def90972fd5d52c57c6ebb5084a5b3a38a4.jpg\" srcset=\"https:\/\/s.france24.com\/media\/display\/b64205d0-b42b-11f0-8959-005056bfb2b6\/w:246\/23760def90972fd5d52c57c6ebb5084a5b3a38a4.jpg 246w,https:\/\/s.france24.com\/media\/display\/b64205d0-b42b-11f0-8959-005056bfb2b6\/w:388\/23760def90972fd5d52c57c6ebb5084a5b3a38a4.jpg 388w,https:\/\/s.france24.com\/media\/display\/b64205d0-b42b-11f0-8959-005056bfb2b6\/w:720\/23760def90972fd5d52c57c6ebb5084a5b3a38a4.jpg 720w,https:\/\/s.france24.com\/media\/display\/b64205d0-b42b-11f0-8959-005056bfb2b6\/w:980\/23760def90972fd5d52c57c6ebb5084a5b3a38a4.jpg 980w\" sizes=\"(max-width: 1023px) calc(100vw - 32px), (min-width: 1024px) 850px\" alt=\"El presidente ecuatoriano, Daniel Noboa, asiste a un acto por el d\u00eda de la Fuerza A\u00e9rea de Ecuador en la base militar Mariscal Sucre, el 17 de octubre de 2025 en Quito\" style=\"max-height:567px\" loading=\"lazy\" class=\"a-img \"\/><\/source><\/picture><figcaption class=\"a-figcaption\">\n                <span>El presidente ecuatoriano, Daniel Noboa, asiste a un acto por el d\u00eda de la Fuerza A\u00e9rea de Ecuador en la base militar Mariscal Sucre, el 17 de octubre de 2025 en Quito<\/span>                <span>\u00a9 Rodrigo Buend\u00eda \/ AFP\/Archivos<\/span>            <\/figcaption><\/figure>\n<\/p><\/div>\n<p>El mandatario derechista hab\u00eda intentado reformas en la Asamblea Nacional (Parlamento), tras arrebatar al corre\u00edsmo su control en las elecciones de este a\u00f1o, pero las leyes fueron anuladas por la Corte Constitucional, y eso le llev\u00f3 a plantear una Asamblea Constituyente.<\/p>\n<p>Dentro de su plan, Noboa no solo busca cambiar la organizaci\u00f3n estatal de la Constituci\u00f3n vigente con un nuevo texto, sino tambi\u00e9n aplicar un nuevo marco econ\u00f3mico neoliberal que, asegura, permitir\u00e1 la llegada de inversiones extranjeras.<\/p>\n<p class=\"a-read-more\"><span class=\"a-read-more__label\">Leer tambi\u00e9n<\/span>\u00bfPor qu\u00e9 quiere Daniel Noboa cambiar la Constituci\u00f3n de Ecuador?<\/p>\n<h2><strong>Vivir en el terror<\/strong><\/h2>\n<p>El periodo de menor violencia en Ecuador coincidi\u00f3 con el cierre de la base militar estadounidense en Manta en 2009, tras la proclamaci\u00f3n de la nueva Constituci\u00f3n. A partir de all\u00ed, el pa\u00eds experiment\u00f3 un descenso progresivo de los homicidios intencionados hasta situarse en 6 por cada 100.000 habitantes, seg\u00fan cifras del Banco Mundial. <\/p>\n<p>Pero en 2020, el asesinato de\u00a0Jorge Luis Zambrano, l\u00edder de la banda criminal Los Choneros, comenz\u00f3 una cascada de fracturas entre organizaciones criminales que transformar\u00eda a Ecuador. En 2021, la tasa de homicidios subi\u00f3 hasta los\u00a014 por cada 100.000 habitantes, debido a las\u00a02.497 muertes violentas registradas ese a\u00f1o\u2014un incremento del 79% respecto a 2020\u2014. Las c\u00e1rceles se convirtieron en campos de batalla, con 503 internos asesinados solo en ese a\u00f1o.<\/p>\n<p>Para 2023, la tasa de homicidios ya hab\u00eda escalado hasta los\u00a047 por cada 100.000 habitantes, convirti\u00e9ndose en el a\u00f1o m\u00e1s violento de la historia moderna del pa\u00eds. Entonces se pensaba que se hab\u00eda tocado techo, pero lo peor estar\u00eda por venir.<\/p>\n<div class=\"em-video-wrapper m-em-video\" data-media-video-wbmz350344-f24-es-20251113=\"\" data-wrapper-video-player=\"\" data-show-hidden-video-player=\"WBMZ350344-F24-ES-20251113\" data-youtube-script=\"\">\n<div class=\"m-em-video__video\">\n<div class=\"o-em-consent \">\n<div class=\"o-em-consent__content\">\n<p class=\"o-em-consent__content__text\">Para mostrar este contenido de YouTube, debe autorizar las cookies de medici\u00f3n de audiencia y publicidad.<\/p>\n<p>        <button class=\"a-master-button a-master-button--dark\" data-action=\"accept\">Aceptar<i class=\"a-svg a-svg--icon-check\"\/><\/button><br \/>\n        <button class=\"a-link\" data-action=\"manage\">Gestionar mis opciones<i class=\"a-svg a-svg--icon-edit\"\/><\/button>\n    <\/div>\n<\/div>\n<div class=\"o-em-adblock\" data-adblock-content=\"\">\n<div class=\"o-em-adblock__content\">\n<p class=\"o-em-adblock__content__text\">Una extensi\u00f3n de tu navegador parece estar bloqueando la carga del reproductor de video. Para poder ver este contenido, debes desactivarla en este sitio.<\/p>\n<p>            <button class=\"a-master-button a-master-button--dark\" data-action=\"reload\">Reintentar<\/button>\n    <\/div>\n<\/div>\n<figure class=\"m-item-image m-item-image--16x9 m-item-image--has-caption\">\n<picture class=\"a-picture a-picture--16x9\"><source type=\"image\/webp\" srcset=\"https:\/\/s.france24.com\/media\/display\/fa4f9a4c-b388-11f0-8e59-005056bf30b7\/w:388\/p:16x9\/ES-20251027-160635-160809-CS.webp 388w,https:\/\/s.france24.com\/media\/display\/fa4f9a4c-b388-11f0-8e59-005056bf30b7\/w:720\/p:16x9\/ES-20251027-160635-160809-CS.webp 720w,https:\/\/s.france24.com\/media\/display\/fa4f9a4c-b388-11f0-8e59-005056bf30b7\/w:1024\/p:16x9\/ES-20251027-160635-160809-CS.webp 1024w,https:\/\/s.france24.com\/media\/display\/fa4f9a4c-b388-11f0-8e59-005056bf30b7\/w:1280\/p:16x9\/ES-20251027-160635-160809-CS.webp 1280w\" sizes=\"(max-width: 639px) calc(100vw - 32px), (max-width: 1076px) calc(100vw - 44px), 850px\"><img decoding=\"async\" fetchpriority=\"low\" src=\"https:\/\/s.france24.com\/media\/display\/fa4f9a4c-b388-11f0-8e59-005056bf30b7\/w:1280\/p:16x9\/ES-20251027-160635-160809-CS.jpg\" srcset=\"https:\/\/s.france24.com\/media\/display\/fa4f9a4c-b388-11f0-8e59-005056bf30b7\/w:388\/p:16x9\/ES-20251027-160635-160809-CS.jpg 388w,https:\/\/s.france24.com\/media\/display\/fa4f9a4c-b388-11f0-8e59-005056bf30b7\/w:720\/p:16x9\/ES-20251027-160635-160809-CS.jpg 720w,https:\/\/s.france24.com\/media\/display\/fa4f9a4c-b388-11f0-8e59-005056bf30b7\/w:1024\/p:16x9\/ES-20251027-160635-160809-CS.jpg 1024w,https:\/\/s.france24.com\/media\/display\/fa4f9a4c-b388-11f0-8e59-005056bf30b7\/w:1280\/p:16x9\/ES-20251027-160635-160809-CS.jpg 1280w\" sizes=\"auto, (max-width: 639px) calc(100vw - 32px), (max-width: 1076px) calc(100vw - 44px), 850px\" width=\"1280\" height=\"720\" alt=\"\" loading=\"lazy\" class=\"a-img \"\/><\/source><\/picture><figcaption class=\"a-figcaption\">\n                                <span>\u00a9 Francia 24<\/span>            <\/figcaption><\/figure>\n<\/p><\/div>\n<\/p><\/div>\n<p>Noboa declar\u00f3 el \u00abestado de conflicto armado interno\u00bb en enero de 2024, lo que evidenci\u00f3 la incapacidad regular del Estado frente a las\u00a0bandas criminales vinculadas al narcotr\u00e1fico.\u00a0La respuesta militar redujo levemente la tasa de homicidios hasta los\u00a038 asesinatos por cada 100.000 habitantes, a\u00fan muy superior a 2020, pero aparentemente estabilizada respecto a 2023.<\/p>\n<p>Pero, en los primeros diez meses del 2025, Ecuador vivi\u00f3 el per\u00edodo m\u00e1s violento jam\u00e1s documentado: 7.439 asesinatos entre enero y octubre. El 10 de agosto de 2025 fue uno de los d\u00edas m\u00e1s violentos del a\u00f1o, con\u00a059 personas asesinadas en 24 horas, es decir, una muerte cada 24 minutos.<\/p>\n<div class=\"m-em-image\">\n<figure class=\"m-item-image m-item-image--original m-item-image--has-caption\">\n<picture class=\"a-picture a-picture--original\"><source type=\"image\/webp\" srcset=\"https:\/\/s.france24.com\/media\/display\/70318840-be17-11f0-9e06-005056a90284\/w:246\/231ea4854684d8719a39191a40e81cff9aa2724e.webp 246w,https:\/\/s.france24.com\/media\/display\/70318840-be17-11f0-9e06-005056a90284\/w:388\/231ea4854684d8719a39191a40e81cff9aa2724e.webp 388w,https:\/\/s.france24.com\/media\/display\/70318840-be17-11f0-9e06-005056a90284\/w:720\/231ea4854684d8719a39191a40e81cff9aa2724e.webp 720w,https:\/\/s.france24.com\/media\/display\/70318840-be17-11f0-9e06-005056a90284\/w:980\/231ea4854684d8719a39191a40e81cff9aa2724e.webp 980w\" sizes=\"(max-width: 1023px) calc(100vw - 32px), (min-width: 1024px) 850px\"><img decoding=\"async\" fetchpriority=\"low\" src=\"https:\/\/s.france24.com\/media\/display\/70318840-be17-11f0-9e06-005056a90284\/w:980\/231ea4854684d8719a39191a40e81cff9aa2724e.jpg\" srcset=\"https:\/\/s.france24.com\/media\/display\/70318840-be17-11f0-9e06-005056a90284\/w:246\/231ea4854684d8719a39191a40e81cff9aa2724e.jpg 246w,https:\/\/s.france24.com\/media\/display\/70318840-be17-11f0-9e06-005056a90284\/w:388\/231ea4854684d8719a39191a40e81cff9aa2724e.jpg 388w,https:\/\/s.france24.com\/media\/display\/70318840-be17-11f0-9e06-005056a90284\/w:720\/231ea4854684d8719a39191a40e81cff9aa2724e.jpg 720w,https:\/\/s.france24.com\/media\/display\/70318840-be17-11f0-9e06-005056a90284\/w:980\/231ea4854684d8719a39191a40e81cff9aa2724e.jpg 980w\" sizes=\"(max-width: 1023px) calc(100vw - 32px), (min-width: 1024px) 850px\" alt=\"Agentes de polic\u00eda montan guardia frente a la prisi\u00f3n de Machala, donde un mot\u00edn armado dej\u00f3 m\u00e1s de 30 muertos y decenas de heridos, el 9 de noviembre de 2025, en el suroeste de Ecuador\" style=\"max-height:563px\" loading=\"lazy\" class=\"a-img \"\/><\/source><\/picture><figcaption class=\"a-figcaption\">\n                <span>Agentes de polic\u00eda montan guardia frente a la prisi\u00f3n de Machala, donde un mot\u00edn armado dej\u00f3 m\u00e1s de 30 muertos y decenas de heridos, el 9 de noviembre de 2025, en el suroeste de Ecuador<\/span>                <span>\u00a9 Luis Su\u00e1rez \/ AFP<\/span>            <\/figcaption><\/figure>\n<\/p><\/div>\n<p>De continuar la tendencia, 2025 cerrar\u00e1 con m\u00e1s de 9.000 asesinatos\u00a0y una\u00a0tasa de 50 homicidios por cada 100.000 habitantes,\u00a0una cifra que har\u00eda de Ecuador\u00a0el pa\u00eds m\u00e1s violento de la regi\u00f3n y uno de los m\u00e1s peligrosos del mundo.<\/p>\n<p>Con informaci\u00f3n de EFE, AP y medios locales.<\/p>\n<\/p><\/div>\n\n","protected":false},"excerpt":{"rendered":"<p>El referendo y una consulta popular aprobados por el Consejo Electoral, a petici\u00f3n del presidente Daniel Noboa, dar\u00e1n la oportunidad a los votantes de responder el domingo 16 de noviembre a cuatro preguntas sobre asuntos sensibles. Esto en un contexto en el que el Gobierno busca m\u00e1s herramientas para combatir la violencia relacionada con los &hellip;<\/p>\n","protected":false},"author":1,"featured_media":49672,"comment_status":"open","ping_status":"open","sticky":false,"template":"","format":"standard","meta":{"fifu_image_url":"https:\/\/s.france24.com\/media\/display\/543a9098-bfeb-11f0-97fa-005056a90284\/w:1280\/p:16x9\/AP24112589386661.jpg","fifu_image_alt":"","footnotes":""},"categories":[13],"tags":[],"class_list":["post-49670","post","type-post","status-publish","format-standard","has-post-thumbnail","","category-mundo"],"_links":{"self":[{"href":"https:\/\/noticiasveraces.com\/index.php?rest_route=\/wp\/v2\/posts\/49670","targetHints":{"allow":["GET"]}}],"collection":[{"href":"https:\/\/noticiasveraces.com\/index.php?rest_route=\/wp\/v2\/posts"}],"about":[{"href":"https:\/\/noticiasveraces.com\/index.php?rest_route=\/wp\/v2\/types\/post"}],"author":[{"embeddable":true,"href":"https:\/\/noticiasveraces.com\/index.php?rest_route=\/wp\/v2\/users\/1"}],"replies":[{"embeddable":true,"href":"https:\/\/noticiasveraces.com\/index.php?rest_route=%2Fwp%2Fv2%2Fcomments&post=49670"}],"version-history":[{"count":0,"href":"https:\/\/noticiasveraces.com\/index.php?rest_route=\/wp\/v2\/posts\/49670\/revisions"}],"wp:featuredmedia":[{"embeddable":true,"href":"https:\/\/noticiasveraces.com\/index.php?rest_route=\/wp\/v2\/media\/49672"}],"wp:attachment":[{"href":"https:\/\/noticiasveraces.com\/index.php?rest_route=%2Fwp%2Fv2%2Fmedia&parent=49670"}],"wp:term":[{"taxonomy":"category","embeddable":true,"href":"https:\/\/noticiasveraces.com\/index.php?rest_route=%2Fwp%2Fv2%2Fcategories&post=49670"},{"taxonomy":"post_tag","embeddable":true,"href":"https:\/\/noticiasveraces.com\/index.php?rest_route=%2Fwp%2Fv2%2Ftags&post=49670"}],"curies":[{"name":"wp","href":"https:\/\/api.w.org\/{rel}","templated":true}]}}