{"id":49661,"date":"2025-11-12T21:26:26","date_gmt":"2025-11-13T01:26:26","guid":{"rendered":"https:\/\/noticiasveraces.com\/?p=49661"},"modified":"2025-11-12T21:26:26","modified_gmt":"2025-11-13T01:26:26","slug":"trailer-de-devil-wears-prada-2-meryl-streep-y-anne-hathaway-regresan-20-anos-despues-peliculas-entretenimiento","status":"publish","type":"post","link":"https:\/\/noticiasveraces.com\/?p=49661","title":{"rendered":"Tr\u00e1iler de Devil Wears Prada 2: Meryl Streep y Anne Hathaway regresan 20 a\u00f1os despu\u00e9s | Pel\u00edculas | Entretenimiento"},"content":{"rendered":"<p> \n<\/p>\n<div>\n<p>Basada en la novela hom\u00f3nima de Lauren Weisberger, The Devil Wears Prada sigue al aspirante a periodista Andy Sachs de Anne Hathaway, quien comienza a trabajar en una revista de moda editada por la g\u00e9lida Miranda Priestly de Meryl Streep.<\/p>\n<p>Ahora la esperada secuela ha recibido su primer tr\u00e1iler y una fecha de lanzamiento fijada 20 a\u00f1os despu\u00e9s del original.<\/p>\n<p>Basada en la secuela de la novela Revenge Wears Prada: The Devil Returns, la nueva pel\u00edcula est\u00e1 protagonizada por Emily Blunt, Stanley Tucci, Tracie Thoms y Tabor Feldman, quienes tambi\u00e9n repiten sus papeles de la primera pel\u00edcula.<\/p>\n<p>Mientras tanto, el director y guionista original David Frankel y Aline Brosh McKenna regresan para The Devil Wears Prada 2, respectivamente.<\/p>\n<\/div>\n<div>\n<p>La sinopsis oficial de la pel\u00edcula dice: \u00abCasi veinte a\u00f1os despu\u00e9s de dar sus giros ic\u00f3nicos como Miranda, Andy, Emily y Nigel, Meryl Streep, Anne Hathaway, Emily Blunt y Stanley Tucci regresan a las elegantes calles de la ciudad de Nueva York y a las elegantes oficinas de Runway Magazine en la esperada secuela del fen\u00f3meno de 2006 que defini\u00f3 una generaci\u00f3n\u00bb.<\/p>\n<p><em><strong>The Devil Wears Prada 2 llega a los cines del Reino Unido el 1 de mayo de 2026.<\/strong><\/em><\/p>\n<\/div>\n\n","protected":false},"excerpt":{"rendered":"<p>Basada en la novela hom\u00f3nima de Lauren Weisberger, The Devil Wears Prada sigue al aspirante a periodista Andy Sachs de Anne Hathaway, quien comienza a trabajar en una revista de moda editada por la g\u00e9lida Miranda Priestly de Meryl Streep. Ahora la esperada secuela ha recibido su primer tr\u00e1iler y una fecha de lanzamiento fijada &hellip;<\/p>\n","protected":false},"author":1,"featured_media":49662,"comment_status":"open","ping_status":"open","sticky":false,"template":"","format":"standard","meta":{"fifu_image_url":"https:\/\/cdn.images.express.co.uk\/img\/dynamic\/36\/1200x630\/6547996.jpg","fifu_image_alt":"","footnotes":""},"categories":[765],"tags":[],"class_list":["post-49661","post","type-post","status-publish","format-standard","has-post-thumbnail","","category-peliculas"],"_links":{"self":[{"href":"https:\/\/noticiasveraces.com\/index.php?rest_route=\/wp\/v2\/posts\/49661","targetHints":{"allow":["GET"]}}],"collection":[{"href":"https:\/\/noticiasveraces.com\/index.php?rest_route=\/wp\/v2\/posts"}],"about":[{"href":"https:\/\/noticiasveraces.com\/index.php?rest_route=\/wp\/v2\/types\/post"}],"author":[{"embeddable":true,"href":"https:\/\/noticiasveraces.com\/index.php?rest_route=\/wp\/v2\/users\/1"}],"replies":[{"embeddable":true,"href":"https:\/\/noticiasveraces.com\/index.php?rest_route=%2Fwp%2Fv2%2Fcomments&post=49661"}],"version-history":[{"count":0,"href":"https:\/\/noticiasveraces.com\/index.php?rest_route=\/wp\/v2\/posts\/49661\/revisions"}],"wp:featuredmedia":[{"embeddable":true,"href":"https:\/\/noticiasveraces.com\/index.php?rest_route=\/wp\/v2\/media\/49662"}],"wp:attachment":[{"href":"https:\/\/noticiasveraces.com\/index.php?rest_route=%2Fwp%2Fv2%2Fmedia&parent=49661"}],"wp:term":[{"taxonomy":"category","embeddable":true,"href":"https:\/\/noticiasveraces.com\/index.php?rest_route=%2Fwp%2Fv2%2Fcategories&post=49661"},{"taxonomy":"post_tag","embeddable":true,"href":"https:\/\/noticiasveraces.com\/index.php?rest_route=%2Fwp%2Fv2%2Ftags&post=49661"}],"curies":[{"name":"wp","href":"https:\/\/api.w.org\/{rel}","templated":true}]}}