{"id":49657,"date":"2025-11-12T20:20:37","date_gmt":"2025-11-13T00:20:37","guid":{"rendered":"https:\/\/noticiasveraces.com\/?p=49657"},"modified":"2025-11-12T20:20:37","modified_gmt":"2025-11-13T00:20:37","slug":"tragedia-en-peru-por-accidente-que-cobro-la-vida-de-37-personas","status":"publish","type":"post","link":"https:\/\/noticiasveraces.com\/?p=49657","title":{"rendered":"Tragedia en Per\u00fa por accidente que cobr\u00f3 la vida de 37 personas"},"content":{"rendered":"<p> \n<\/p>\n<div data-td-block-uid=\"tdi_109\">\n<div class=\"tdb-block-inner td-fix-index\">\n<p>El Gobierno de Per\u00fa dio el p\u00e9same a los seres queridos de las 37 personas fallecidas este mi\u00e9rcoles en un accidente de autob\u00fas de transporte de pasajeros, que se cay\u00f3 por un abismo en una zona rural de la regi\u00f3n de Arequipa, en el sur del pa\u00eds.<\/p>\n<p>\u00abLa Presidencia de la Rep\u00fablica del Per\u00fa extiende sus condolencias a los seres queridos de los compatriotas fallecidos en el accidente de tr\u00e1nsito en Caman\u00e1 (Arequipa)\u00bb, indic\u00f3 el Ejecutivo en sus redes sociales junto a una foto en blanco y negro del Palacio de Gobierno con la bandera a media asta en se\u00f1al de luto.<\/p>\n<p>Adem\u00e1s, agreg\u00f3 que el Ejecutivo ha dispuesto \u00abdesde el primer momento de conocida la emergencia, la atenci\u00f3n de los heridos en los establecimientos de salud m\u00e1s cercanos\u00bb.<\/p>\n<p>Al menos 37 personas fallecieron en la madrugada de este mi\u00e9rcoles tras la ca\u00edda de un autob\u00fas de transporte de pasajeros por un abismo a la altura del kil\u00f3metro 780 de la carretera Panamericana Sur, en el municipio de Oco\u00f1a, tras aparentemente chocar contra una camioneta.<\/p>\n<p>Al respecto, el gerente regional de Salud de Arequipa, Walther Oporto, declar\u00f3 a la emisora que las autoridades informaron inicialmente que las v\u00edctimas mortales eran 17, pero con el paso de las horas esa cifra se ha elevado a 37.<\/p>\n<p>El funcionario reiter\u00f3 que las autoridades regionales creen que \u00abesa es lamentablemente la cifra definitiva\u00bb y que \u00abigualmente 14 heridos son atendidos en el hospital de Caman\u00e1 y cuatro ya est\u00e1n siendo derivados hacia Arequipa\u00bb.<\/p>\n<p>La Fiscal\u00eda de Per\u00fa ha iniciado \u00abdiligencias urgentes e inaplazables\u00bb tras el accidente a cargo de la Fiscal\u00eda Provincial Penal Corporativa de la ciudad de Caman\u00e1, que busca determinar las causas del suceso.<\/p>\n<\/div>\n<\/div>\n\n","protected":false},"excerpt":{"rendered":"<p>El Gobierno de Per\u00fa dio el p\u00e9same a los seres queridos de las 37 personas fallecidas este mi\u00e9rcoles en un accidente de autob\u00fas de transporte de pasajeros, que se cay\u00f3 por un abismo en una zona rural de la regi\u00f3n de Arequipa, en el sur del pa\u00eds. \u00abLa Presidencia de la Rep\u00fablica del Per\u00fa extiende &hellip;<\/p>\n","protected":false},"author":1,"featured_media":49658,"comment_status":"open","ping_status":"open","sticky":false,"template":"","format":"standard","meta":{"fifu_image_url":"https:\/\/ultimasnoticias.com.ve\/wp-content\/uploads\/2025\/11\/accidente-autobus-peru2.jpg","fifu_image_alt":"","footnotes":""},"categories":[13],"tags":[],"class_list":["post-49657","post","type-post","status-publish","format-standard","has-post-thumbnail","","category-mundo"],"_links":{"self":[{"href":"https:\/\/noticiasveraces.com\/index.php?rest_route=\/wp\/v2\/posts\/49657","targetHints":{"allow":["GET"]}}],"collection":[{"href":"https:\/\/noticiasveraces.com\/index.php?rest_route=\/wp\/v2\/posts"}],"about":[{"href":"https:\/\/noticiasveraces.com\/index.php?rest_route=\/wp\/v2\/types\/post"}],"author":[{"embeddable":true,"href":"https:\/\/noticiasveraces.com\/index.php?rest_route=\/wp\/v2\/users\/1"}],"replies":[{"embeddable":true,"href":"https:\/\/noticiasveraces.com\/index.php?rest_route=%2Fwp%2Fv2%2Fcomments&post=49657"}],"version-history":[{"count":0,"href":"https:\/\/noticiasveraces.com\/index.php?rest_route=\/wp\/v2\/posts\/49657\/revisions"}],"wp:featuredmedia":[{"embeddable":true,"href":"https:\/\/noticiasveraces.com\/index.php?rest_route=\/wp\/v2\/media\/49658"}],"wp:attachment":[{"href":"https:\/\/noticiasveraces.com\/index.php?rest_route=%2Fwp%2Fv2%2Fmedia&parent=49657"}],"wp:term":[{"taxonomy":"category","embeddable":true,"href":"https:\/\/noticiasveraces.com\/index.php?rest_route=%2Fwp%2Fv2%2Fcategories&post=49657"},{"taxonomy":"post_tag","embeddable":true,"href":"https:\/\/noticiasveraces.com\/index.php?rest_route=%2Fwp%2Fv2%2Ftags&post=49657"}],"curies":[{"name":"wp","href":"https:\/\/api.w.org\/{rel}","templated":true}]}}