{"id":49645,"date":"2025-11-12T19:57:26","date_gmt":"2025-11-12T23:57:26","guid":{"rendered":"https:\/\/noticiasveraces.com\/?p=49645"},"modified":"2025-11-12T19:57:26","modified_gmt":"2025-11-12T23:57:26","slug":"maduro-insistio-que-los-venezolanos-estan-dispuestos-a-luchar-frente-a-la-amenaza-de-eeuu","status":"publish","type":"post","link":"https:\/\/noticiasveraces.com\/?p=49645","title":{"rendered":"Maduro insisti\u00f3 que los venezolanos est\u00e1n \u00abdispuestos a luchar\u00bb frente a la \u00abamenaza\u00bb de EEUU"},"content":{"rendered":"<p> \n<\/p>\n<div id=\"post-5830983\"><!-- .entry-header --><\/p>\n<div class=\"entry-content\">\n<p> <span rel=\"author\" class=\"fn\">con una esp\u00e1tula<\/span><\/p>\n<p> <time class=\"entry-date published updated\" datetime=\"2025-11-12T19:43:35-04:00\">noviembre 12 2025, 7:43 pm<\/time> <span class=\"spot-im-replies-count\" data-post-id=\"5830983\"\/><\/p>\n<figure id=\"attachment_5830989\" aria-describedby=\"caption-attachment-5830989\" style=\"width: 640px\" class=\"wp-caption alignnone\"><img fetchpriority=\"high\" decoding=\"async\" onerror=\"this.onerror=null;this.src=\" https:=\"\" class=\"wp-image-5830989\" src=\"https:\/\/sandia.datanubex.uk\/wp-content\/uploads\/2025\/11\/Maduro-1.jpeg\" alt=\"\" width=\"640\" height=\"498\"\/><figcaption id=\"caption-attachment-5830989\" class=\"wp-caption-text\">Nicol\u00e1s Maduro. | Foto: Cortes\u00eda<\/figcaption><\/figure>\n<\/p>\n<p>Nicol\u00e1s Maduro insisti\u00f3 este mi\u00e9rcoles en que los venezolanos est\u00e1n \u201cdispuestos a luchar\u201d frente a la creciente \u201camenaza\u201d de Estados Unidos, en referencia al despliegue militar cerca de las costas del pa\u00eds.<\/p>\n<p><strong>lapatilla.com<\/strong><\/p>\n<p><!-- Begin Mailchimp Signup Form --><\/p>\n<div id=\"mc_embed_signup\">\n<p><label for=\"mce-EMAIL\">  \u00a1\u00danete al club ahora! Suscr\u00edbete al bolet\u00edn m\u00e1s importante de Venezuela <\/label><iframe data-test-id=\"beehiiv-embed\" height=\"52\" frameborder=\"0\" scrolling=\"no\" style=\"margin: 0; border-radius: 0px !important; &#10; background-color: transparent;\" data-src=\"https:\/\/embeds.beehiiv.com\/cdab9503-16ae-4689-ad4f-1408c727a83a?slim=true\" class=\"lazyload\"><\/iframe><\/p>\n<\/div>\n<p><!--End mc_embed_signup 2--><\/p>\n<p>Durante una transmisi\u00f3n, el presidente exigi\u00f3 al gobierno de estadounidense que \u201cdeje quieta a Venezuela\u201d y se retire \u201clejos de aqu\u00ed\u201d, ya que, seg\u00fan \u00e9l, el pueblo desea preservar la \u201cpaz perpetua\u201d.<\/p>\n<p>\u201cEstamos pose\u00eddos por la idea de luchar por nuestra tierra, de que nadie se meta con nosotros. A EEUU le decimos: \u2018lejos de aqu\u00ed, deja quieta a Venezuela\u2019. Venezuela quiere trabajar para prosperar y alcanzar los tiempos de paz so\u00f1ados por el Libertador, como la paz perpetua\u201d, expres\u00f3.<\/p>\n<p>\u201cLa paz perpetua que hemos so\u00f1ado la vamos a preservar y la vamos a conquistar, porque estamos destinados por la providencia a triunfar\u201d, a\u00f1adi\u00f3.<\/p>\n<\/p>\n<p>  <!-- CONTENT END 2 --><\/div>\n<p><!-- .entry-content --><\/div>\n\n","protected":false},"excerpt":{"rendered":"<p>con una esp\u00e1tula noviembre 12 2025, 7:43 pm Nicol\u00e1s Maduro. | Foto: Cortes\u00eda Nicol\u00e1s Maduro insisti\u00f3 este mi\u00e9rcoles en que los venezolanos est\u00e1n \u201cdispuestos a luchar\u201d frente a la creciente \u201camenaza\u201d de Estados Unidos, en referencia al despliegue militar cerca de las costas del pa\u00eds. lapatilla.com \u00a1\u00danete al club ahora! Suscr\u00edbete al bolet\u00edn m\u00e1s importante &hellip;<\/p>\n","protected":false},"author":1,"featured_media":49647,"comment_status":"open","ping_status":"open","sticky":false,"template":"","format":"standard","meta":{"fifu_image_url":"https:\/\/sandia.datanubex.uk\/wp-content\/uploads\/2025\/11\/Maduro-1.jpeg","fifu_image_alt":"","footnotes":""},"categories":[4],"tags":[],"class_list":["post-49645","post","type-post","status-publish","format-standard","has-post-thumbnail","","category-historias-destacadas"],"_links":{"self":[{"href":"https:\/\/noticiasveraces.com\/index.php?rest_route=\/wp\/v2\/posts\/49645","targetHints":{"allow":["GET"]}}],"collection":[{"href":"https:\/\/noticiasveraces.com\/index.php?rest_route=\/wp\/v2\/posts"}],"about":[{"href":"https:\/\/noticiasveraces.com\/index.php?rest_route=\/wp\/v2\/types\/post"}],"author":[{"embeddable":true,"href":"https:\/\/noticiasveraces.com\/index.php?rest_route=\/wp\/v2\/users\/1"}],"replies":[{"embeddable":true,"href":"https:\/\/noticiasveraces.com\/index.php?rest_route=%2Fwp%2Fv2%2Fcomments&post=49645"}],"version-history":[{"count":0,"href":"https:\/\/noticiasveraces.com\/index.php?rest_route=\/wp\/v2\/posts\/49645\/revisions"}],"wp:featuredmedia":[{"embeddable":true,"href":"https:\/\/noticiasveraces.com\/index.php?rest_route=\/wp\/v2\/media\/49647"}],"wp:attachment":[{"href":"https:\/\/noticiasveraces.com\/index.php?rest_route=%2Fwp%2Fv2%2Fmedia&parent=49645"}],"wp:term":[{"taxonomy":"category","embeddable":true,"href":"https:\/\/noticiasveraces.com\/index.php?rest_route=%2Fwp%2Fv2%2Fcategories&post=49645"},{"taxonomy":"post_tag","embeddable":true,"href":"https:\/\/noticiasveraces.com\/index.php?rest_route=%2Fwp%2Fv2%2Ftags&post=49645"}],"curies":[{"name":"wp","href":"https:\/\/api.w.org\/{rel}","templated":true}]}}