{"id":49627,"date":"2025-11-12T16:30:16","date_gmt":"2025-11-12T20:30:16","guid":{"rendered":"https:\/\/noticiasveraces.com\/?p=49627"},"modified":"2025-11-12T16:30:16","modified_gmt":"2025-11-12T20:30:16","slug":"ecuador-movilizaciones-sociales-marcan-el-cierre-de-la-campana-electoral-correo-del-orinoco","status":"publish","type":"post","link":"https:\/\/noticiasveraces.com\/?p=49627","title":{"rendered":"Ecuador: Movilizaciones sociales marcan el cierre de la campa\u00f1a electoral &#8211; Correo del Orinoco"},"content":{"rendered":"<p> \n<\/p>\n<div>\n<p>Organizaciones sociales y sindicales de Ecuador realizan este mi\u00e9rcoles movilizaciones en distintas provincias del pa\u00eds, en rechazo a la consulta popular y refer\u00e9ndum convocados por el presidente Daniel Noboa para el pr\u00f3ximo domingo.<\/p>\n<p>Las protestas, impulsadas por la Uni\u00f3n Nacional de Educadores (UNE) y la Federaci\u00f3n de Estudiantes Universitarios del Ecuador (FEUE), buscan promover el voto por el No a las propuestas del Ejecutivo.<\/p>\n<p>El dirigente de la UNE, Andr\u00e9s Quishpe, se\u00f1al\u00f3 que la jornada se desarrolla \u201cen defensa de los recursos para educaci\u00f3n y salud\u201d, y contra las cuatro preguntas de la consulta, que incluyen temas como la convocatoria a una Asamblea Constituyente, la instalaci\u00f3n de bases militares extranjeras, la reducci\u00f3n del n\u00famero de asamble\u00edstas y la eliminaci\u00f3n del financiamiento p\u00fablico a partidos pol\u00edticos.<\/p>\n<p>Mientras tanto, el oficialismo intensifica la promoci\u00f3n del voto afirmativo. Noboa, quien solicit\u00f3 licencia para participar en la campa\u00f1a, asegur\u00f3 durante una entrevista radial que conf\u00eda en un triunfo del S\u00ed. Defendi\u00f3 adem\u00e1s que, de aprobarse la Constituyente, \u201cser\u00e1n los 80 asamble\u00edstas elegidos por el pueblo quienes redacten la nueva Carta Magna\u201d, mencionando a figuras afines que, a su juicio, podr\u00edan integrar el \u00f3rgano.<\/p>\n<p>Entre las propuestas m\u00e1s pol\u00e9micas figura la idea de trasladar al Ministerio de Salud P\u00fablica la atenci\u00f3n m\u00e9dica actualmente a cargo del Instituto Ecuatoriano de Seguridad Social (IESS), as\u00ed como permitir la presencia de bases militares extranjeras en territorio nacional, lo que ha generado amplio rechazo en sectores sociales y pol\u00edticos.<\/p>\n<p>\u201cEspero que el domingo el pueblo vote con valent\u00eda y dignidad, pese a las amenazas de los grupos de delincuencia organizada\u201d, declar\u00f3 el mandatario, al tiempo que neg\u00f3 que sus reformas atenten contra la soberan\u00eda del pa\u00eds.<\/p>\n<p>Desde la oposici\u00f3n, movimientos sociales y la Red de Intelectuales y Artistas en Defensa de la Humanidad \u2013 Ecuador advirtieron sobre riesgos de manipulaci\u00f3n en los resultados y calificaron el proceso como una maniobra de corte neoliberal que podr\u00eda debilitar los derechos ciudadanos y el equilibrio institucional.<\/p>\n<h6>T\/CO<\/h6>\n<\/p><\/div>\n\n","protected":false},"excerpt":{"rendered":"<p>Organizaciones sociales y sindicales de Ecuador realizan este mi\u00e9rcoles movilizaciones en distintas provincias del pa\u00eds, en rechazo a la consulta popular y refer\u00e9ndum convocados por el presidente Daniel Noboa para el pr\u00f3ximo domingo. Las protestas, impulsadas por la Uni\u00f3n Nacional de Educadores (UNE) y la Federaci\u00f3n de Estudiantes Universitarios del Ecuador (FEUE), buscan promover el &hellip;<\/p>\n","protected":false},"author":1,"featured_media":49628,"comment_status":"open","ping_status":"open","sticky":false,"template":"","format":"standard","meta":{"fifu_image_url":"http:\/\/190.202.124.19\/wp-content\/uploads\/2025\/11\/Ecuador-consulta-1.jpg","fifu_image_alt":"","footnotes":""},"categories":[13],"tags":[],"class_list":["post-49627","post","type-post","status-publish","format-standard","has-post-thumbnail","","category-mundo"],"_links":{"self":[{"href":"https:\/\/noticiasveraces.com\/index.php?rest_route=\/wp\/v2\/posts\/49627","targetHints":{"allow":["GET"]}}],"collection":[{"href":"https:\/\/noticiasveraces.com\/index.php?rest_route=\/wp\/v2\/posts"}],"about":[{"href":"https:\/\/noticiasveraces.com\/index.php?rest_route=\/wp\/v2\/types\/post"}],"author":[{"embeddable":true,"href":"https:\/\/noticiasveraces.com\/index.php?rest_route=\/wp\/v2\/users\/1"}],"replies":[{"embeddable":true,"href":"https:\/\/noticiasveraces.com\/index.php?rest_route=%2Fwp%2Fv2%2Fcomments&post=49627"}],"version-history":[{"count":0,"href":"https:\/\/noticiasveraces.com\/index.php?rest_route=\/wp\/v2\/posts\/49627\/revisions"}],"wp:featuredmedia":[{"embeddable":true,"href":"https:\/\/noticiasveraces.com\/index.php?rest_route=\/wp\/v2\/media\/49628"}],"wp:attachment":[{"href":"https:\/\/noticiasveraces.com\/index.php?rest_route=%2Fwp%2Fv2%2Fmedia&parent=49627"}],"wp:term":[{"taxonomy":"category","embeddable":true,"href":"https:\/\/noticiasveraces.com\/index.php?rest_route=%2Fwp%2Fv2%2Fcategories&post=49627"},{"taxonomy":"post_tag","embeddable":true,"href":"https:\/\/noticiasveraces.com\/index.php?rest_route=%2Fwp%2Fv2%2Ftags&post=49627"}],"curies":[{"name":"wp","href":"https:\/\/api.w.org\/{rel}","templated":true}]}}