{"id":49625,"date":"2025-11-12T15:18:46","date_gmt":"2025-11-12T19:18:46","guid":{"rendered":"https:\/\/noticiasveraces.com\/?p=49625"},"modified":"2025-11-12T15:18:46","modified_gmt":"2025-11-12T19:18:46","slug":"clippve-denuncio-desaparicion-en-venezuela-de-dos-ciudadanos-colombianos-correo-del-caroni","status":"publish","type":"post","link":"https:\/\/noticiasveraces.com\/?p=49625","title":{"rendered":"Clippve denunci\u00f3 desaparici\u00f3n en Venezuela de dos ciudadanos colombianos \u2013 Correo del Caron\u00ed"},"content":{"rendered":"<p> \n<\/p>\n<div data-id=\"494a3404\" data-element_type=\"widget\" id=\"texto\" data-widget_type=\"theme-post-content.default\">\n<div class=\"elementor-widget-container\">\n<p>El Comit\u00e9 por la Libertad de los Presos Pol\u00edticos de Venezuela (Clippve) exigi\u00f3 al Gobierno de Colombia intervenir activamente en la b\u00fasqueda de dos de sus connacionales desaparecidos en territorio nacional.<\/p>\n<p>La oeneg\u00e9 expuso que se trata de Emilio Guti\u00e9rrez, empleado de la familia de la l\u00edder opositora y ganadora del Premio Nobel de la Paz 2025, Mar\u00eda Corina Machado, y su hijo, Reinaldo Guti\u00e9rrez, de quienes se desconoce paradero alguno desde el pasado 26 de octubre.<\/p>\n<p>La organizaci\u00f3n inform\u00f3 que desde hace 20 a\u00f1os, Emilio Guti\u00e9rrez cuida la casa de Corina Parisca, madre de Machado.<\/p>\n<p>De acuerdo a Clippve, la desaparici\u00f3n de ambos puede responder a una retaliaci\u00f3n pol\u00edtica contra la l\u00edder del partido Vente Venezuela.<\/p>\n<p>\u201cLa familia ha acudido sin \u00e9xito a distintas instituciones en Venezuela y Colombia: han denunciado ante el Cicpc (Cuerpo de Investigaciones Cient\u00edficas, Penales y Criminal\u00edsticas) en Caracas, la Canciller\u00eda colombiana, la Defensor\u00eda del Pueblo de Colombia, y han buscado en hospitales y morgues sin recibir respuesta alguna\u201d, escribi\u00f3 Clippve en X.<\/p>\n<p>Merlys Romero, t\u00eda de Reinaldo, explic\u00f3 que el joven reside en Valledupar, Colombia, y hab\u00eda viajado recientemente a Venezuela para visitar a su padre, con quien comparte la afici\u00f3n por los gallos de pelea.<\/p>\n<p>Romero recalc\u00f3 que ninguno de los dos es activista pol\u00edtico, y que su relaci\u00f3n con la familia Machado se limitaba a labores dom\u00e9sticas y de jardiner\u00eda. <\/p>\n<p>Clippve denunci\u00f3 que desde hace m\u00e1s de un a\u00f1o se registran detenciones arbitrarias de trabajadores y colaboradores cercanos a Machado, incluyendo su chofer y personas que, sin pertenecer a ninguna organizaci\u00f3n pol\u00edtica, han sido objeto de represalias por haberle prestado apoyo log\u00edstico o profesional en actividades p\u00fablicas.<\/p>\n<p>De acuerdo a tratados internacionales, ratificados por el Gobierno venezolano, la desaparici\u00f3n forzada constituye una violaci\u00f3n grave a los derechos humanos, entre ellos el derecho a la vida, a la libertad personal y a la protecci\u00f3n judicial. <\/p>\n<p>De ratificarse el arresto de estos dos colombianos, ya suman 22 los presos pol\u00edticos neogranadinos en Venezuela.<\/p>\n<p>Seg\u00fan la organizaci\u00f3n Foro Penal, en Venezuela hay 85 presos pol\u00edticos con ciudadan\u00eda extranjera o doble nacionalidad.<\/p>\n<\/p><\/div>\n<\/p><\/div>\n\n","protected":false},"excerpt":{"rendered":"<p>El Comit\u00e9 por la Libertad de los Presos Pol\u00edticos de Venezuela (Clippve) exigi\u00f3 al Gobierno de Colombia intervenir activamente en la b\u00fasqueda de dos de sus connacionales desaparecidos en territorio nacional. La oeneg\u00e9 expuso que se trata de Emilio Guti\u00e9rrez, empleado de la familia de la l\u00edder opositora y ganadora del Premio Nobel de la &hellip;<\/p>\n","protected":false},"author":1,"featured_media":49626,"comment_status":"open","ping_status":"open","sticky":false,"template":"","format":"standard","meta":{"fifu_image_url":"https:\/\/correodelcaroni.com\/wp-content\/uploads\/2025\/11\/CLIPPVE_Desaparicion.jpg","fifu_image_alt":"","footnotes":""},"categories":[13],"tags":[],"class_list":["post-49625","post","type-post","status-publish","format-standard","has-post-thumbnail","","category-mundo"],"_links":{"self":[{"href":"https:\/\/noticiasveraces.com\/index.php?rest_route=\/wp\/v2\/posts\/49625","targetHints":{"allow":["GET"]}}],"collection":[{"href":"https:\/\/noticiasveraces.com\/index.php?rest_route=\/wp\/v2\/posts"}],"about":[{"href":"https:\/\/noticiasveraces.com\/index.php?rest_route=\/wp\/v2\/types\/post"}],"author":[{"embeddable":true,"href":"https:\/\/noticiasveraces.com\/index.php?rest_route=\/wp\/v2\/users\/1"}],"replies":[{"embeddable":true,"href":"https:\/\/noticiasveraces.com\/index.php?rest_route=%2Fwp%2Fv2%2Fcomments&post=49625"}],"version-history":[{"count":0,"href":"https:\/\/noticiasveraces.com\/index.php?rest_route=\/wp\/v2\/posts\/49625\/revisions"}],"wp:featuredmedia":[{"embeddable":true,"href":"https:\/\/noticiasveraces.com\/index.php?rest_route=\/wp\/v2\/media\/49626"}],"wp:attachment":[{"href":"https:\/\/noticiasveraces.com\/index.php?rest_route=%2Fwp%2Fv2%2Fmedia&parent=49625"}],"wp:term":[{"taxonomy":"category","embeddable":true,"href":"https:\/\/noticiasveraces.com\/index.php?rest_route=%2Fwp%2Fv2%2Fcategories&post=49625"},{"taxonomy":"post_tag","embeddable":true,"href":"https:\/\/noticiasveraces.com\/index.php?rest_route=%2Fwp%2Fv2%2Ftags&post=49625"}],"curies":[{"name":"wp","href":"https:\/\/api.w.org\/{rel}","templated":true}]}}