{"id":49610,"date":"2025-11-12T12:52:48","date_gmt":"2025-11-12T16:52:48","guid":{"rendered":"https:\/\/noticiasveraces.com\/?p=49610"},"modified":"2025-11-12T12:52:48","modified_gmt":"2025-11-12T16:52:48","slug":"juan-pablo-escobar-hijo-del-celebre-narco-yo-concientizo-netflix-glorifica","status":"publish","type":"post","link":"https:\/\/noticiasveraces.com\/?p=49610","title":{"rendered":"Juan Pablo Escobar, hijo del c\u00e9lebre narco: Yo concientizo, Netflix \u00abglorifica\u00bb"},"content":{"rendered":"<p> \n<\/p>\n<div>\n<p> <span rel=\"author\" class=\"fn\">con una pala<\/span><\/p>\n<p> <time class=\"entry-date published updated\" datetime=\"2025-11-12T12:52:40-04:00\">noviembre 12 2025, 12:52 pm<\/time> <span class=\"spot-im-replies-count\" data-post-id=\"5830659\"\/><\/p>\n<figure id=\"attachment_5830718\" aria-describedby=\"caption-attachment-5830718\" style=\"width: 1920px\" class=\"wp-caption alignnone\"><img fetchpriority=\"high\" decoding=\"async\" onerror=\"this.onerror=null;this.src=\" https:=\"\" class=\"size-full wp-image-5830718\" src=\"https:\/\/sandia.datanubex.uk\/wp-content\/uploads\/2025\/11\/08ea971bb5ffeb10145e110e1500fff28ef20c4aw.jpg\" alt=\"\" width=\"1920\" height=\"1318\"\/><figcaption id=\"caption-attachment-5830718\" class=\"wp-caption-text\">El arquitecto y escritor Juan Pablo Escobar, hijo del narcotraficante colombiano m\u00e1s poderoso del siglo XX, posa este mi\u00e9rcoles en Barcelona durante la presentaci\u00f3n de su obra \u2018Escobar: una educaci\u00f3n criminal en la que narra en clave de c\u00f3mic su infancia rodeada de sicarios de su padre que le hac\u00edan de ni\u00f1eras.EFE\/ Andreu Dalmau<\/figcaption><\/figure>\n<\/p>\n<p><strong>Juan Pablo Escobar, hijo del famoso narco fundador del C\u00e1rtel de Medell\u00edn, publica la novela gr\u00e1fica \u2018Escobar, una educaci\u00f3n criminal\u2019, en la que repasa su ni\u00f1ez entre criminales y con la que pretende contar que la de su padre no es una historia de \u00e9xito<\/strong>ya que \u00e9l \u00abconcientiza\u00bb mientras que Netflix \u00abglorifica\u00bb.<\/p>\n<p>En una rueda de prensa celebrada este mi\u00e9rcoles en Barcelona, el arquitecto y escritor colombiano se\u00f1al\u00f3 que frente al \u00abhartazgo\u00bb por la saturaci\u00f3n del nombre de su padre, \u00abque hoy genera m\u00e1s noticias que cuando estaba vivo matando a gente\u00bb, con este c\u00f3mic quer\u00eda hablar de su vida: \u00abAhora el protagonista soy yo\u00bb.<\/p>\n<p><!-- Begin Mailchimp Signup Form --><\/p>\n<div id=\"mc_embed_signup\">\n<p><label for=\"mce-EMAIL\">  \u00a1\u00danete al club ahora! Suscr\u00edbete al bolet\u00edn m\u00e1s importante de Venezuela <\/label><iframe data-test-id=\"beehiiv-embed\" height=\"52\" frameborder=\"0\" scrolling=\"no\" style=\"margin: 0; border-radius: 0px !important; &#10; background-color: transparent;\" data-src=\"https:\/\/embeds.beehiiv.com\/cdab9503-16ae-4689-ad4f-1408c727a83a?slim=true\" class=\"lazyload\"><\/iframe><\/p>\n<\/div>\n<p><!--End mc_embed_signup 2--><\/p>\n<p>Acompa\u00f1ado por Pablo Mart\u00edn Farina en el gui\u00f3n y por Alberto Madrigal en la ilustraci\u00f3n, Escobar recuerda en la novela (publicada por Norma Editorial) algunos de los episodios que vivi\u00f3 junto a sus \u00abni\u00f1eras\u00bb, hombres de confianza del padre que lo cuidaban en el d\u00eda a d\u00eda, por lo que la figura de Pablo Escobar no aparece hasta el desenlace de la obra.<\/p>\n<p>Escobar ya hab\u00eda tratado anteriormente la figura del famoso narco en un documental y un par de libros de no ficci\u00f3n, pero eligi\u00f3 el formato de novela gr\u00e1fica para contar su ni\u00f1ez al asociar los c\u00f3mics con la infancia.<\/p>\n<p>Incidi\u00f3 en que \u00abatreverse a contar tanta violencia no es sencillo\u00bb y es que tuvo que encontrar la valent\u00eda para explicar su propia historia porque \u00abno todos los ni\u00f1os del mundo crecen rodeados de maleantes\u00bb.<\/p>\n<h2><b>Pablo Escobar, padre y mafioso<\/b><\/h2>\n<p>El hijo del criminal colombiano se refiri\u00f3 a la relaci\u00f3n con su padre que, aunque no estuviera en el d\u00eda a d\u00eda, \u00abera un tipo muy presente\u00bb. \u00abTengo cartas manuscritas semanales que enviaba desde la selva. Fue un pap\u00e1 muy presente pese a la ausencia en el hogar\u00bb, record\u00f3.<\/p>\n<p>Juan Pablo Escobar rememor\u00f3 tambi\u00e9n las contradicciones que vivi\u00f3 durante la infancia, como que su padre lo educase en valores: \u00abMe ense\u00f1\u00f3 que ten\u00eda que decir por favor y gracias, mientras \u00e9l mandaba a matar a personas y era un terrorista. En momentos era el pap\u00e1 y en momentos era el mafioso\u00bb.<\/p>\n<p>Tambi\u00e9n que el hombre responsable \u00abdel 80 % del tr\u00e1fico de la coca\u00edna en el mundo\u00bb le explicase a su hijo que \u00abla coca\u00edna es un veneno\u00bb y que deb\u00eda ser valiente y decirle no a la droga.<\/p>\n<p>Ahora, Escobar hijo, quien considera el dinero del narcotr\u00e1fico como una maldici\u00f3n y asegura que ser millonario no lo hizo feliz, centra su labor en \u00abdesactivar el pensamiento\u00bb de j\u00f3venes que ven la de su padre como una historia de \u00e9xito.<\/p>\n<figure id=\"attachment_5830717\" aria-describedby=\"caption-attachment-5830717\" style=\"width: 1920px\" class=\"wp-caption alignnone\"><img loading=\"lazy\" decoding=\"async\" onerror=\"this.onerror=null;this.src=\" https:=\"\" class=\"size-full wp-image-5830717 lazyload\" alt=\"\" width=\"1920\" height=\"1399\" src=\"https:\/\/sandia.datanubex.uk\/wp-content\/uploads\/2025\/11\/d3cbc5a48c636069b6dd33dcd2a3274ff839cb7dw.jpg\" data-eio-rwidth=\"1920\" data-eio-rheight=\"1399\"\/><img loading=\"lazy\" decoding=\"async\" onerror=\"this.onerror=null;this.src=\" https:=\"\" class=\"size-full wp-image-5830717\" src=\"https:\/\/sandia.datanubex.uk\/wp-content\/uploads\/2025\/11\/d3cbc5a48c636069b6dd33dcd2a3274ff839cb7dw.jpg\" alt=\"\" width=\"1920\" height=\"1399\" data-eio=\"l\"\/><figcaption id=\"caption-attachment-5830717\" class=\"wp-caption-text\">El arquitecto y escritor Juan Pablo Escobar, hijo del narcotraficante colombiano m\u00e1s poderoso del siglo XX, posa este mi\u00e9rcoles en Barcelona durante la presentaci\u00f3n de su obra \u2018Escobar: una educaci\u00f3n criminal en la que narra en clave de c\u00f3mic su infancia rodeada de sicarios de su padre que le hac\u00edan de ni\u00f1eras.EFE\/ Andreu Dalmau<\/figcaption><\/figure>\n<\/p>\n<h2><b>Activismo contra el narcotr\u00e1fico<\/b><\/h2>\n<p>\u00abYo concientizo, Netflix glorifica. Son las mismas historias pero desde un \u00e1ngulo diferente\u00bb, asegur\u00f3 Escobar, que prefiere pensar en las consecuencias de lo que escribe.<\/p>\n<p>Por eso, cuando ve a j\u00f3venes tatuados con la cara de su padre les dice: \u00abEst\u00e1s equivocado, hermano, si ves en mi padre a un hombre exitoso. El \u00e9xito le dur\u00f3 cinco minutos, muri\u00f3 a los 44 a\u00f1os\u00bb.<\/p>\n<p>\u00abPrefiero morirme antes que repetir la historia de mi padre\u00bb, confes\u00f3 antes de explicar que se ha reunido con m\u00e1s de 150 familias v\u00edctimas de la violencia de su padre, porque \u00aba trav\u00e9s del perd\u00f3n podemos cambiar el presente y el futuro\u00bb.<\/p>\n<p>\u00abMi padre se pas\u00f3 muchas luces rojas y a m\u00ed me han llegado las multas\u00bb, a\u00f1adi\u00f3.<\/p>\n<p>Finalmente, el hijo de uno de los mayores narcotraficantes de la historia analiz\u00f3 el estado actual de la batalla contra la droga en la que est\u00e1 sumido el Estado colombiano.<\/p>\n<p>\u00abLa prohibici\u00f3n no funciona, tampoco las fumigaciones. Hemos hecho esfuerzos est\u00e9riles, porque es un problema de salud p\u00fablica que se est\u00e1 atajando militarmente, as\u00ed que creo que hay que revisar las pol\u00edticas p\u00fablicas\u00bb, aconsej\u00f3 Escobar.<\/p>\n<p>\u00abLas estrategias han sido como echarle agua al jard\u00edn, porque as\u00ed funciona el prohibicionismo. Ojal\u00e1 proh\u00edban mi c\u00f3mic, que as\u00ed vender\u00e9 muchas m\u00e1s copias\u00bb, sentenci\u00f3 el autor de \u2018Escobar, una educaci\u00f3n criminal\u2019. <strong>EFE<\/strong><\/p>\n<p>  <!-- CONTENT END 2 --><\/div>\n\n","protected":false},"excerpt":{"rendered":"<p>con una pala noviembre 12 2025, 12:52 pm El arquitecto y escritor Juan Pablo Escobar, hijo del narcotraficante colombiano m\u00e1s poderoso del siglo XX, posa este mi\u00e9rcoles en Barcelona durante la presentaci\u00f3n de su obra \u2018Escobar: una educaci\u00f3n criminal en la que narra en clave de c\u00f3mic su infancia rodeada de sicarios de su padre &hellip;<\/p>\n","protected":false},"author":1,"featured_media":49612,"comment_status":"open","ping_status":"open","sticky":false,"template":"","format":"standard","meta":{"fifu_image_url":"https:\/\/sandia.datanubex.uk\/wp-content\/uploads\/2025\/11\/08ea971bb5ffeb10145e110e1500fff28ef20c4aw.jpg","fifu_image_alt":"","footnotes":""},"categories":[13],"tags":[],"class_list":["post-49610","post","type-post","status-publish","format-standard","has-post-thumbnail","","category-mundo"],"_links":{"self":[{"href":"https:\/\/noticiasveraces.com\/index.php?rest_route=\/wp\/v2\/posts\/49610","targetHints":{"allow":["GET"]}}],"collection":[{"href":"https:\/\/noticiasveraces.com\/index.php?rest_route=\/wp\/v2\/posts"}],"about":[{"href":"https:\/\/noticiasveraces.com\/index.php?rest_route=\/wp\/v2\/types\/post"}],"author":[{"embeddable":true,"href":"https:\/\/noticiasveraces.com\/index.php?rest_route=\/wp\/v2\/users\/1"}],"replies":[{"embeddable":true,"href":"https:\/\/noticiasveraces.com\/index.php?rest_route=%2Fwp%2Fv2%2Fcomments&post=49610"}],"version-history":[{"count":0,"href":"https:\/\/noticiasveraces.com\/index.php?rest_route=\/wp\/v2\/posts\/49610\/revisions"}],"wp:featuredmedia":[{"embeddable":true,"href":"https:\/\/noticiasveraces.com\/index.php?rest_route=\/wp\/v2\/media\/49612"}],"wp:attachment":[{"href":"https:\/\/noticiasveraces.com\/index.php?rest_route=%2Fwp%2Fv2%2Fmedia&parent=49610"}],"wp:term":[{"taxonomy":"category","embeddable":true,"href":"https:\/\/noticiasveraces.com\/index.php?rest_route=%2Fwp%2Fv2%2Fcategories&post=49610"},{"taxonomy":"post_tag","embeddable":true,"href":"https:\/\/noticiasveraces.com\/index.php?rest_route=%2Fwp%2Fv2%2Ftags&post=49610"}],"curies":[{"name":"wp","href":"https:\/\/api.w.org\/{rel}","templated":true}]}}