{"id":49579,"date":"2025-11-12T06:59:37","date_gmt":"2025-11-12T10:59:37","guid":{"rendered":"https:\/\/noticiasveraces.com\/?p=49579"},"modified":"2025-11-12T06:59:37","modified_gmt":"2025-11-12T10:59:37","slug":"manifestantes-irrumpen-en-la-sede-de-la-cop30-en-brasil-la-crisis-climatica-es-una-crisis-de-salud","status":"publish","type":"post","link":"https:\/\/noticiasveraces.com\/?p=49579","title":{"rendered":"Manifestantes irrumpen en la sede de la COP30 en Brasil: \u201c\u00a1La crisis clim\u00e1tica es una crisis de salud!\u201d"},"content":{"rendered":"<p> \n<\/p>\n<div>\n<p>Manifestantes ind\u00edgenas, decenas de ellos, se enfrentaron este martes a agentes de seguridad de la COP30 en Bel\u00e9m al intentar acceder al interior del centro de conferencias, un incidente poco habitual en este foro de las Naciones Unidas.  \u00ab\u00a1La crisis clim\u00e1tica es una crisis de salud!\u00bb, clamaban los manifestantes, entre quienes se encontraban activistas y representantes ind\u00edgenas de la Amazon\u00eda.<\/p>\n<p>Los ind\u00edgenas se manifestaban con danzas tradicionales frente al edificio cuando intentaron ingresar, momento en que los agentes de seguridad los empujaron hacia afuera. Para evitar un nuevo intento de entrada, los agentes improvisaron una barricada con sillas y mesas en el acceso principal.<\/p>\n<p>\u00abQuisimos irrumpir en el recinto precisamente para evidenciar qu\u00e9 pueblos deber\u00edan tener protagonismo en este evento\u00bb, declar\u00f3 Helen Cristine, integrante de Juntos, el movimiento juvenil del partido PSOL, al medio amaz\u00f3nico <em>capoc<\/em>.<\/p>\n<figure class=\"AssetEmbedWrapper-fkZDUs kHRAYC asset-embed\">\n<div class=\"AssetEmbedAssetContainer-eEeytc eRSvCP asset-embed__asset-container\"><span class=\"SpanWrapper-zEXFr koTknX responsive-asset AssetEmbedResponsiveAsset-cIfZLr fHIkTW asset-embed__responsive-asset\"><picture class=\"ResponsiveImagePicture-cGZhnX jwYQWO AssetEmbedResponsiveAsset-cIfZLr fHIkTW asset-embed__responsive-asset responsive-image\"><img decoding=\"async\" alt=\"Los manifestantes fueron rpidamente bloqueados por los guardias de seguridad de Naciones Unidas.\" loading=\"lazy\" class=\"ResponsiveImageContainer-eNxvmU cfBbTk responsive-image__image\" srcset=\"https:\/\/media.es.wired.com\/photos\/6913f841e07be02bb31395ad\/master\/w_120,c_limit\/2245717051 120w, https:\/\/media.es.wired.com\/photos\/6913f841e07be02bb31395ad\/master\/w_240,c_limit\/2245717051 240w, https:\/\/media.es.wired.com\/photos\/6913f841e07be02bb31395ad\/master\/w_320,c_limit\/2245717051 320w, https:\/\/media.es.wired.com\/photos\/6913f841e07be02bb31395ad\/master\/w_640,c_limit\/2245717051 640w, https:\/\/media.es.wired.com\/photos\/6913f841e07be02bb31395ad\/master\/w_960,c_limit\/2245717051 960w, https:\/\/media.es.wired.com\/photos\/6913f841e07be02bb31395ad\/master\/w_1280,c_limit\/2245717051 1280w, https:\/\/media.es.wired.com\/photos\/6913f841e07be02bb31395ad\/master\/w_1600,c_limit\/2245717051 1600w\" sizes=\"100vw\" src=\"https:\/\/media.es.wired.com\/photos\/6913f841e07be02bb31395ad\/master\/w_1600%2Cc_limit\/2245717051\"\/><\/picture><\/span><\/div>\n<div class=\"CaptionWrapper-jYrTxZ byeLF caption AssetEmbedCaption-fyuOdR eXMqGf asset-embed__caption standard\" data-testid=\"caption-wrapper\"><span class=\"BaseWrap-sc-gzmcOU BaseText-eqOrNE CaptionText-brNLzD deqABF imSbFE fGraOh caption__text\"><\/p>\n<p>Los manifestantes fueron r\u00e1pidamente bloqueados por los guardias de seguridad de Naciones Unidas.<\/p>\n<p><\/span><span class=\"BaseWrap-sc-gzmcOU BaseText-eqOrNE CaptionCredit-eowWKH deqABF kpqIso gxwcqg caption__credit\">OLGA LEIRIA\/Getty Images<\/span><\/div>\n<\/figure>\n<hr\/>\n<div class=\"ContentCardEmbedWrapper-kFpFGN dpdjmB content-card-embed content-card-embed--stacked\" data-testid=\"ContentCardEmbedWrapper\">\n<div class=\"ContentCardEmbedImage-iBIXcR jiOHKG content-card-embed__image\" data-testid=\"ContentCardEmbedImage\"><span class=\"SpanWrapper-zEXFr koTknX responsive-asset\"><picture class=\"ResponsiveImagePicture-cGZhnX jwYQWO responsive-image\"><img decoding=\"async\" alt=\"imagen del art\u00edculo\" loading=\"lazy\" class=\"ResponsiveImageContainer-eNxvmU cfBbTk responsive-image__image\" srcset=\"https:\/\/media.es.wired.com\/photos\/690d6299da877dc4f985055e\/master\/w_120,c_limit\/DSC08662.JPG 120w, https:\/\/media.es.wired.com\/photos\/690d6299da877dc4f985055e\/master\/w_240,c_limit\/DSC08662.JPG 240w, https:\/\/media.es.wired.com\/photos\/690d6299da877dc4f985055e\/master\/w_320,c_limit\/DSC08662.JPG 320w, https:\/\/media.es.wired.com\/photos\/690d6299da877dc4f985055e\/master\/w_640,c_limit\/DSC08662.JPG 640w\" sizes=\"100vw\" src=\"https:\/\/media.es.wired.com\/photos\/690d6299da877dc4f985055e\/master\/w_775%2Cc_limit\/DSC08662.JPG\"\/><\/picture><\/span><\/div>\n<div class=\"ContentCardEmbedInfo-bSBhwc IbulD\">\n<div class=\"BaseWrap-sc-gzmcOU BaseText-eqOrNE ContentCardEmbedHed-kuAbUL deqABF jkWAvF fPZrfS content-card-embed__hed\" data-testid=\"ContentCardEmbedHed\">COP30: 16 j\u00f3venes presentar\u00e1n la \u2018Declaratoria del Sur Global\u2019 con propuestas de juventudes de Am\u00e9rica Latina, \u00c1frica y Asia<\/div>\n<p>Una delegaci\u00f3n de 16 l\u00edderes de tres continentes presentar\u00e1 la \u00abDeclaratoria del Sur Global\u00bb, un documento que demanda un cambio estructural en la gobernanza clim\u00e1tica y el fin de la participaci\u00f3n simb\u00f3lica.<\/p>\n<\/div>\n<\/div>\n<hr\/>\n<p>\u00abConsideramos que la COP30 no representa a los pueblos originarios. La organizaci\u00f3n est\u00e1 dise\u00f1ada para favorecer a los empresarios. La exploraci\u00f3n petrolera en el delta del Amazonas est\u00e1 devastando el medio ambiente\u00bb, agreg\u00f3. Un periodista de AFP presenci\u00f3 c\u00f3mo un polic\u00eda era evacuado en silla de ruedas tras el altercado.<\/p>\n<p>La seguridad de la COP30 est\u00e1 dividida en dos jurisdicciones: la ONU se encarga del resguardo al interior del recinto, mientras que las autoridades locales brasile\u00f1as supervisan el per\u00edmetro exterior.<\/p>\n<p>\u00abNuestra tierra no est\u00e1 en venta. No podemos comer dinero\u00bb, declar\u00f3 a la agencia Reuters Gilmar, l\u00edder ind\u00edgena de la comunidad Tupinamb\u00e1, asentada cerca del curso bajo del r\u00edo Tapaj\u00f3s. \u00abQueremos que nuestras tierras est\u00e9n libres de la agroindustria, la exploraci\u00f3n petrolera, la miner\u00eda ilegal y la tala indiscriminada\u00bb.<\/p>\n<p>Maria Clara, representante de la asociaci\u00f3n Rede Sustentabilidade de Bah\u00eda, explic\u00f3 a la AFP que la protesta buscaba visibilizar la situaci\u00f3n de los pueblos ind\u00edgenas. \u00abEstas voces est\u00e1n siendo ignoradas\u00bb, denunci\u00f3.<\/p>\n<p>La COP30 sobre cambio clim\u00e1tico se desarrolla en esta ciudad amaz\u00f3nica del norte de Brasil del 10 al 21 de noviembre.<\/p>\n<\/div>\n\n","protected":false},"excerpt":{"rendered":"<p>Manifestantes ind\u00edgenas, decenas de ellos, se enfrentaron este martes a agentes de seguridad de la COP30 en Bel\u00e9m al intentar acceder al interior del centro de conferencias, un incidente poco habitual en este foro de las Naciones Unidas. \u00ab\u00a1La crisis clim\u00e1tica es una crisis de salud!\u00bb, clamaban los manifestantes, entre quienes se encontraban activistas y &hellip;<\/p>\n","protected":false},"author":1,"featured_media":49581,"comment_status":"open","ping_status":"open","sticky":false,"template":"","format":"standard","meta":{"fifu_image_url":"https:\/\/media.es.wired.com\/photos\/6913f6916ef7ea43e0a29ba9\/16:9\/w_1280,c_limit\/2245716740","fifu_image_alt":"","footnotes":""},"categories":[2],"tags":[],"class_list":["post-49579","post","type-post","status-publish","format-standard","has-post-thumbnail","","category-tecnologia"],"_links":{"self":[{"href":"https:\/\/noticiasveraces.com\/index.php?rest_route=\/wp\/v2\/posts\/49579","targetHints":{"allow":["GET"]}}],"collection":[{"href":"https:\/\/noticiasveraces.com\/index.php?rest_route=\/wp\/v2\/posts"}],"about":[{"href":"https:\/\/noticiasveraces.com\/index.php?rest_route=\/wp\/v2\/types\/post"}],"author":[{"embeddable":true,"href":"https:\/\/noticiasveraces.com\/index.php?rest_route=\/wp\/v2\/users\/1"}],"replies":[{"embeddable":true,"href":"https:\/\/noticiasveraces.com\/index.php?rest_route=%2Fwp%2Fv2%2Fcomments&post=49579"}],"version-history":[{"count":0,"href":"https:\/\/noticiasveraces.com\/index.php?rest_route=\/wp\/v2\/posts\/49579\/revisions"}],"wp:featuredmedia":[{"embeddable":true,"href":"https:\/\/noticiasveraces.com\/index.php?rest_route=\/wp\/v2\/media\/49581"}],"wp:attachment":[{"href":"https:\/\/noticiasveraces.com\/index.php?rest_route=%2Fwp%2Fv2%2Fmedia&parent=49579"}],"wp:term":[{"taxonomy":"category","embeddable":true,"href":"https:\/\/noticiasveraces.com\/index.php?rest_route=%2Fwp%2Fv2%2Fcategories&post=49579"},{"taxonomy":"post_tag","embeddable":true,"href":"https:\/\/noticiasveraces.com\/index.php?rest_route=%2Fwp%2Fv2%2Ftags&post=49579"}],"curies":[{"name":"wp","href":"https:\/\/api.w.org\/{rel}","templated":true}]}}