{"id":49572,"date":"2025-11-12T06:21:19","date_gmt":"2025-11-12T10:21:19","guid":{"rendered":"https:\/\/noticiasveraces.com\/?p=49572"},"modified":"2025-11-12T06:21:19","modified_gmt":"2025-11-12T10:21:19","slug":"huelga-universitaria-contra-la-extincion-educacion","status":"publish","type":"post","link":"https:\/\/noticiasveraces.com\/?p=49572","title":{"rendered":"Huelga universitaria contra la extinci\u00f3n | Educaci\u00f3n"},"content":{"rendered":"<p> \n<br \/><img decoding=\"async\" src=\"https:\/\/imagenes.elpais.com\/resizer\/v2\/WAB73W7FAZDT5GDNJR2E7CBFUE.jpg?auth=d0a3b431b745a1d521d93cf6467cbf30efc76aeaf86d016ae9eebebd4f1fe45f\" \/><\/p>\n<div data-dtm-region=\"articulo_cuerpo\">\n<p class=\"\">Las especies en peligro de extinci\u00f3n o contamos nuestra historia o solo quedar\u00e1 la versi\u00f3n de la historia que cuenten quienes nos extingan. <\/p>\n<p class=\"\">En las noches de verano, a la puerta de casa, en un barrio de viviendas de protecci\u00f3n oficial al que se llegaba por un camino de tierra a las afueras de Plasencia (Extremadura) a principios de los a\u00f1os setenta del siglo pasado, yo escuchaba historias contadas por un vecino que sab\u00eda contar todas las historias del mundo. \u00c9l, silla de enea, los dem\u00e1s, suelo o de pie. Hasta las tantas. Seducidos. La narraci\u00f3n es poder. <\/p>\n<p class=\"\">Mi sobrino dice que Israel bombardea Gaza porque los palestinos atacaron antes a Israel, el 7 de octubre de 2023. En su relato no ocurre nada antes del 7 octubre. P\u00e1gina en blanco. No existe 1948, ni 1967. Ni la Nakba, ni 77 a\u00f1os de ocupaci\u00f3n colonial. Ni Inglaterra, ni las resoluciones incumplidas de la ONU\u2026 El relato de un ni\u00f1o sin memoria. Sin memoria los quiere la Comunidad de Madrid, que amenaza a los centros educativos que explican la ocupaci\u00f3n de Israel sobre Palestina. <\/p>\n<p class=\"\">Pero las ni\u00f1as y los ni\u00f1os siempre hacen preguntas. Y siempre hay maestras, maestros o t\u00edas que responden, mientras rabian las consejer\u00edas de educaci\u00f3n que quisieran a todos amn\u00e9sicos.<\/p>\n<p class=\"\">Un genocidio es una estrategia de extinci\u00f3n masiva programada. Quien lo ejecutan nunca lo llama genocidio. Y quien lo cuenta tiene que hacer relatos complejos, sin p\u00e1ginas en blanco. Mi vecino nos contaba relatos complejos. Se entreten\u00eda en detalles que no ten\u00edan nada que ver con nada, pens\u00e1bamos mientras le escuch\u00e1bamos. Pero luego, siempre nos terminaba haciendo exclamar: \u00a1Ah, claro, por eso antes\u2026.!<\/p>\n<p class=\"\">Todo estaba tramado de antes. Y todo se entend\u00eda despu\u00e9s. \u00bfOcurrir\u00e1 as\u00ed con la trama que asfixia a la universidad p\u00fablica?<\/p>\n<p class=\"\">El mundo se dirige bien si un 5% de la poblaci\u00f3n maneja el conocimiento y un 95% se conforma con relatos llenos de p\u00e1ginas en blanco. Relatos f\u00e1ciles para p\u00fablico amn\u00e9sico<\/p>\n<p class=\"\">Por ejemplo, relato de la presidenta Ayuso: <i>Las universidades p\u00fablicas son unas manirrotas, no saben gestionar, les falta mentalidad empresarial. Hay que acabar con esto. <\/i><\/p>\n<p class=\"\">Una p\u00e1gina en blanco de este relato: el crecimiento de las universidades privadas se sostiene sobre el crecimiento del endeudamiento de las familias, que tienen que solicitar cr\u00e9ditos para financiar las carreras de sus hijos e hijas. En cinco a\u00f1os, los pr\u00e9stamos para estudiar han subido un 60% en Espa\u00f1a. Uno de cada siete cr\u00e9ditos solicitados es para estudiar. <\/p>\n<p class=\"\">Otra p\u00e1gina en blanco: no se ha creado ninguna universidad p\u00fablica en Espa\u00f1a en el siglo XXI, pero se han abierto 46 privadas. No se debe a la ley de la oferta y la demanda, porque es mayoritaria la preferencia por estudiar en la p\u00fablica. Pero crear universidades privadas es f\u00e1cil, se les exige menos que a las p\u00fablicas y el Gobierno de la Comunidad de Madrid las deja pasar aunque les falten requisitos. <\/p>\n<blockquote class=\"a_q\">\n<p>La amenaza de extinci\u00f3n cae sobre la posibilidad de construir una sociedad menos desigual<\/p>\n<\/blockquote>\n<p class=\"\">Otra p\u00e1gina en blanco: la Comunidad de Madrid ofrece como cr\u00e9dito a la universidad p\u00fablica, lo que debiera pagarle por ley. Que se asfixien le parece bien. Con que el 5% de la poblaci\u00f3n se forme adecuadamente en universidades de \u00e9lite ya es suficiente para que dirija la vida del restante 95%. Adem\u00e1s, a ese 95% siempre le queda la opci\u00f3n de endeudarse para pagar un t\u00edtulo en un chiringuito. Ayuso no ve raz\u00f3n para financiar con dinero p\u00fablico la carrera universitaria de tanta clase media de la que solo se desea que consuma eficientemente relatos para amn\u00e9sicos y acepte salarios por debajo del precio medio de un alquiler. <\/p>\n<p class=\"\">Cuando hablamos del 5% frente al 95%, de un 60% de crecimiento de cr\u00e9ditos, y de una expansi\u00f3n de la privada frente a una contracci\u00f3n de la p\u00fablica (en 1995 hab\u00eda 10 privadas frente a 45 p\u00fablicas y hoy son 46 frente a 50), hablamos de la estructura. La lucha de clases se juega hoy en esas cifras. La amenaza de extinci\u00f3n cae sobre la posibilidad de construir una sociedad menos desigual, donde tambi\u00e9n la gente que de peque\u00f1a vive en calles sin asfaltar pueda ser profesora universitaria un d\u00eda. <\/p>\n<p class=\"\">La universidad va a la huelga en Madrid los d\u00edas 26 y 27 de noviembre. No es una huelga solamente por el 1% del PIB para financiaci\u00f3n. No es una huelga solamente para demandar que la Comunidad de Madrid cumpla la LOSU. No es una huelga solamente para poder encender la luz en las aulas. Cada una de esas razones por si sola sustentar\u00eda una convocatoria de huelga. <\/p>\n<p class=\"\">Es una huelga contra la extinci\u00f3n del art\u00edculo dos de la Constituci\u00f3n Espa\u00f1ola de 1978. Contra la extinci\u00f3n del estado social. Y de toda la tradici\u00f3n del pensamiento pol\u00edtico que hizo posible que ese art\u00edculo existiera.<\/p>\n<aside class=\"a_np\">\n<p><strong>Concha Mateos<\/strong> es profesora titular de lComunicaci\u00f3n Audiovisual en la Universidad Rey Juan Carlos.<\/p>\n<\/aside>\n<\/div>\n\n","protected":false},"excerpt":{"rendered":"<p>Las especies en peligro de extinci\u00f3n o contamos nuestra historia o solo quedar\u00e1 la versi\u00f3n de la historia que cuenten quienes nos extingan. En las noches de verano, a la puerta de casa, en un barrio de viviendas de protecci\u00f3n oficial al que se llegaba por un camino de tierra a las afueras de Plasencia &hellip;<\/p>\n","protected":false},"author":1,"featured_media":49574,"comment_status":"open","ping_status":"open","sticky":false,"template":"","format":"standard","meta":{"fifu_image_url":"https:\/\/imagenes.elpais.com\/resizer\/v2\/WAB73W7FAZDT5GDNJR2E7CBFUE.jpg?auth=d0a3b431b745a1d521d93cf6467cbf30efc76aeaf86d016ae9eebebd4f1fe45f&width=1200","fifu_image_alt":"","footnotes":""},"categories":[11],"tags":[],"class_list":["post-49572","post","type-post","status-publish","format-standard","has-post-thumbnail","","category-viaje"],"_links":{"self":[{"href":"https:\/\/noticiasveraces.com\/index.php?rest_route=\/wp\/v2\/posts\/49572","targetHints":{"allow":["GET"]}}],"collection":[{"href":"https:\/\/noticiasveraces.com\/index.php?rest_route=\/wp\/v2\/posts"}],"about":[{"href":"https:\/\/noticiasveraces.com\/index.php?rest_route=\/wp\/v2\/types\/post"}],"author":[{"embeddable":true,"href":"https:\/\/noticiasveraces.com\/index.php?rest_route=\/wp\/v2\/users\/1"}],"replies":[{"embeddable":true,"href":"https:\/\/noticiasveraces.com\/index.php?rest_route=%2Fwp%2Fv2%2Fcomments&post=49572"}],"version-history":[{"count":0,"href":"https:\/\/noticiasveraces.com\/index.php?rest_route=\/wp\/v2\/posts\/49572\/revisions"}],"wp:featuredmedia":[{"embeddable":true,"href":"https:\/\/noticiasveraces.com\/index.php?rest_route=\/wp\/v2\/media\/49574"}],"wp:attachment":[{"href":"https:\/\/noticiasveraces.com\/index.php?rest_route=%2Fwp%2Fv2%2Fmedia&parent=49572"}],"wp:term":[{"taxonomy":"category","embeddable":true,"href":"https:\/\/noticiasveraces.com\/index.php?rest_route=%2Fwp%2Fv2%2Fcategories&post=49572"},{"taxonomy":"post_tag","embeddable":true,"href":"https:\/\/noticiasveraces.com\/index.php?rest_route=%2Fwp%2Fv2%2Ftags&post=49572"}],"curies":[{"name":"wp","href":"https:\/\/api.w.org\/{rel}","templated":true}]}}