{"id":49547,"date":"2025-11-12T00:57:15","date_gmt":"2025-11-12T04:57:15","guid":{"rendered":"https:\/\/noticiasveraces.com\/?p=49547"},"modified":"2025-11-12T00:57:15","modified_gmt":"2025-11-12T04:57:15","slug":"este-es-el-valor-en-el-mercado-2025-para-james-rodriguez-tras-confirmarse-salida-del-club-leon-colombianos-en-el-exterior","status":"publish","type":"post","link":"https:\/\/noticiasveraces.com\/?p=49547","title":{"rendered":"Este es el valor en el mercado 2025 para James Rodr\u00edguez tras confirmarse salida del Club Le\u00f3n | Colombianos en el Exterior"},"content":{"rendered":"<p> \n<\/p>\n<div id=\"cuerpoArticulo\">\n<p class=\"texto intro cnx-companion-firstparagraph\" id=\"p258506-m814-813-815\">James Rodr\u00edguez vuelve a estar en el centro de la atenci\u00f3n, debido a su futuro, que actualmente es incierto. Mientras permanece en la Selecci\u00f3n Colombia, alistando los dos \u00faltimos juegos amistosos, los rumores respecto a cu\u00e1l ser\u00e1 su pr\u00f3ximo equipo, han venido en aumento. <\/p>\n<p>Desde hace algunos d\u00edas, se conoci\u00f3 que su contrato en el Club Le\u00f3n no ser\u00e1 renovado y por ende, desde diciembre del presente, quedar\u00e1 como agente libre. Las primeras versiones indican que habr\u00eda clubes de la Liga MX interesados, sin embargo, el rumor que m\u00e1s toma fuerza es que su futuro estar\u00eda en Estados Unidos. <\/p>\n<p class=\"texto contenido-parrafo-articulo cnx-companion-paragraph\" id=\"p258506-m877-3-878\">Las especulaciones crecieron a\u00fan m\u00e1s, teniendo en cuenta que James se encuentra en el territorio norteamericano para disputar los duelos amistosos. <\/p>\n<p>Una de las preguntas que han surgido en este contexto, es el precio actual del colombiano, quien en Le\u00f3n demostr\u00f3 un alto rendimiento; as\u00ed como en el equipo de N\u00e9stor Lorenzo, donde es figura y uno de los referentes de cara al Mundial 2026. <\/p>\n<div class=\"fotografia caja-articulo\" id=\"p258506-m883-4-884\">\n<div class=\"imagen-cuerpo-bk\">\n<figure itemscope=\"\" itemtype=\"https:\/\/schema.org\/ImageObject\" itemprop=\"image\" id=\"m888-887-889\" class=\"foto-galeria-articulo imagen-articulo foto-texto-articulo-galeria\"><img decoding=\"async\" alt=\"James Rodr\u00edguez\" src=\"data:image\/png;base64,iVBORw0KGgoAAAANSUhEUgAAAAEAAAABCAQAAAC1HAwCAAAAC0lEQVR42mP8\/x0AAvsB+DlKarAAAAAASUVORK5CYII=\" style=\" display: inline;\" data-original=\"\/files\/article_content\/uploads\/2025\/11\/08\/691001c2955b5.jpeg\"\/><meta itemprop=\"width\" content=\"600\"\/><meta itemprop=\"height\" content=\"450\"\/> <meta itemprop=\"url\" content=\"https:\/\/www.futbolred.com\/files\/article_content\/uploads\/2025\/11\/08\/691001c2955b5.jpeg\"\/><\/figure>\n<\/div>\n<div class=\"figcaption-cuerpo-bk credito-image-bk\"><figcaption class=\"foto-info\">\n<div class=\"titulo-foto-bk\">\n<p id=\"m895-1-896\" class=\"titulo pie-de-foto\">James Rodr\u00edguez en Le\u00f3n vs. Puebla<\/p>\n<\/div>\n<p class=\"credito\">\n                            <span class=\"linea pre_credito\">Foto:<\/span><\/p>\n<p>                        <span id=\"m901-2-902\" class=\"autor\">Tomado de X \/ @clubleonfc<\/span><\/p>\n<\/figcaption><\/div>\n<\/p><\/div>\n<p><span class=\"articulo-subtitulo subtitulo2 espacio-contenido cnx-companion-subtitle\" id=\"p258506-m909-5-910\">Este es el precio actual de James Rodr\u00edguez<\/span><\/p>\n<p class=\"texto contenido-parrafo-articulo cnx-companion-paragraph\" id=\"p258506-m915-6-916\">De acuerdo a la plataforma especializada en el mercado de jugadores, Transfermarkt, <b>el precio actual de James Rodr\u00edguez es de 2.5 millones de euros. <\/b><\/p>\n<p>As\u00ed las cosas, el club que quiera tenerlo en sus filas, deber\u00e1 tener una oferta a la altura de Rodr\u00edguez, quien aunque ya no tiene un alto costo como hace unos a\u00f1os, si representa grandes beneficios no solo en la cancha, sino en lo extradeportivo.<\/p>\n<div class=\"fotografia caja-articulo\" id=\"p258506-m921-7-922\">\n<div class=\"imagen-cuerpo-bk\">\n<figure itemscope=\"\" itemtype=\"https:\/\/schema.org\/ImageObject\" itemprop=\"image\" id=\"m926-925-927\" class=\"foto-galeria-articulo imagen-articulo foto-texto-articulo-galeria\"><img decoding=\"async\" alt=\"James, Colombia vs M\u00e9xico\" src=\"data:image\/png;base64,iVBORw0KGgoAAAANSUhEUgAAAAEAAAABCAQAAAC1HAwCAAAAC0lEQVR42mP8\/x0AAvsB+DlKarAAAAAASUVORK5CYII=\" style=\" display: inline;\" data-original=\"\/files\/article_content\/uploads\/2025\/10\/11\/68eb178a51011.jpeg\"\/><meta itemprop=\"width\" content=\"600\"\/><meta itemprop=\"height\" content=\"450\"\/> <meta itemprop=\"url\" content=\"https:\/\/www.futbolred.com\/files\/article_content\/uploads\/2025\/10\/11\/68eb178a51011.jpeg\"\/><\/figure>\n<\/div>\n<div class=\"figcaption-cuerpo-bk credito-image-bk\"><figcaption class=\"foto-info\">\n<div class=\"titulo-foto-bk\">\n<p id=\"m933-1-934\" class=\"titulo pie-de-foto\">James, Colombia vs M\u00e9xico<\/p>\n<\/div>\n<p class=\"credito\">\n                            <span class=\"linea pre_credito\">Foto:<\/span><\/p>\n<p>                        <span id=\"m939-2-940\" class=\"autor\">Federaci\u00f3n Colombiana de F\u00fatbol<\/span><\/p>\n<\/figcaption><\/div>\n<\/p><\/div>\n<p><span class=\"articulo-subtitulo subtitulo2 espacio-contenido cnx-companion-subtitle\" id=\"p258506-m947-8-948\">\u00bfCu\u00e1l fue el m\u00e1s alto valor de James Rodr\u00edguez en el mercado?<\/span><\/p>\n<p class=\"texto contenido-parrafo-articulo cnx-companion-paragraph\" id=\"p258506-m953-9-954\">Vale resaltar que el precio m\u00e1s alto conseguido por el &#8217;10&#8217; fue mientras militaba en el Real Madrid, entre 2015 y 2016, cuando el precio rond\u00f3 los 80 millones de euros. De igual manera, cuando milit\u00f3 en Bayern, durante el 2018, recuper\u00f3 este millonario costo.<\/p>\n<p>Restar\u00e1 esperar cu\u00e1l es la \u00faltima decisi\u00f3n del colombiano, quien busca continuidad en su pr\u00f3ximo equipo, pensando en mantener su rendimiento para el Mundial 2026.<\/p>\n<\/div>\n\n","protected":false},"excerpt":{"rendered":"<p>James Rodr\u00edguez vuelve a estar en el centro de la atenci\u00f3n, debido a su futuro, que actualmente es incierto. Mientras permanece en la Selecci\u00f3n Colombia, alistando los dos \u00faltimos juegos amistosos, los rumores respecto a cu\u00e1l ser\u00e1 su pr\u00f3ximo equipo, han venido en aumento. Desde hace algunos d\u00edas, se conoci\u00f3 que su contrato en el &hellip;<\/p>\n","protected":false},"author":1,"featured_media":49548,"comment_status":"open","ping_status":"open","sticky":false,"template":"","format":"standard","meta":{"fifu_image_url":"https:\/\/www.futbolred.com\/files\/og_thumbnail\/uploads\/2025\/10\/14\/68eec3e7e89e7.jpeg","fifu_image_alt":"","footnotes":""},"categories":[6],"tags":[],"class_list":["post-49547","post","type-post","status-publish","format-standard","has-post-thumbnail","","category-deportes"],"_links":{"self":[{"href":"https:\/\/noticiasveraces.com\/index.php?rest_route=\/wp\/v2\/posts\/49547","targetHints":{"allow":["GET"]}}],"collection":[{"href":"https:\/\/noticiasveraces.com\/index.php?rest_route=\/wp\/v2\/posts"}],"about":[{"href":"https:\/\/noticiasveraces.com\/index.php?rest_route=\/wp\/v2\/types\/post"}],"author":[{"embeddable":true,"href":"https:\/\/noticiasveraces.com\/index.php?rest_route=\/wp\/v2\/users\/1"}],"replies":[{"embeddable":true,"href":"https:\/\/noticiasveraces.com\/index.php?rest_route=%2Fwp%2Fv2%2Fcomments&post=49547"}],"version-history":[{"count":0,"href":"https:\/\/noticiasveraces.com\/index.php?rest_route=\/wp\/v2\/posts\/49547\/revisions"}],"wp:featuredmedia":[{"embeddable":true,"href":"https:\/\/noticiasveraces.com\/index.php?rest_route=\/wp\/v2\/media\/49548"}],"wp:attachment":[{"href":"https:\/\/noticiasveraces.com\/index.php?rest_route=%2Fwp%2Fv2%2Fmedia&parent=49547"}],"wp:term":[{"taxonomy":"category","embeddable":true,"href":"https:\/\/noticiasveraces.com\/index.php?rest_route=%2Fwp%2Fv2%2Fcategories&post=49547"},{"taxonomy":"post_tag","embeddable":true,"href":"https:\/\/noticiasveraces.com\/index.php?rest_route=%2Fwp%2Fv2%2Ftags&post=49547"}],"curies":[{"name":"wp","href":"https:\/\/api.w.org\/{rel}","templated":true}]}}