{"id":49509,"date":"2025-11-11T18:39:12","date_gmt":"2025-11-11T22:39:12","guid":{"rendered":"https:\/\/noticiasveraces.com\/?p=49509"},"modified":"2025-11-11T18:39:12","modified_gmt":"2025-11-11T22:39:12","slug":"parlamento-venezolano-aprobo-ley-para-defender-al-pais-ante-despliegue-militar-de-ee-uu","status":"publish","type":"post","link":"https:\/\/noticiasveraces.com\/?p=49509","title":{"rendered":"Parlamento venezolano aprob\u00f3 ley para \u201cdefender\u201d al pa\u00eds ante despliegue militar de EE UU"},"content":{"rendered":"<p> \n<\/p>\n<div>\n<p>La <strong>Asamblea Nacional (AN)<\/strong> aprob\u00f3 este martes 11 de noviembre una ley para defender al pa\u00eds ante el despliegue militar de <strong>Estados Unidos<\/strong> en el mar Caribe, ordenado por <strong>Donald Trump<\/strong> bajo el argumento de combatir el narcotr\u00e1fico, pero que el presidente <strong>Nicol\u00e1s Maduro<\/strong> considera un intento para sacarlo del poder.<\/p>\n<p>\u00abEstamos aprobando una ley fundamental que conforme una nueva forma de atender el despliegue, el acatamiento de las \u00f3rdenes, el desplazamiento de las tropas y, sobre todo, la conjunci\u00f3n entre pueblo y <strong>Fuerza Armada<\/strong>\u00ab, dijo el presidente de la AN, <strong>Jorge Rodr\u00edguez<\/strong>durante la sesi\u00f3n ordinaria, transmitida por el canal estatal <strong>Venezolana de Televisi\u00f3n (VTV)<\/strong>.<\/p>\n<h2 class=\"wp-block-heading\" id=\"h-la-ley-busca-reforzar-la-estructura-de-defensa-nacional\"><strong>La ley busca reforzar la estructura de defensa nacional<\/strong><\/h2>\n<p>La <strong>Ley del Comando para la Defensa Integral de la Naci\u00f3n<\/strong> \u2014que debe ser publicada en <strong>Gaceta Oficial<\/strong> para que entre en vigencia\u2014 prev\u00e9, entre otras acciones, la recopilaci\u00f3n de informaci\u00f3n por parte de los comit\u00e9s de trabajo de los <strong>\u00d3rganos de Direcci\u00f3n para la Defensa Integral (ODDI)<\/strong>con el objetivo de \u00abidentificar patrones, tendencias y potenciales riesgos que permitan determinar la gravedad e impacto de las amenazas contra la seguridad de la naci\u00f3n\u00bb.<\/p>\n<p>Los <strong>De<\/strong> son, seg\u00fan explic\u00f3 <strong>Maduro<\/strong> en enero pasado, \u00abinstancias de planificaci\u00f3n, coordinaci\u00f3n, integraci\u00f3n y ejecuci\u00f3n de todos los poderes del Estado\u00bb, para garantizar \u00abel derecho a la paz\u00bb.<\/p>\n<p>El mes pasado, el diputado oficialista <strong>Giusseppe Alessandrello<\/strong>quien present\u00f3 entonces el proyecto, explic\u00f3 que la ley tiene por objeto \u00abestablecer las l\u00edneas estrat\u00e9gicas para el funcionamiento\u00bb de los ODDI.<\/p>\n<p>Alessandrello indic\u00f3 entonces que la norma establece que estos \u00f3rganos est\u00e1n presentes a nivel <strong>municipal, estatal y nacional<\/strong>y tiene entre sus \u00abfines primarios\u00bb el cumplimiento de lo que \u00abse\u00f1ala la Constituci\u00f3n con relaci\u00f3n a la corresponsabilidad entre el Estado y la sociedad en defensa de la naci\u00f3n\u00bb.<\/p>\n<p>De igual forma, el diputado asegur\u00f3 que \u00abla ley es la propuesta inteligente a las amenazas, a las agresiones\u00bb de <strong>Estados Unidos<\/strong> en contra de <strong>Venezuela<\/strong>y permitir\u00e1, agreg\u00f3, \u00abintegrar, de manera definitiva, el poder militar, el poder policial, las capacidades econ\u00f3micas, las capacidades humanas del pueblo entero\u00bb.<\/p>\n<p>El <strong>gobierno de Venezuela<\/strong> anunci\u00f3 este 11 de noviembre un nuevo <strong>despliegue militar<\/strong> que incluye \u00abmedios terrestres, a\u00e9reos, navales y fluviales\u00bb, as\u00ed como sistemas de armas y otros recursos para enfrentar las que considera como \u00abamenazas imperiales\u00bb.<\/p>\n<p><strong>Estados Unidos<\/strong> mantiene un despliegue militar en el <strong>Caribe<\/strong>cerca de Venezuela, que comenz\u00f3 en agosto bajo el argumento de combatir el narcotr\u00e1fico y actualmente se considera el m\u00e1s grande de su historia desde la <strong>primera Guerra del Golfo P\u00e9rsico (1990-1991)<\/strong>seg\u00fan un estudio de expertos del <strong>Centro para Estudios Estrat\u00e9gicos e Internacionales (CSIS)<\/strong>.<\/p>\n<p><em>Este contenido incluye informaci\u00f3n suministrada por la Agencia EFE. Editado, verificado y contextualizado por el equipo editorial de <strong>El Diario<\/strong>. Conoce nuestra pol\u00edtica sobre el uso de contenidos de EFE<\/em><em> <\/em>aqu\u00ed.<\/p>\n<p><!-- CONTENT END 1 -->\n<\/div>\n\n","protected":false},"excerpt":{"rendered":"<p>La Asamblea Nacional (AN) aprob\u00f3 este martes 11 de noviembre una ley para defender al pa\u00eds ante el despliegue militar de Estados Unidos en el mar Caribe, ordenado por Donald Trump bajo el argumento de combatir el narcotr\u00e1fico, pero que el presidente Nicol\u00e1s Maduro considera un intento para sacarlo del poder. \u00abEstamos aprobando una ley &hellip;<\/p>\n","protected":false},"author":1,"featured_media":49510,"comment_status":"open","ping_status":"open","sticky":false,"template":"","format":"standard","meta":{"fifu_image_url":"https:\/\/eldiario.com\/wp-content\/uploads\/2021\/02\/Asamblea-Nacional-1.jpg","fifu_image_alt":"","footnotes":""},"categories":[4],"tags":[],"class_list":["post-49509","post","type-post","status-publish","format-standard","has-post-thumbnail","","category-historias-destacadas"],"_links":{"self":[{"href":"https:\/\/noticiasveraces.com\/index.php?rest_route=\/wp\/v2\/posts\/49509","targetHints":{"allow":["GET"]}}],"collection":[{"href":"https:\/\/noticiasveraces.com\/index.php?rest_route=\/wp\/v2\/posts"}],"about":[{"href":"https:\/\/noticiasveraces.com\/index.php?rest_route=\/wp\/v2\/types\/post"}],"author":[{"embeddable":true,"href":"https:\/\/noticiasveraces.com\/index.php?rest_route=\/wp\/v2\/users\/1"}],"replies":[{"embeddable":true,"href":"https:\/\/noticiasveraces.com\/index.php?rest_route=%2Fwp%2Fv2%2Fcomments&post=49509"}],"version-history":[{"count":0,"href":"https:\/\/noticiasveraces.com\/index.php?rest_route=\/wp\/v2\/posts\/49509\/revisions"}],"wp:featuredmedia":[{"embeddable":true,"href":"https:\/\/noticiasveraces.com\/index.php?rest_route=\/wp\/v2\/media\/49510"}],"wp:attachment":[{"href":"https:\/\/noticiasveraces.com\/index.php?rest_route=%2Fwp%2Fv2%2Fmedia&parent=49509"}],"wp:term":[{"taxonomy":"category","embeddable":true,"href":"https:\/\/noticiasveraces.com\/index.php?rest_route=%2Fwp%2Fv2%2Fcategories&post=49509"},{"taxonomy":"post_tag","embeddable":true,"href":"https:\/\/noticiasveraces.com\/index.php?rest_route=%2Fwp%2Fv2%2Ftags&post=49509"}],"curies":[{"name":"wp","href":"https:\/\/api.w.org\/{rel}","templated":true}]}}