{"id":49494,"date":"2025-11-11T16:36:18","date_gmt":"2025-11-11T20:36:18","guid":{"rendered":"https:\/\/noticiasveraces.com\/?p=49494"},"modified":"2025-11-11T16:36:18","modified_gmt":"2025-11-11T20:36:18","slug":"sin-plan-alguno-hacia-la-catastrofe-dw-11-11-2025","status":"publish","type":"post","link":"https:\/\/noticiasveraces.com\/?p=49494","title":{"rendered":"sin plan alguno hacia la cat\u00e1strofe \u2013 DW \u2013 11\/11\/2025"},"content":{"rendered":"<p> \n<\/p>\n<div data-tracking-name=\"rich-text\" data-tracking-skip=\"true\">\n<p>Desde el inicio del oto\u00f1o boreal, apenas ha llovido en Ir\u00e1n. En el nuevo a\u00f1o hidrol\u00f3gico, un periodo de doce meses para registrar las precipitaciones, que en Ir\u00e1n comienza el 23 de septiembre, hasta ahora no ha ca\u00eddo ni una gota en 15 de las 31 provincias iran\u00edes.<\/p>\n<p>El pa\u00eds est\u00e1 sufriendo una sequ\u00eda sin precedentes que obliga a las autoridades a restringir el suministro de agua. En la capital, Teher\u00e1n, se han previsto cortes de agua temporales para limitar el consumo y evitar el \u00abdesperdicio\u00bb, seg\u00fan declar\u00f3 el ministro de Energ\u00eda, Abbas Ali Abad, el pasado fin de semana.<\/p>\n<p>La poblaci\u00f3n debe utilizar dep\u00f3sitos de agua y bombas para suplir las carencias en el suministro. La red de abastecimiento de agua de Teher\u00e1n, una ciudad que se ha expandido r\u00e1pidamente y se ha convertido en una megaciudad, es anticuada y est\u00e1 en mal estado. Desde principios de verano, los habitantes del centro de la ciudad informan repetidamente de cortes de agua de varias horas de duraci\u00f3n debido a reparaciones sin previo aviso.<\/p>\n<p>\u00abVivimos en el oeste de la capital, Teher\u00e1n. Hasta ahora no nos han cortado el agua. Pero desde hace tiempo utilizamos bombas de agua en nuestro edificio, ya que la presi\u00f3n es demasiado baja\u00bb, cuenta una mujer jubilada que se mud\u00f3 a Teher\u00e1n hace dos a\u00f1os para estar m\u00e1s cerca de sus hijos y sus familias.<\/p>\n<p>Ahora forma parte del casi 20 % de la poblaci\u00f3n iran\u00ed que se ve amenazada por una grave escasez de agua en la capital iran\u00ed.<\/p>\n<p>En el sexto a\u00f1o consecutivo de sequ\u00eda, los embalses que rodean la capital tienen el nivel m\u00e1s bajo en d\u00e9cadas. Seg\u00fan la empresa de agua y alcantarillado de la provincia de Teher\u00e1n, la poblaci\u00f3n de Teher\u00e1n ha tenido que arregl\u00e1rselas con un 12 % menos de agua en los \u00faltimos siete meses.<\/p>\n<p>\u00abSin embargo, dadas las condiciones clim\u00e1ticas y la sequ\u00eda persistente, esta tasa de ahorro debe aumentar hasta aproximadamente el 20 % para garantizar el suministro de agua hasta el invierno\u00bb, afirma el director general de la empresa de suministro de agua.<\/p>\n<figure class=\"placeholder-image master_landscape big\"><img data-format=\"MASTER_LANDSCAPE\" data-id=\"74178022\" data-url=\"https:\/\/static.dw.com\/image\/74178022_${formatId}.jpg\" data-aspect-ratio=\"16\/9\" alt=\"Desecaci\u00f3n del mayor lago interior de Ir\u00e1n.\" style=\"padding-bottom: 56.25%; height: 0; max-height: 0;\"\/><figcaption class=\"img-caption\">Del que fuera el mayor lago interior de Ir\u00e1n, el Urmia, no queda casi nada.<small class=\"copyright\">Imagen: Privat<\/small><\/figcaption><\/figure>\n<h2>El sector agr\u00edcola se lleva la mayor cantidad de agua<\/h2>\n<p>\u00abLos ahorros de la poblaci\u00f3n no son suficientes para hacer frente a esta crisis\u00bb, advierte la experta en medio ambiente Azam Bahrami, investigadora y asesora en ecoturismo sostenible.<\/p>\n<p>En entrevista con DW, afirma: \u00abSi echamos una mirada a la pir\u00e1mide de consumo de agua, vemos que el sector agr\u00edcola tiene la mayor cuota, con un ochenta a un noventa por ciento. Mientras se d\u00e9 prioridad a otros sectores para aumentar la productividad, las medidas de ahorro no tendr\u00e1n mucho \u00e9xito\u00bb, advierte.<\/p>\n<p>Las reservas de agua del pa\u00eds est\u00e1n muy agotadas debido a d\u00e9cadas de sobreexplotaci\u00f3n, riego ineficiente en la agricultura y falta de infraestructura.<\/p>\n<p>Varios estudios, como el publicado en la revista cient\u00edfica <em>Naturaleza <\/em>en 2022, revelan datos alarmantes sobre la p\u00e9rdida de reservas de agua subterr\u00e1nea en un pa\u00eds ya de por s\u00ed seco como Ir\u00e1n.<\/p>\n<p>Uno de los autores del estudio, Mohammad Javad Tourian, de la Universidad de Stuttgart, escribe en respuesta a una consulta de Deutsche Welle: \u00abDesde 2002, Ir\u00e1n pierde una media de unos 16 kil\u00f3metros c\u00fabicos de agua al a\u00f1o. Esto significa que Ir\u00e1n pierde cada tres a\u00f1os un volumen equivalente al del lago Constanza\u00bb, en el sur de Alemania.<\/p>\n<p>Tourian a\u00f1ade: \u00abEn total, en los \u00faltimos 23 a\u00f1os han desaparecido unos 370 kil\u00f3metros c\u00fabicos de agua. La situaci\u00f3n es realmente grave\u00bb.<\/p>\n<p><span data-slot-id=\"Article_InContent-1\" class=\"rich-text-ad\"\/><\/p>\n<h2>Falta de voluntad pol\u00edtica<\/h2>\n<p>\u00abHay algunas medidas que pueden aportar un alivio r\u00e1pido y notable\u00bb, afirma el experto Tourian. Y a\u00f1ade: \u00abDar prioridad al suministro de agua potable en ciudades como Teher\u00e1n y restringir temporalmente el consumo de agua menos cr\u00edtico pueden ser medidas a corto plazo que surtan efecto r\u00e1pidamente. Sin embargo, es importante adoptar enfoques decisivos para hacer frente a la crisis del agua de forma sostenible\u00bb.<\/p>\n<p>El uso sistem\u00e1tico de datos satelitales ayudar\u00eda a obtener una imagen clara, independiente y a nivel nacional, de las p\u00e9rdidas reales de agua, y a cuantificar de forma realista los presupuestos h\u00eddricos. Seg\u00fan el experto Tourian, entre las medidas importantes se encuentra la transformaci\u00f3n de la agricultura hacia cultivos adaptados al clima y sistemas de riego eficientes.<\/p>\n<p>\u00abSin embargo, todas estas medidas son mucho m\u00e1s f\u00e1ciles de formular que de aplicar. Requieren reformas institucionales, capacidades t\u00e9cnicas, estructuras de datos fiables y voluntad pol\u00edtica, factores que, en la pr\u00e1ctica, suelen ser m\u00e1s dif\u00edciles de realizar que la propia soluci\u00f3n t\u00e9cnica\u00bb.<\/p>\n<p>(gg\/cp)<\/p>\n<\/div>\n\n","protected":false},"excerpt":{"rendered":"<p>Desde el inicio del oto\u00f1o boreal, apenas ha llovido en Ir\u00e1n. En el nuevo a\u00f1o hidrol\u00f3gico, un periodo de doce meses para registrar las precipitaciones, que en Ir\u00e1n comienza el 23 de septiembre, hasta ahora no ha ca\u00eddo ni una gota en 15 de las 31 provincias iran\u00edes. El pa\u00eds est\u00e1 sufriendo una sequ\u00eda sin &hellip;<\/p>\n","protected":false},"author":1,"featured_media":49495,"comment_status":"open","ping_status":"open","sticky":false,"template":"","format":"standard","meta":{"fifu_image_url":"https:\/\/static.dw.com\/image\/70110863_6.jpg","fifu_image_alt":"","footnotes":""},"categories":[13],"tags":[],"class_list":["post-49494","post","type-post","status-publish","format-standard","has-post-thumbnail","","category-mundo"],"_links":{"self":[{"href":"https:\/\/noticiasveraces.com\/index.php?rest_route=\/wp\/v2\/posts\/49494","targetHints":{"allow":["GET"]}}],"collection":[{"href":"https:\/\/noticiasveraces.com\/index.php?rest_route=\/wp\/v2\/posts"}],"about":[{"href":"https:\/\/noticiasveraces.com\/index.php?rest_route=\/wp\/v2\/types\/post"}],"author":[{"embeddable":true,"href":"https:\/\/noticiasveraces.com\/index.php?rest_route=\/wp\/v2\/users\/1"}],"replies":[{"embeddable":true,"href":"https:\/\/noticiasveraces.com\/index.php?rest_route=%2Fwp%2Fv2%2Fcomments&post=49494"}],"version-history":[{"count":0,"href":"https:\/\/noticiasveraces.com\/index.php?rest_route=\/wp\/v2\/posts\/49494\/revisions"}],"wp:featuredmedia":[{"embeddable":true,"href":"https:\/\/noticiasveraces.com\/index.php?rest_route=\/wp\/v2\/media\/49495"}],"wp:attachment":[{"href":"https:\/\/noticiasveraces.com\/index.php?rest_route=%2Fwp%2Fv2%2Fmedia&parent=49494"}],"wp:term":[{"taxonomy":"category","embeddable":true,"href":"https:\/\/noticiasveraces.com\/index.php?rest_route=%2Fwp%2Fv2%2Fcategories&post=49494"},{"taxonomy":"post_tag","embeddable":true,"href":"https:\/\/noticiasveraces.com\/index.php?rest_route=%2Fwp%2Fv2%2Ftags&post=49494"}],"curies":[{"name":"wp","href":"https:\/\/api.w.org\/{rel}","templated":true}]}}