{"id":49487,"date":"2025-11-11T14:21:20","date_gmt":"2025-11-11T18:21:20","guid":{"rendered":"https:\/\/noticiasveraces.com\/?p=49487"},"modified":"2025-11-11T14:21:20","modified_gmt":"2025-11-11T18:21:20","slug":"cristiano-ronaldo-anuncia-que-2026-sera-su-ultimo-mundial","status":"publish","type":"post","link":"https:\/\/noticiasveraces.com\/?p=49487","title":{"rendered":"Cristiano Ronaldo anuncia que 2026 ser\u00e1 su \u00faltimo Mundial"},"content":{"rendered":"<p> \n<\/p>\n<div data-td-block-uid=\"tdi_109\">\n<div class=\"tdb-block-inner td-fix-index\">\n<p>El delantero portugu\u00e9s y estrella del Al-Nassr, Cristiano Ronaldo, anunci\u00f3 este martes que la Copa Mundial de 2026 de Estados Unidos, M\u00e9xico y Canad\u00e1 ser\u00e1 la \u00faltima de su carrera.<\/p>\n<p>Estas declaraciones las realiz\u00f3 a los medios durante su presencia en el foro de turismo TOURISE de Arabia Saud\u00ed, donde asegur\u00f3 que ya con 41 a\u00f1os entiende que no puede jugar otro Mundial.<\/p>\n<p>\u201cS\u00ed, ser\u00e1 mi \u00faltimo Mundial. Tendr\u00e9 41 a\u00f1os, y creo que ser\u00e1 el momento de cerrar ese ciclo. Ahora solo quiero disfrutar el presente\u201d, expres\u00f3 CR7.<\/p>\n<p>\u00abEsto (en diez a\u00f1os) significa pr\u00f3ximamente para m\u00ed. La gente cree que cuando hablo de retirarme pronto significa que ser\u00e1 dentro de seis meses o un a\u00f1o. \u00a1Estoy bromeando!\u00bb, dijo tras ser preguntado sobre su retiro.<\/p>\n<p>Ronaldo tambi\u00e9n detall\u00f3 que se siente c\u00f3modo jugando con el Al-Nassr y espera poder estar un par de temporadas m\u00e1s antes de colgar los botines.<\/p>\n<p>\u00abEn el f\u00fatbol, intento disfrutar de los goles. Como sabes, tengo 40 a\u00f1os e intento disfrutar del momento y seguir. Mi cuerpo est\u00e1 en buen estado, creo. En cuanto a mi desempe\u00f1o en la selecci\u00f3n nacional marco goles y ayudo al equipo. Quiero ganar t\u00edtulos. Esta es mi vida\u00bb, concluy\u00f3.<\/p>\n<\/div>\n<\/div>\n\n","protected":false},"excerpt":{"rendered":"<p>El delantero portugu\u00e9s y estrella del Al-Nassr, Cristiano Ronaldo, anunci\u00f3 este martes que la Copa Mundial de 2026 de Estados Unidos, M\u00e9xico y Canad\u00e1 ser\u00e1 la \u00faltima de su carrera. Estas declaraciones las realiz\u00f3 a los medios durante su presencia en el foro de turismo TOURISE de Arabia Saud\u00ed, donde asegur\u00f3 que ya con 41 &hellip;<\/p>\n","protected":false},"author":1,"featured_media":49488,"comment_status":"open","ping_status":"open","sticky":false,"template":"","format":"standard","meta":{"fifu_image_url":"https:\/\/ultimasnoticias.com.ve\/wp-content\/uploads\/2025\/06\/Cristiano-Ronaldo-1.jpg","fifu_image_alt":"","footnotes":""},"categories":[13],"tags":[],"class_list":["post-49487","post","type-post","status-publish","format-standard","has-post-thumbnail","","category-mundo"],"_links":{"self":[{"href":"https:\/\/noticiasveraces.com\/index.php?rest_route=\/wp\/v2\/posts\/49487","targetHints":{"allow":["GET"]}}],"collection":[{"href":"https:\/\/noticiasveraces.com\/index.php?rest_route=\/wp\/v2\/posts"}],"about":[{"href":"https:\/\/noticiasveraces.com\/index.php?rest_route=\/wp\/v2\/types\/post"}],"author":[{"embeddable":true,"href":"https:\/\/noticiasveraces.com\/index.php?rest_route=\/wp\/v2\/users\/1"}],"replies":[{"embeddable":true,"href":"https:\/\/noticiasveraces.com\/index.php?rest_route=%2Fwp%2Fv2%2Fcomments&post=49487"}],"version-history":[{"count":0,"href":"https:\/\/noticiasveraces.com\/index.php?rest_route=\/wp\/v2\/posts\/49487\/revisions"}],"wp:featuredmedia":[{"embeddable":true,"href":"https:\/\/noticiasveraces.com\/index.php?rest_route=\/wp\/v2\/media\/49488"}],"wp:attachment":[{"href":"https:\/\/noticiasveraces.com\/index.php?rest_route=%2Fwp%2Fv2%2Fmedia&parent=49487"}],"wp:term":[{"taxonomy":"category","embeddable":true,"href":"https:\/\/noticiasveraces.com\/index.php?rest_route=%2Fwp%2Fv2%2Fcategories&post=49487"},{"taxonomy":"post_tag","embeddable":true,"href":"https:\/\/noticiasveraces.com\/index.php?rest_route=%2Fwp%2Fv2%2Ftags&post=49487"}],"curies":[{"name":"wp","href":"https:\/\/api.w.org\/{rel}","templated":true}]}}