{"id":49484,"date":"2025-11-11T13:16:33","date_gmt":"2025-11-11T17:16:33","guid":{"rendered":"https:\/\/noticiasveraces.com\/?p=49484"},"modified":"2025-11-11T13:16:33","modified_gmt":"2025-11-11T17:16:33","slug":"los-riesgos-para-ejercer-el-periodismo-en-venezuela-aumentaron-en-2025","status":"publish","type":"post","link":"https:\/\/noticiasveraces.com\/?p=49484","title":{"rendered":"Los riesgos para ejercer el periodismo en Venezuela aumentaron en 2025"},"content":{"rendered":"<p> \n<\/p>\n<div>\n<p>La organizaci\u00f3n no gubernamental (ONG) Laboratorio de Paz public\u00f3 un informe sobre las <strong>limitaciones que ha enfrentado el ejercicio del periodismo y la libertad de expresi\u00f3n en Venezuela<\/strong> en lo que va del a\u00f1o 2025. <\/p>\n<div class=\"ruby-table-contents rbtoc table-fw\">\n<ul class=\"toc-content h5\">\n<li>Los n\u00fameros del informe<\/li>\n<li>Cambios en las coberturas<\/li>\n<\/ul>\n<\/div>\n<p>El informe, titulado <em>Libertad de expresi\u00f3n, medios y comunicadores 2025. Impacto del cierre del espacio c\u00edvico en el derecho a la informaci\u00f3n en Venezuela,<\/em> se\u00f1ala que <strong>el cierre del espacio c\u00edvico en el pa\u00eds ha afectado tanto a medios de comunicaci\u00f3n como a periodistas de forma independiente<\/strong>. Esto se refleja en la reducci\u00f3n de las capacidades de los medios, el exilio de periodistas y la disminuci\u00f3n de las fuentes de financiamiento. <\/p>\n<p>La publicaci\u00f3n cuenta con <strong>entrevistas realizadas a 12 medios de comunicaci\u00f3n en el pa\u00eds<\/strong> y uno de los par\u00e1metros que midi\u00f3 fueron los cambios en el ejercicio period\u00edstico posterior a la juramentaci\u00f3n del presidente Nicol\u00e1s Maduro el 10 de enero de 2025.<\/p>\n<h2 id=\"los-numeros-del-informe\" class=\"rb-heading-index-0-827139 wp-block-heading\"><strong>Los n\u00fameros del informe<\/strong><\/h2>\n<p>El Laboratorio de Paz revel\u00f3 que <strong>92 % de los encuestados coincidieron en que los riesgos para el ejercicio del periodismo aumentaron<\/strong> en lo que va del a\u00f1o 2025.<\/p>\n<figure class=\"wp-block-image size-large\"><picture fetchpriority=\"high\" decoding=\"async\" class=\"wp-image-800558\"><source type=\"image\/webp\" sizes=\"(max-width: 1200px) 100vw, 1200px\" nitro-lazy-srcset=\"https:\/\/eldiario.com\/nitropack_static\/DWpklAePbJBFiBKvuTtiGMLbtJlHUqWt\/assets\/images\/optimized\/rev-4610e21\/eldiario.com\/wp-content\/uploads\/2025\/06\/thought-catalog-505eectW54k-unsplash-1200x800.jpg.webp 1200w, https:\/\/eldiario.com\/nitropack_static\/DWpklAePbJBFiBKvuTtiGMLbtJlHUqWt\/assets\/images\/optimized\/rev-4610e21\/eldiario.com\/wp-content\/uploads\/2025\/06\/thought-catalog-505eectW54k-unsplash-300x200.jpg.webp 300w, https:\/\/eldiario.com\/nitropack_static\/DWpklAePbJBFiBKvuTtiGMLbtJlHUqWt\/assets\/images\/optimized\/rev-4610e21\/eldiario.com\/wp-content\/uploads\/2025\/06\/thought-catalog-505eectW54k-unsplash-768x512.jpg.webp 768w, https:\/\/eldiario.com\/nitropack_static\/DWpklAePbJBFiBKvuTtiGMLbtJlHUqWt\/assets\/images\/optimized\/rev-4610e21\/eldiario.com\/wp-content\/uploads\/2025\/06\/thought-catalog-505eectW54k-unsplash-1536x1024.jpg.webp 1536w, https:\/\/eldiario.com\/nitropack_static\/DWpklAePbJBFiBKvuTtiGMLbtJlHUqWt\/assets\/images\/optimized\/rev-4610e21\/eldiario.com\/wp-content\/uploads\/2025\/06\/thought-catalog-505eectW54k-unsplash-330x220.jpg.webp 330w, https:\/\/eldiario.com\/nitropack_static\/DWpklAePbJBFiBKvuTtiGMLbtJlHUqWt\/assets\/images\/optimized\/rev-4610e21\/eldiario.com\/wp-content\/uploads\/2025\/06\/thought-catalog-505eectW54k-unsplash-420x280.jpg.webp 420w, https:\/\/eldiario.com\/nitropack_static\/DWpklAePbJBFiBKvuTtiGMLbtJlHUqWt\/assets\/images\/optimized\/rev-4610e21\/eldiario.com\/wp-content\/uploads\/2025\/06\/thought-catalog-505eectW54k-unsplash-615x410.jpg.webp 615w, https:\/\/eldiario.com\/nitropack_static\/DWpklAePbJBFiBKvuTtiGMLbtJlHUqWt\/assets\/images\/optimized\/rev-4610e21\/eldiario.com\/wp-content\/uploads\/2025\/06\/thought-catalog-505eectW54k-unsplash-860x574.jpg.webp 860w, https:\/\/eldiario.com\/nitropack_static\/DWpklAePbJBFiBKvuTtiGMLbtJlHUqWt\/assets\/images\/optimized\/rev-4610e21\/eldiario.com\/wp-content\/uploads\/2025\/06\/thought-catalog-505eectW54k-unsplash-150x100.jpg.webp 150w, https:\/\/eldiario.com\/nitropack_static\/DWpklAePbJBFiBKvuTtiGMLbtJlHUqWt\/assets\/images\/optimized\/rev-4610e21\/eldiario.com\/wp-content\/uploads\/2025\/06\/thought-catalog-505eectW54k-unsplash.jpg.webp 1600w\" nitro-lazy-empty=\"\" id=\"ODExOjExNTU=-1\" srcset=\"data:image\/svg+xml;nitro-empty-id=ODExOjExNTU=-1;base64,PHN2ZyB2aWV3Qm94PSIwIDAgMTIwMCA4MDAiIHdpZHRoPSIxMjAwIiBoZWlnaHQ9IjgwMCIgeG1sbnM9Imh0dHA6Ly93d3cudzMub3JnLzIwMDAvc3ZnIj48L3N2Zz4=\"\/><img fetchpriority=\"high\" width=\"1200\" height=\"800\" alt=\"Los periodistas venezolanos que encontraron en otras profesiones una forma de resistir\" sizes=\"(max-width: 1200px) 100vw, 1200px\" srcset=\"https:\/\/eldiario.com\/nitropack_static\/DWpklAePbJBFiBKvuTtiGMLbtJlHUqWt\/assets\/images\/optimized\/rev-4610e21\/eldiario.com\/wp-content\/uploads\/2025\/06\/thought-catalog-505eectW54k-unsplash-1200x800.jpg 1200w, https:\/\/eldiario.com\/nitropack_static\/DWpklAePbJBFiBKvuTtiGMLbtJlHUqWt\/assets\/images\/optimized\/rev-4610e21\/eldiario.com\/wp-content\/uploads\/2025\/06\/thought-catalog-505eectW54k-unsplash-300x200.jpg 300w, https:\/\/eldiario.com\/nitropack_static\/DWpklAePbJBFiBKvuTtiGMLbtJlHUqWt\/assets\/images\/optimized\/rev-4610e21\/eldiario.com\/wp-content\/uploads\/2025\/06\/thought-catalog-505eectW54k-unsplash-768x512.jpg 768w, https:\/\/eldiario.com\/nitropack_static\/DWpklAePbJBFiBKvuTtiGMLbtJlHUqWt\/assets\/images\/optimized\/rev-4610e21\/eldiario.com\/wp-content\/uploads\/2025\/06\/thought-catalog-505eectW54k-unsplash-1536x1024.jpg 1536w, https:\/\/eldiario.com\/nitropack_static\/DWpklAePbJBFiBKvuTtiGMLbtJlHUqWt\/assets\/images\/optimized\/rev-4610e21\/eldiario.com\/wp-content\/uploads\/2025\/06\/thought-catalog-505eectW54k-unsplash-330x220.jpg 330w, https:\/\/eldiario.com\/nitropack_static\/DWpklAePbJBFiBKvuTtiGMLbtJlHUqWt\/assets\/images\/optimized\/rev-4610e21\/eldiario.com\/wp-content\/uploads\/2025\/06\/thought-catalog-505eectW54k-unsplash-420x280.jpg 420w, https:\/\/eldiario.com\/nitropack_static\/DWpklAePbJBFiBKvuTtiGMLbtJlHUqWt\/assets\/images\/optimized\/rev-4610e21\/eldiario.com\/wp-content\/uploads\/2025\/06\/thought-catalog-505eectW54k-unsplash-615x410.jpg 615w, https:\/\/eldiario.com\/nitropack_static\/DWpklAePbJBFiBKvuTtiGMLbtJlHUqWt\/assets\/images\/optimized\/rev-4610e21\/eldiario.com\/wp-content\/uploads\/2025\/06\/thought-catalog-505eectW54k-unsplash-860x574.jpg 860w, https:\/\/eldiario.com\/nitropack_static\/DWpklAePbJBFiBKvuTtiGMLbtJlHUqWt\/assets\/images\/optimized\/rev-4610e21\/eldiario.com\/wp-content\/uploads\/2025\/06\/thought-catalog-505eectW54k-unsplash-150x100.jpg 150w, https:\/\/eldiario.com\/nitropack_static\/DWpklAePbJBFiBKvuTtiGMLbtJlHUqWt\/assets\/images\/optimized\/rev-4610e21\/eldiario.com\/wp-content\/uploads\/2025\/06\/thought-catalog-505eectW54k-unsplash.jpg 1600w\" src=\"https:\/\/eldiario.com\/nitropack_static\/DWpklAePbJBFiBKvuTtiGMLbtJlHUqWt\/assets\/images\/optimized\/rev-4610e21\/eldiario.com\/wp-content\/uploads\/2025\/06\/thought-catalog-505eectW54k-unsplash-1200x800.jpg\" class=\"nitro-lazy\" decoding=\"async\" nitro-lazy-empty=\"\" id=\"ODEyOjEzNDU=-1\"\/> <\/picture><figcaption class=\"wp-element-caption\">Foto: Unsplash<\/figcaption><\/figure>\n<p>Uno de los principales hallazgos de la encuesta fue que <strong>los medios de comunicaci\u00f3n tuvieron que replantear sus v\u00edas de financiamiento<\/strong>. La reorientaci\u00f3n de fondos de las agencias internacionales ha tenido como consecuencia que 91 % de los encuestados se vieran obligados a minimizar las actividades del medio y <strong>reducir entre 50 % y 85 % del personal<\/strong>.<\/p>\n<p>77 % de los medios encuestados ya no tienen la capacidad de realizar trabajos de investigaci\u00f3n, mientras 50 % asegur\u00f3 que se han visto forzados a dejar de realizar reportajes. <\/p>\n<p>Asimismo, 33 % de estos medios ha dejado de hacer coberturas en terreno y 58 % abandon\u00f3 las transmisiones en vivo. <strong>Varios periodistas, incluyendo directores de medios, se fueron del pa\u00eds en el transcurso del a\u00f1o por la situaci\u00f3n de persecuci\u00f3n<\/strong>.<\/p>\n<p>42 % de los medios considera que tienen personal en condici\u00f3n de riesgo. Entre los temores que manifestaron est\u00e1n la posibilidad de suspensi\u00f3n de pasaporte (91 %), multas (83 %), detenciones arbitrarias (83 %), desapariciones forzadas (75 %) y detenci\u00f3n de familiares (75 %). <\/p>\n<h2 id=\"cambios-en-las-coberturas\" class=\"rb-heading-index-1-827139 wp-block-heading\"><strong>Cambios en las coberturas<\/strong><\/h2>\n<p>De acuerdo con los entrevistados, los temas m\u00e1s sensibles de cobertura period\u00edstica son <strong>violaciones a derechos humanos (91 %); actos de corrupci\u00f3n de funcionarios gubernamentales (91 %);<\/strong> sanciones a Venezuela (58 %) y cooperaci\u00f3n internacional (50 %).<\/p>\n<p>Adicionalmente, las instituciones del Estado que los medios perciben como de mayor riesgo son el Ministerio Interior y Justicia (91 %); Divisi\u00f3n General de Contrainteligencia Militar (DGCIM) (66 %); Servicio Bolivariano de Inteligencia Nacional (Sebin) (58 %) y el Ministerio P\u00fablico (50 %). <\/p>\n<figure class=\"wp-block-image size-large\"><picture loading=\"lazy\" decoding=\"async\" class=\"wp-image-761238\"><source type=\"image\/webp\" sizes=\"(max-width: 1200px) 100vw, 1200px\" nitro-lazy-srcset=\"https:\/\/eldiario.com\/nitropack_static\/DWpklAePbJBFiBKvuTtiGMLbtJlHUqWt\/assets\/images\/optimized\/rev-4610e21\/eldiario.com\/wp-content\/uploads\/2025\/01\/Periodistas-PIXABAY-1200x800.jpg.webp 1200w, https:\/\/eldiario.com\/nitropack_static\/DWpklAePbJBFiBKvuTtiGMLbtJlHUqWt\/assets\/images\/optimized\/rev-4610e21\/eldiario.com\/wp-content\/uploads\/2025\/01\/Periodistas-PIXABAY-300x200.jpg.webp 300w, https:\/\/eldiario.com\/nitropack_static\/DWpklAePbJBFiBKvuTtiGMLbtJlHUqWt\/assets\/images\/optimized\/rev-4610e21\/eldiario.com\/wp-content\/uploads\/2025\/01\/Periodistas-PIXABAY-768x512.jpg.webp 768w, https:\/\/eldiario.com\/nitropack_static\/DWpklAePbJBFiBKvuTtiGMLbtJlHUqWt\/assets\/images\/optimized\/rev-4610e21\/eldiario.com\/wp-content\/uploads\/2025\/01\/Periodistas-PIXABAY-1536x1023.jpg.webp 1536w, https:\/\/eldiario.com\/nitropack_static\/DWpklAePbJBFiBKvuTtiGMLbtJlHUqWt\/assets\/images\/optimized\/rev-4610e21\/eldiario.com\/wp-content\/uploads\/2025\/01\/Periodistas-PIXABAY-150x100.jpg.webp 150w, https:\/\/eldiario.com\/nitropack_static\/DWpklAePbJBFiBKvuTtiGMLbtJlHUqWt\/assets\/images\/optimized\/rev-4610e21\/eldiario.com\/wp-content\/uploads\/2025\/01\/Periodistas-PIXABAY.jpg.webp 1600w\" nitro-lazy-empty=\"\" id=\"ODQ3OjYyMQ==-1\" srcset=\"data:image\/svg+xml;nitro-empty-id=ODQ3OjYyMQ==-1;base64,PHN2ZyB2aWV3Qm94PSIwIDAgMTIwMCA4MDAiIHdpZHRoPSIxMjAwIiBoZWlnaHQ9IjgwMCIgeG1sbnM9Imh0dHA6Ly93d3cudzMub3JnLzIwMDAvc3ZnIj48L3N2Zz4=\"\/><img loading=\"lazy\" width=\"1200\" height=\"800\" alt=\"CNP pidi\u00f3 a los funcionarios apoyar a los periodistas que cubren las protestas\" sizes=\"auto, (max-width: 1200px) 100vw, 1200px\" srcset=\"https:\/\/eldiario.com\/nitropack_static\/DWpklAePbJBFiBKvuTtiGMLbtJlHUqWt\/assets\/images\/optimized\/rev-4610e21\/eldiario.com\/wp-content\/uploads\/2025\/01\/Periodistas-PIXABAY-1200x800.jpg 1200w, https:\/\/eldiario.com\/nitropack_static\/DWpklAePbJBFiBKvuTtiGMLbtJlHUqWt\/assets\/images\/optimized\/rev-4610e21\/eldiario.com\/wp-content\/uploads\/2025\/01\/Periodistas-PIXABAY-300x200.jpg 300w, https:\/\/eldiario.com\/nitropack_static\/DWpklAePbJBFiBKvuTtiGMLbtJlHUqWt\/assets\/images\/optimized\/rev-4610e21\/eldiario.com\/wp-content\/uploads\/2025\/01\/Periodistas-PIXABAY-768x512.jpg 768w, https:\/\/eldiario.com\/nitropack_static\/DWpklAePbJBFiBKvuTtiGMLbtJlHUqWt\/assets\/images\/optimized\/rev-4610e21\/eldiario.com\/wp-content\/uploads\/2025\/01\/Periodistas-PIXABAY-1536x1023.jpg 1536w, https:\/\/eldiario.com\/nitropack_static\/DWpklAePbJBFiBKvuTtiGMLbtJlHUqWt\/assets\/images\/optimized\/rev-4610e21\/eldiario.com\/wp-content\/uploads\/2025\/01\/Periodistas-PIXABAY-150x100.jpg 150w, https:\/\/eldiario.com\/nitropack_static\/DWpklAePbJBFiBKvuTtiGMLbtJlHUqWt\/assets\/images\/optimized\/rev-4610e21\/eldiario.com\/wp-content\/uploads\/2025\/01\/Periodistas-PIXABAY.jpg 1600w\" src=\"https:\/\/eldiario.com\/nitropack_static\/DWpklAePbJBFiBKvuTtiGMLbtJlHUqWt\/assets\/images\/optimized\/rev-4610e21\/eldiario.com\/wp-content\/uploads\/2025\/01\/Periodistas-PIXABAY-1200x800.jpg\" class=\"nitro-lazy\" decoding=\"async\" nitro-lazy-empty=\"\" id=\"ODQ4OjgwMQ==-1\"\/> <\/picture><figcaption class=\"wp-element-caption\">Periodismo | Foto: Pixabay<\/figcaption><\/figure>\n<p>Ante la represi\u00f3n y la falta de recursos econ\u00f3micos, <strong>los medios han desarrollado estrategias como la migraci\u00f3n a plataformas digitales, diversificaci\u00f3n de formatos y mayor colaboraci\u00f3n entre medios,<\/strong> trabajo remoto, anonimato de fuentes y reorganizaci\u00f3n \u00e9tica y editorial, lo que Laboratorio de Paz calific\u00f3 como mecanismos de resistencia en un contexto de censura forzada. <\/p>\n<\/p><\/div>\n\n","protected":false},"excerpt":{"rendered":"<p>La organizaci\u00f3n no gubernamental (ONG) Laboratorio de Paz public\u00f3 un informe sobre las limitaciones que ha enfrentado el ejercicio del periodismo y la libertad de expresi\u00f3n en Venezuela en lo que va del a\u00f1o 2025. Los n\u00fameros del informe Cambios en las coberturas El informe, titulado Libertad de expresi\u00f3n, medios y comunicadores 2025. Impacto del &hellip;<\/p>\n","protected":false},"author":1,"featured_media":49486,"comment_status":"open","ping_status":"open","sticky":false,"template":"","format":"standard","meta":{"fifu_image_url":"https:\/\/eldiario.com\/wp-content\/uploads\/2025\/09\/ED.jpg","fifu_image_alt":"","footnotes":""},"categories":[13],"tags":[],"class_list":["post-49484","post","type-post","status-publish","format-standard","has-post-thumbnail","","category-mundo"],"_links":{"self":[{"href":"https:\/\/noticiasveraces.com\/index.php?rest_route=\/wp\/v2\/posts\/49484","targetHints":{"allow":["GET"]}}],"collection":[{"href":"https:\/\/noticiasveraces.com\/index.php?rest_route=\/wp\/v2\/posts"}],"about":[{"href":"https:\/\/noticiasveraces.com\/index.php?rest_route=\/wp\/v2\/types\/post"}],"author":[{"embeddable":true,"href":"https:\/\/noticiasveraces.com\/index.php?rest_route=\/wp\/v2\/users\/1"}],"replies":[{"embeddable":true,"href":"https:\/\/noticiasveraces.com\/index.php?rest_route=%2Fwp%2Fv2%2Fcomments&post=49484"}],"version-history":[{"count":0,"href":"https:\/\/noticiasveraces.com\/index.php?rest_route=\/wp\/v2\/posts\/49484\/revisions"}],"wp:featuredmedia":[{"embeddable":true,"href":"https:\/\/noticiasveraces.com\/index.php?rest_route=\/wp\/v2\/media\/49486"}],"wp:attachment":[{"href":"https:\/\/noticiasveraces.com\/index.php?rest_route=%2Fwp%2Fv2%2Fmedia&parent=49484"}],"wp:term":[{"taxonomy":"category","embeddable":true,"href":"https:\/\/noticiasveraces.com\/index.php?rest_route=%2Fwp%2Fv2%2Fcategories&post=49484"},{"taxonomy":"post_tag","embeddable":true,"href":"https:\/\/noticiasveraces.com\/index.php?rest_route=%2Fwp%2Fv2%2Ftags&post=49484"}],"curies":[{"name":"wp","href":"https:\/\/api.w.org\/{rel}","templated":true}]}}