{"id":49477,"date":"2025-11-11T12:55:07","date_gmt":"2025-11-11T16:55:07","guid":{"rendered":"https:\/\/noticiasveraces.com\/?p=49477"},"modified":"2025-11-11T12:55:07","modified_gmt":"2025-11-11T16:55:07","slug":"andres-iniesta-estaria-vinculado-a-una-investigacion-por-presunta-estafa-en-peru-comunicado-oficial-curiosidades-de-futbol","status":"publish","type":"post","link":"https:\/\/noticiasveraces.com\/?p=49477","title":{"rendered":"Andr\u00e9s Iniesta estar\u00eda vinculado a una investigaci\u00f3n por presunta estafa en Per\u00fa: comunicado oficial | Curiosidades de f\u00fatbol"},"content":{"rendered":"<p> \n<\/p>\n<div id=\"cuerpoArticulo\">\n<p class=\"texto intro cnx-companion-firstparagraph\" id=\"p258439-m773-772-774\">Andr\u00e9s Iniesta, recordado campe\u00f3n del Mundial 2010 con Espa\u00f1a, estar\u00eda vinculado a una investigaci\u00f3n que se abri\u00f3 por el delito de estafa agravada en Per\u00fa. De acuerdo a las primeras versiones, una empresa, de la cual es propietario el ex jugador del Barcelona, ser\u00eda la principal relacionada. <\/p>\n<p>El proceso, que se encuentra en una etapa preliminar, busca esclarecer los hechos que involucrar\u00edan a Iniesta, especialmente por el manejo de su imagen y prestigio, que habr\u00eda sido utilizado para dar confianza a los inversores. <\/p>\n<p class=\"texto contenido-parrafo-articulo cnx-companion-paragraph\" id=\"p258439-m849-3-850\">Por el momento, las autoridades se encuentran recopilando la informaci\u00f3n y pruebas de los hechos que se remontan al 2023, cuando la compa\u00f1\u00eda Never Say Never Barcelona, tom\u00f3 la decisi\u00f3n de abrir una sede en el continente sudamericano. <\/p>\n<p>Y es que, seg\u00fan la denuncia, dicha empresa habr\u00eda utilizado la imagen de Iniesta para llamar la atenci\u00f3n de posibles inversores. <\/p>\n<div class=\"fotografia caja-articulo\" id=\"p258439-m855-4-856\">\n<div class=\"imagen-cuerpo-bk\">\n<figure itemscope=\"\" itemtype=\"https:\/\/schema.org\/ImageObject\" itemprop=\"image\" id=\"m860-859-861\" class=\"foto-galeria-articulo imagen-articulo foto-texto-articulo-galeria\"><img decoding=\"async\" alt=\"Andr\u00e9s Iniesta\" src=\"data:image\/png;base64,iVBORw0KGgoAAAANSUhEUgAAAAEAAAABCAQAAAC1HAwCAAAAC0lEQVR42mP8\/x0AAvsB+DlKarAAAAAASUVORK5CYII=\" style=\" display: inline;\" data-original=\"\/files\/article_content\/uploads\/2019\/07\/25\/5d3a1e1050a08.jpeg\"\/><meta itemprop=\"width\" content=\"600\"\/><meta itemprop=\"height\" content=\"450\"\/> <meta itemprop=\"url\" content=\"https:\/\/www.futbolred.com\/files\/article_content\/uploads\/2019\/07\/25\/5d3a1e1050a08.jpeg\"\/><\/figure>\n<\/div><\/div>\n<p class=\"texto contenido-parrafo-articulo cnx-companion-paragraph\" id=\"p258439-m881-5-882\">\u201cEl prestigio de Andr\u00e9s Iniesta fue utilizado para captar capital bajo el enga\u00f1o de que se realizar\u00edan eventos aprobados en coordinaci\u00f3n entre NSN Barcelona y NSN Sudam\u00e9rica, pero que nunca se concretaron\u201d, se lee en un documento publicado por el Ministerio P\u00fablico del Per\u00fa.<\/p>\n<p>Adem\u00e1s, en este mismo se revela que los denunciantes afirman desconocer el paradero de su dinero correspondiente a la inversi\u00f3n. Por otro lado, no hubo reembolso por supuestos eventos que finalmente nunca se habr\u00edan realizado.<\/p>\n<div class=\"fotografia caja-articulo\" id=\"p258439-m887-6-888\">\n<div class=\"imagen-cuerpo-bk\">\n<figure itemscope=\"\" itemtype=\"https:\/\/schema.org\/ImageObject\" itemprop=\"image\" id=\"m892-891-893\" class=\"foto-galeria-articulo imagen-articulo foto-texto-articulo-galeria\"><img decoding=\"async\" alt=\"Andr\u00e9s Iniesta\" src=\"data:image\/png;base64,iVBORw0KGgoAAAANSUhEUgAAAAEAAAABCAQAAAC1HAwCAAAAC0lEQVR42mP8\/x0AAvsB+DlKarAAAAAASUVORK5CYII=\" style=\" display: inline;\" data-original=\"\/files\/article_content\/uploads\/2022\/04\/13\/62570c16306b6.jpeg\"\/><meta itemprop=\"width\" content=\"600\"\/><meta itemprop=\"height\" content=\"450\"\/> <meta itemprop=\"url\" content=\"https:\/\/www.futbolred.com\/files\/article_content\/uploads\/2022\/04\/13\/62570c16306b6.jpeg\"\/><\/figure>\n<\/div>\n<div class=\"figcaption-cuerpo-bk credito-image-bk\"><figcaption class=\"foto-info\">\n<div class=\"titulo-foto-bk\">\n<p id=\"m899-1-900\" class=\"titulo pie-de-foto\">Andr\u00e9s Iniesta en el Vissel Kobe<\/p>\n<\/div>\n<p class=\"credito\">\n                            <span class=\"linea pre_credito\">Foto:<\/span><\/p>\n<p>                        <span id=\"m905-2-906\" class=\"autor\">EFE<\/span><\/p>\n<\/figcaption><\/div>\n<\/p><\/div>\n<p class=\"texto contenido-parrafo-articulo cnx-companion-paragraph\" id=\"p258439-m913-7-914\">Tras conocerse esta denuncia, NSN y Andr\u00e9s Iniesta emitieron un comunicado oficial. All\u00ed, explicaron que: \u00abNegamos de forma rotunda las acusaciones publicadas en las \u00faltimas horas. Lamentamos que esas informaciones se hayan publicado malintencionadamente con el objetivo de aprovechar la imagen de un personaje p\u00fablico\u00bb.<\/p>\n<p>Y resaltaron: \u00abConfiamos que la justicia peruana aclare muy pronto esta situaci\u00f3n. Nos reservamos el derecho a interponer las acciones pertinentes en la defensa de nuestro trabajo y nuestro honor, rogando, adem\u00e1s, el m\u00e1ximo rigor en todas las informaciones que se publiquen referentes a este caso\u00bb.<\/p>\n<p>Por ahora, todo es materia de investigaci\u00f3n y se esperan los resultados de la misma para dar claridad a los hechos en cuesti\u00f3n.<\/p>\n<\/div>\n\n","protected":false},"excerpt":{"rendered":"<p>Andr\u00e9s Iniesta, recordado campe\u00f3n del Mundial 2010 con Espa\u00f1a, estar\u00eda vinculado a una investigaci\u00f3n que se abri\u00f3 por el delito de estafa agravada en Per\u00fa. De acuerdo a las primeras versiones, una empresa, de la cual es propietario el ex jugador del Barcelona, ser\u00eda la principal relacionada. El proceso, que se encuentra en una etapa &hellip;<\/p>\n","protected":false},"author":1,"featured_media":49478,"comment_status":"open","ping_status":"open","sticky":false,"template":"","format":"standard","meta":{"fifu_image_url":"https:\/\/www.futbolred.com\/files\/og_thumbnail\/uploads\/2024\/10\/08\/670518eeb1d2d.jpeg","fifu_image_alt":"","footnotes":""},"categories":[6],"tags":[],"class_list":["post-49477","post","type-post","status-publish","format-standard","has-post-thumbnail","","category-deportes"],"_links":{"self":[{"href":"https:\/\/noticiasveraces.com\/index.php?rest_route=\/wp\/v2\/posts\/49477","targetHints":{"allow":["GET"]}}],"collection":[{"href":"https:\/\/noticiasveraces.com\/index.php?rest_route=\/wp\/v2\/posts"}],"about":[{"href":"https:\/\/noticiasveraces.com\/index.php?rest_route=\/wp\/v2\/types\/post"}],"author":[{"embeddable":true,"href":"https:\/\/noticiasveraces.com\/index.php?rest_route=\/wp\/v2\/users\/1"}],"replies":[{"embeddable":true,"href":"https:\/\/noticiasveraces.com\/index.php?rest_route=%2Fwp%2Fv2%2Fcomments&post=49477"}],"version-history":[{"count":0,"href":"https:\/\/noticiasveraces.com\/index.php?rest_route=\/wp\/v2\/posts\/49477\/revisions"}],"wp:featuredmedia":[{"embeddable":true,"href":"https:\/\/noticiasveraces.com\/index.php?rest_route=\/wp\/v2\/media\/49478"}],"wp:attachment":[{"href":"https:\/\/noticiasveraces.com\/index.php?rest_route=%2Fwp%2Fv2%2Fmedia&parent=49477"}],"wp:term":[{"taxonomy":"category","embeddable":true,"href":"https:\/\/noticiasveraces.com\/index.php?rest_route=%2Fwp%2Fv2%2Fcategories&post=49477"},{"taxonomy":"post_tag","embeddable":true,"href":"https:\/\/noticiasveraces.com\/index.php?rest_route=%2Fwp%2Fv2%2Ftags&post=49477"}],"curies":[{"name":"wp","href":"https:\/\/api.w.org\/{rel}","templated":true}]}}