{"id":49443,"date":"2025-11-11T06:16:24","date_gmt":"2025-11-11T10:16:24","guid":{"rendered":"https:\/\/noticiasveraces.com\/?p=49443"},"modified":"2025-11-11T06:16:24","modified_gmt":"2025-11-11T10:16:24","slug":"cop30-3000-kilometros-de-rio-y-un-ultimatum-la-flotilla-amazonica-desafia-en-la-conferencia-de-la-onu-sobre-el-clima","status":"publish","type":"post","link":"https:\/\/noticiasveraces.com\/?p=49443","title":{"rendered":"COP30: 3,000 kil\u00f3metros de r\u00edo y un ultim\u00e1tum: la Flotilla Amaz\u00f3nica desaf\u00eda en la conferencia de la ONU sobre el clima"},"content":{"rendered":"<p> \n<\/p>\n<div>\n<p>La COP30 recibi\u00f3 visitas este domingo. Unos 70 l\u00edderes ind\u00edgenas de nueve pa\u00edses arribaron a Bel\u00e9m do Par\u00e1 tras navegar m\u00e1s de 3,000 kil\u00f3metros por el Amazonas. Entre c\u00e1nticos y banderas amaz\u00f3nicas, el barco de la Flotilla Yaku Mama \u2014coalici\u00f3n de m\u00e1s de 60 organizaciones ind\u00edgenas\u2014 atrac\u00f3 en el puerto Porto Souza Sobrinho. Hab\u00edan partido desde Puerto Francisco de Orellana (El Coca), en Ecuador, con un objetivo claro: llegar justo a tiempo para la conferencia de la ONU sobre el clima.<\/p>\n<p>La Flotilla Amaz\u00f3nica Yaku Mama \u2014que en kichwa significa \u00abMadre Agua\u00bb\u2014 complet\u00f3 la traves\u00eda. Partieron desde Puerto Francisco de Orellana. Mientras el mundo celebra que Brasil sea anfitri\u00f3n de la conferencia clim\u00e1tica, el pa\u00eds enfrenta su propia contradicci\u00f3n.<\/p>\n<figure class=\"AssetEmbedWrapper-fkZDUs kHRAYC asset-embed\">\n<div class=\"AssetEmbedAssetContainer-eEeytc eRSvCP asset-embed__asset-container\"><span class=\"SpanWrapper-zEXFr koTknX responsive-asset AssetEmbedResponsiveAsset-cIfZLr fHIkTW asset-embed__responsive-asset\"><picture class=\"ResponsiveImagePicture-cGZhnX jwYQWO AssetEmbedResponsiveAsset-cIfZLr fHIkTW asset-embed__responsive-asset responsive-image\"><img decoding=\"async\" alt=\"09 de noviembre de 2025 Brasil Activistas ind\u00edgenas de Belm a bordo de la Flotilla Amaz\u00f3nica con la que viajaron m\u00e1s de 3000...\" loading=\"lazy\" class=\"ResponsiveImageContainer-eNxvmU cfBbTk responsive-image__image\" srcset=\"https:\/\/media.es.wired.com\/photos\/6912cd5f656df21fa20b1b9b\/master\/w_120,c_limit\/2245536271 120w, https:\/\/media.es.wired.com\/photos\/6912cd5f656df21fa20b1b9b\/master\/w_240,c_limit\/2245536271 240w, https:\/\/media.es.wired.com\/photos\/6912cd5f656df21fa20b1b9b\/master\/w_320,c_limit\/2245536271 320w, https:\/\/media.es.wired.com\/photos\/6912cd5f656df21fa20b1b9b\/master\/w_640,c_limit\/2245536271 640w, https:\/\/media.es.wired.com\/photos\/6912cd5f656df21fa20b1b9b\/master\/w_960,c_limit\/2245536271 960w, https:\/\/media.es.wired.com\/photos\/6912cd5f656df21fa20b1b9b\/master\/w_1280,c_limit\/2245536271 1280w, https:\/\/media.es.wired.com\/photos\/6912cd5f656df21fa20b1b9b\/master\/w_1600,c_limit\/2245536271 1600w\" sizes=\"100vw\" src=\"https:\/\/media.es.wired.com\/photos\/6912cd5f656df21fa20b1b9b\/master\/w_1600%2Cc_limit\/2245536271\"\/><\/picture><\/span><\/div>\n<p><span class=\"BaseWrap-sc-gzmcOU BaseText-eqOrNE CaptionText-brNLzD deqABF imSbFE fGraOh caption__text\">09 de noviembre de 2025, Brasil, Bel\u00e9m: Activistas ind\u00edgenas a bordo de la \u00abFlotilla Amaz\u00f3nica\u00bb, con la que viajaron m\u00e1s de 3.000 kil\u00f3metros por el r\u00edo Amazonas hasta la Conferencia Mundial sobre el Clima en Brasil. Foto: Larissa Schwedes\/dpa (Foto de Larissa Schwedes\/Picture Alliance v\u00eda Getty Images)<\/span><span class=\"BaseWrap-sc-gzmcOU BaseText-eqOrNE CaptionCredit-eowWKH deqABF kpqIso gxwcqg caption__credit\">Alianza de im\u00e1genes\/Getty Images<\/span><\/p>\n<\/figure>\n<p>En el llamado Margen Ecuatorial \u2014una zona marina que se extiende frente a las costas de Brasil, Guyana y Suriname\u2014 se concentra casi una quinta parte de las nuevas reservas petroleras descubiertas globalmente entre 2022 y 2024.<\/p>\n<p>El proyecto m\u00e1s controvertido es el Bloque FZA-M-59, operado por Petrobras. A pesar de haber sido rechazado tres veces por el organismo ambiental brasile\u00f1o IBAMA, contin\u00faa bajo presi\u00f3n pol\u00edtica. En juego est\u00e1 la segunda mayor extensi\u00f3n de manglares del planeta, que almacena el 75% del carbono azul de Brasil, y la vida de los Pueblos Ind\u00edgenas en Aislamiento y Contacto Inicial.<\/p>\n<p>\u00abHemos navegado desde los Andes para enviarle un mensaje directo al presidente Lula y a los l\u00edderes de la COP30\u00bb, declar\u00f3 Leo Cerda, l\u00edder kichwa y vocero de la Flotilla. \u201cNo podemos hablar de transici\u00f3n energ\u00e9tica justa mientras abren nuevas zonas de sacrificio en nuestros territorios\u201d.<\/p>\n<figure class=\"AssetEmbedWrapper-fkZDUs kHRAYC asset-embed\">\n<div class=\"AssetEmbedAssetContainer-eEeytc eRSvCP asset-embed__asset-container\"><span class=\"SpanWrapper-zEXFr koTknX responsive-asset AssetEmbedResponsiveAsset-cIfZLr fHIkTW asset-embed__responsive-asset\"><picture class=\"ResponsiveImagePicture-cGZhnX jwYQWO AssetEmbedResponsiveAsset-cIfZLr fHIkTW asset-embed__responsive-asset responsive-image\"><img decoding=\"async\" alt=\"09 de noviembre de 2025 Brasil Belm El activista ind\u00edgena Leo Cerda junto a otros activistas ind\u00edgenas a bordo del barco...\" loading=\"lazy\" class=\"ResponsiveImageContainer-eNxvmU cfBbTk responsive-image__image\" srcset=\"https:\/\/media.es.wired.com\/photos\/6912cd8592111495fc122bdb\/master\/w_120,c_limit\/2245535983 120w, https:\/\/media.es.wired.com\/photos\/6912cd8592111495fc122bdb\/master\/w_240,c_limit\/2245535983 240w, https:\/\/media.es.wired.com\/photos\/6912cd8592111495fc122bdb\/master\/w_320,c_limit\/2245535983 320w, https:\/\/media.es.wired.com\/photos\/6912cd8592111495fc122bdb\/master\/w_640,c_limit\/2245535983 640w, https:\/\/media.es.wired.com\/photos\/6912cd8592111495fc122bdb\/master\/w_960,c_limit\/2245535983 960w, https:\/\/media.es.wired.com\/photos\/6912cd8592111495fc122bdb\/master\/w_1280,c_limit\/2245535983 1280w, https:\/\/media.es.wired.com\/photos\/6912cd8592111495fc122bdb\/master\/w_1600,c_limit\/2245535983 1600w\" sizes=\"100vw\" src=\"https:\/\/media.es.wired.com\/photos\/6912cd8592111495fc122bdb\/master\/w_1600%2Cc_limit\/2245535983\"\/><\/picture><\/span><\/div>\n<p><span class=\"BaseWrap-sc-gzmcOU BaseText-eqOrNE CaptionText-brNLzD deqABF imSbFE fGraOh caption__text\">09 de noviembre de 2025, Brasil, Bel\u00e9m: El activista ind\u00edgena Leo Cerda junto a otros activistas ind\u00edgenas a bordo del barco \u00abAmazon Flotilla\u00bb, con el que viaj\u00f3 a lo largo del Amazonas hasta la Conferencia Mundial sobre el Clima COP30 en Brasil. Foto: Larissa Schwedes\/dpa (Foto de Larissa Schwedes\/Picture Alliance v\u00eda Getty Images)<\/span><span class=\"BaseWrap-sc-gzmcOU BaseText-eqOrNE CaptionCredit-eowWKH deqABF kpqIso gxwcqg caption__credit\">Alianza de im\u00e1genes\/Getty Images<\/span><\/p>\n<\/figure>\n<h2>Los n\u00fameros que nadie quiere ver<\/h2>\n<p>Las cifras son brutales. Per\u00fa registr\u00f3 831 derrames de petr\u00f3leo entre 2000 y 2023. Ecuador, 1,584 entre 2012 y 2022. M\u00e1s de 1.2 millones de personas viven cerca de pozos activos, expuestas a la quema de gas y residuos t\u00f3xicos que contaminan con mercurio sus fuentes de agua y alimentos.<\/p>\n<p>Pero hay otra estad\u00edstica que las delegaciones gubernamentales prefieren ignorar: el 45% del bosque amaz\u00f3nico intacto que a\u00fan existe se encuentra en territorios ind\u00edgenas. El 58% del carbono forestal de la regi\u00f3n est\u00e1 almacenado all\u00ed. Y donde los pueblos tienen seguridad jur\u00eddica sobre sus tierras, la deforestaci\u00f3n se reduce dram\u00e1ticamente: 2.8 veces menos en Bolivia, 2.5 veces menos en Brasil, la mitad en Colombia.<\/p>\n<p>Los territorios ind\u00edgenas representan el 28% de la cuenca amaz\u00f3nica, pero generan solo el 2.6% de las emisiones de carbono. El propio IPCC lo reconoce: apoyar los derechos territoriales ind\u00edgenas es vital para una adaptaci\u00f3n clim\u00e1tica efectiva.<\/p>\n<\/div>\n\n","protected":false},"excerpt":{"rendered":"<p>La COP30 recibi\u00f3 visitas este domingo. Unos 70 l\u00edderes ind\u00edgenas de nueve pa\u00edses arribaron a Bel\u00e9m do Par\u00e1 tras navegar m\u00e1s de 3,000 kil\u00f3metros por el Amazonas. Entre c\u00e1nticos y banderas amaz\u00f3nicas, el barco de la Flotilla Yaku Mama \u2014coalici\u00f3n de m\u00e1s de 60 organizaciones ind\u00edgenas\u2014 atrac\u00f3 en el puerto Porto Souza Sobrinho. Hab\u00edan partido &hellip;<\/p>\n","protected":false},"author":1,"featured_media":49445,"comment_status":"open","ping_status":"open","sticky":false,"template":"","format":"standard","meta":{"fifu_image_url":"https:\/\/media.es.wired.com\/photos\/6912cd3a612e6b273eadbfc1\/16:9\/w_1280,c_limit\/2245536243","fifu_image_alt":"","footnotes":""},"categories":[2],"tags":[],"class_list":["post-49443","post","type-post","status-publish","format-standard","has-post-thumbnail","","category-tecnologia"],"_links":{"self":[{"href":"https:\/\/noticiasveraces.com\/index.php?rest_route=\/wp\/v2\/posts\/49443","targetHints":{"allow":["GET"]}}],"collection":[{"href":"https:\/\/noticiasveraces.com\/index.php?rest_route=\/wp\/v2\/posts"}],"about":[{"href":"https:\/\/noticiasveraces.com\/index.php?rest_route=\/wp\/v2\/types\/post"}],"author":[{"embeddable":true,"href":"https:\/\/noticiasveraces.com\/index.php?rest_route=\/wp\/v2\/users\/1"}],"replies":[{"embeddable":true,"href":"https:\/\/noticiasveraces.com\/index.php?rest_route=%2Fwp%2Fv2%2Fcomments&post=49443"}],"version-history":[{"count":0,"href":"https:\/\/noticiasveraces.com\/index.php?rest_route=\/wp\/v2\/posts\/49443\/revisions"}],"wp:featuredmedia":[{"embeddable":true,"href":"https:\/\/noticiasveraces.com\/index.php?rest_route=\/wp\/v2\/media\/49445"}],"wp:attachment":[{"href":"https:\/\/noticiasveraces.com\/index.php?rest_route=%2Fwp%2Fv2%2Fmedia&parent=49443"}],"wp:term":[{"taxonomy":"category","embeddable":true,"href":"https:\/\/noticiasveraces.com\/index.php?rest_route=%2Fwp%2Fv2%2Fcategories&post=49443"},{"taxonomy":"post_tag","embeddable":true,"href":"https:\/\/noticiasveraces.com\/index.php?rest_route=%2Fwp%2Fv2%2Ftags&post=49443"}],"curies":[{"name":"wp","href":"https:\/\/api.w.org\/{rel}","templated":true}]}}