{"id":49434,"date":"2025-11-11T05:35:40","date_gmt":"2025-11-11T09:35:40","guid":{"rendered":"https:\/\/noticiasveraces.com\/?p=49434"},"modified":"2025-11-11T05:35:40","modified_gmt":"2025-11-11T09:35:40","slug":"las-historias-ineditas-de-pablo-escobar-durante-su-encierro-vip-en-la-carcel-que-el-mismo-mando-a-construir-fiestas-fugas-y-lujo","status":"publish","type":"post","link":"https:\/\/noticiasveraces.com\/?p=49434","title":{"rendered":"Las historias in\u00e9ditas de Pablo Escobar durante su encierro VIP en la c\u00e1rcel que \u00e9l mismo mand\u00f3 a construir: fiestas, fugas y lujo"},"content":{"rendered":"<p> \n<\/p>\n<div>\n<p> <span rel=\"author\" class=\"fn\">con una pala<\/span><\/p>\n<p> <time class=\"entry-date published updated\" datetime=\"2025-11-11T05:35:14-04:00\">noviembre 11 2025, 5:35 am<\/time> <span class=\"spot-im-replies-count\" data-post-id=\"5829675\"\/><\/p>\n<div class=\"visual__image image-initial-width\">\n<figure id=\"attachment_5829676\" aria-describedby=\"caption-attachment-5829676\" style=\"width: 844px\" class=\"wp-caption alignnone\"><img fetchpriority=\"high\" decoding=\"async\" onerror=\"this.onerror=null;this.src=\" https:=\"\" class=\"size-full wp-image-5829676\" src=\"https:\/\/sandia.datanubex.uk\/wp-content\/uploads\/2025\/11\/Screenshot_226.jpg\" alt=\"\" width=\"844\" height=\"472\"\/><figcaption id=\"caption-attachment-5829676\" class=\"wp-caption-text\">La \u00fanica foto que se tiene de Pablo Escobar, l\u00edder del Cartel de Medell\u00edn, durante su reclusi\u00f3n en la c\u00e1rcel La Catedral<\/figcaption><\/figure>\n<\/p>\n<\/div>\n<p class=\"paragraph\" data-mrf-recirculation=\"Links inline\">A <b>Pablo Emilio Escobar<\/b> tambi\u00e9n le lleg\u00f3 el d\u00eda en el que debi\u00f3 rendir cuentas ante un fiscal que lo interrog\u00f3 acerca de su poder pol\u00edtico, econ\u00f3mico, social\u2026 Sobre todo, el funcionario intent\u00f3 saber c\u00f3mo construy\u00f3 su patrimonio estimado por <i>Forbes<\/i> \u2014reconocida revista de negocios y finanzas fundada en 1917 en Estados Unidos, famosa por publicar el <i>categor\u00eda<\/i> de las personas m\u00e1s ricas del mundo\u2014 en ocho mil millones de d\u00f3lares, lo que lo convert\u00eda, en sus a\u00f1os m\u00e1s fruct\u00edferos, en <b>una de las cien personas m\u00e1s ricas del mundo<\/b>.<\/p>\n<p data-mrf-recirculation=\"Links inline\"><strong>Por infobae.com<\/strong><\/p>\n<p><!-- Begin Mailchimp Signup Form --><\/p>\n<div id=\"mc_embed_signup\">\n<p><label for=\"mce-EMAIL\">  \u00a1\u00danete al club ahora! Suscr\u00edbete al bolet\u00edn m\u00e1s importante de Venezuela <\/label><iframe data-test-id=\"beehiiv-embed\" height=\"52\" frameborder=\"0\" scrolling=\"no\" style=\"margin: 0; border-radius: 0px !important; &#10; background-color: transparent;\" data-src=\"https:\/\/embeds.beehiiv.com\/cdab9503-16ae-4689-ad4f-1408c727a83a?slim=true\" class=\"lazyload\"><\/iframe><\/p>\n<\/div>\n<p><!--End mc_embed_signup 2--><\/p>\n<p class=\"paragraph\" data-mrf-recirculation=\"Links inline\">Como era de esperar no logr\u00f3 respuesta, podr\u00eda decirse que por poco se le rio en la cara. Cabe decir que previo a esta diligencia estaba trazado y arreglado una especie de acuerdo. Pablo negar\u00eda las acusaciones que pesaban sobre \u00e9l, presionando de esa forma a la Justicia y al Estado para que le demostraran con pruebas fehacientes que hab\u00eda cometido delitos.<\/p>\n<p class=\"paragraph\" data-mrf-recirculation=\"Links inline\">\u2014Diga su nombre completo, fecha de nacimiento y n\u00famero de c\u00e9dula \u2014le dijo el fiscal cuando lo tuvo frente a frente.<\/p>\n<p class=\"paragraph\" data-mrf-recirculation=\"Links inline\">\u2014Mi nombre es Pablo Emilio Escobar Gaviria, nacido el primero de diciembre de 1949, mi c\u00e9dula es 8.345.766, de profesi\u00f3n ganadero \u2014respondi\u00f3 \u201cEl Patr\u00f3n\u201d, como todos sus s\u00fabditos lo llamaban.<\/p>\n<p class=\"paragraph\" data-mrf-recirculation=\"Links inline\">\u2014Si su profesi\u00f3n es la ganader\u00eda, h\u00e1game el favor y me dice cu\u00e1l es el precio aproximado del ganado en pie en la feria de esta semana, inquiri\u00f3 el funcionario judicial.<\/p>\n<p class=\"paragraph\" data-mrf-recirculation=\"Links inline\">\u2014Solicito que se aplace la diligencia para otro momento. Siento un dolor de cabeza muy grande para continuar \u2014dijo Escobar, se par\u00f3 y se fue.<\/p>\n<p class=\"paragraph\" data-mrf-recirculation=\"Links inline\">\u201cDe regreso a la celda coment\u00f3 el episodio con sus hombres y <b>rieron a carcajadas porque el tr\u00e1mite de confesi\u00f3n hab\u00eda sido una burla a la Justicia<\/b>\u201d, escribi\u00f3 su hijo Juan Pablo en el libro <i>Pablo Escobar, mi padre, <\/i>de Editorial Planeta, donde tambi\u00e9n reflej\u00f3 los di\u00e1logos textuales que anteceden como testigo privilegiado que recibi\u00f3 informaci\u00f3n directa de su progenitor, lo que realza la tarea de producci\u00f3n period\u00edstica.<\/p>\n<p class=\"paragraph\" data-mrf-recirculation=\"Links inline\">Pero la c\u00e1rcel le fue \u00fatil y mucho al narcotraficante cuando decidi\u00f3 entregarse a las autoridades colombianas all\u00e1 por <b>junio de 1991<\/b> por conveniencia estrat\u00e9gica para de esa forma evitar su extradici\u00f3n a los Estados Unidos. <b>Aprovech\u00f3 la prisi\u00f3n para relanzar con furia su poderosa estructura criminal<\/b>potenciar sus propias rutas narcos y seguir recaudando dinero, adem\u00e1s, por intermedio de otro negocio basado en el rapto, la amenaza y extorsi\u00f3n de grupos de \u00e9lite a ciudadanos pudientes que manten\u00eda aterrorizados.<\/p>\n<p class=\"paragraph\" data-mrf-recirculation=\"Links inline\">En <b>su \u201ccalabozo\u201d de lujo <\/b>en la prisi\u00f3n de <b>La Catedral<\/b>que \u00e9l mismo mand\u00f3 construir en lo alto de terrenos de su propiedad con vista panor\u00e1mica a la populosa ciudad de Medell\u00edn, luc\u00edan dos \u00f3leos y una estatua realizada por un creador \u201cpaisa\u201d. Todo inspirado y ambientado por <b>su esposa, Victoria Eugenia Henao<\/b>para quien el arte se hab\u00eda convertido en una pasi\u00f3n irrefrenable a trav\u00e9s de los a\u00f1os. Supo transformarse en una coleccionista experta que lleg\u00f3 a contar con obras de autores excelsos como Claudio Bravo, Alejandro Obreg\u00f3n, Fernando Botero, Luis Caballero, Olga de Amaral, Rodrigo Arenas Betancourt, \u00c9dgar Negret, Dar\u00edo Morales, Enrique Grau, Pablo Picasso, Joan Mir\u00f3, Salvador Dal\u00ed, Igor Mitoraj y Auguste Rodin. Curiosamente, junto a una especie de despacho que Pablo ten\u00eda all\u00ed, tambi\u00e9n aparec\u00eda imponente <b>un retrato de Ernesto Che Guevara<\/b>.<\/p>\n<p class=\"paragraph\" data-mrf-recirculation=\"Links inline\">Entre las <b>comodidades<\/b> contaba con <b>una gran cama de concreto<\/b> con un respaldar o cabecero con la imagen de la Virgen de las Mercedes, que representa esperanza, protecci\u00f3n y misericordia como patrona de los cautivos. Su festividad se celebra todos los 24 de septiembre, un d\u00eda importante en el que se organizan actividades culturales y deportivas en las c\u00e1rceles para conmemorar la fe y promover un ambiente de reconciliaci\u00f3n. Para los reclusos, representa un s\u00edmbolo de libertad y de la posibilidad de redenci\u00f3n. Por supuesto no faltaba el toque de lujo o m\u00e1s bien <i>kitsch<\/i> que le daban al ambiente <b>una exclusiva l\u00e1mpara Tiffany multicolor y una alfombra de piel de cebra, <\/b>a pasos de<b> la ba\u00f1era con vapor<\/b> <b>y un escondite secreto<\/b> \u2014caleta en la jerga paisa\u2014 en el que guardaba con celo desde <b>ametralladoras hasta miles de d\u00f3lares<\/b>.<\/p>\n<p class=\"paragraph\" data-mrf-recirculation=\"Links inline\">Despu\u00e9s llegar\u00edan <b>el bar con hidromasaje<\/b> y <b>consolas de sonido<\/b> para compartir con visitas que llamaban especiales, l\u00e9ase mujeres contratadas. Y no faltaron tampoco una especie de carritos que su hijo Juan Pablo hab\u00eda tra\u00eddo por encargo especial de su padre de Miami junto a aviones y helic\u00f3pteros, todos artefactos a control remoto que utilizaban para jugar y divertirse en la cancha de f\u00fatbol del penal.<\/p>\n<p class=\"paragraph\" data-mrf-recirculation=\"Links inline\">Pero claro, el encierro tambi\u00e9n lo limitaba para otras cuestiones, como por ejemplo evitar el avance de sus enemigos del Cartel de Cali, que pretend\u00edan eliminarlo. Y hasta secuestrarle a su hijo, lo que lo enfureci\u00f3 porque movi\u00f3 cielo y tierra y logr\u00f3 averiguar que adem\u00e1s de delincuentes profesionales y narcos rivales, <b>estaban implicados y participaban de las maniobras para el rapto, militares y polic\u00edas<\/b>a quienes decidi\u00f3 llamar uno por uno para amenazarlos sin rodeos. \u201cYa estoy enterado de tus planes de secuestrar a mi hijo en la carrera de carros del cuarto de milla en Medell\u00edn con la ayuda del Ej\u00e9rcito que har\u00e1 un operativo de prevenci\u00f3n para desarmar sus escoltas y luego llev\u00e1rselo \u2018de pelo\u2019. Pero quiero que sepas que s\u00e9 d\u00f3nde vive tu mam\u00e1 y toda tu familia, y si le pasa algo, vos y los tuyos me responden por \u00e9l. As\u00ed que mejor vaya retir\u00e1ndose porque ya di la orden de que si lo ven por ah\u00ed ya sabe qu\u00e9 le pasa. Se les da\u00f1\u00f3 \u2018la vuelta\u2019 porque se metieron con los m\u00edos y ah\u00ed s\u00ed no respondo, \u00bfme entiende? Tiene 24 horas para abandonar la ciudad, si no lo declaro objetivo militar y usted sabe que yo lo cazo. Agradezca que lo deje con vida\u201d, resumi\u00f3 su hijo Juan Pablo, con lujo de detalles y precisiones, en su obra <i>Pablo Escobar, mi padre: las historias que no deber\u00edamos saber<\/i>publicada en 2016.<\/p>\n<p data-mrf-recirculation=\"Links inline\">Escobar siempre estaba al l\u00edmite entre el estr\u00e9s severo que padec\u00eda y la diversi\u00f3n extrema. Pasaba de un estado al otro en un instante. Luego del disgusto por el secuestro familiar que logr\u00f3 frustrar pas\u00f3 a <b>practicar tiro con el director de la c\u00e1rcel y los guardias<\/b>. Pablo portaba entre sonrisas fusiles Colt AR-15 Sauet. Y se preparaba para una noche agitada con modelos y postulantes a concursos de belleza que llegaban en camiones \u201coficiales\u201d pero ocultas.<\/p>\n<p data-mrf-recirculation=\"Links inline\">Para leer la nota completa pulse <strong>Aqu\u00ed <\/strong><\/p>\n<p>  <!-- CONTENT END 2 --><\/div>\n\n","protected":false},"excerpt":{"rendered":"<p>con una pala noviembre 11 2025, 5:35 am La \u00fanica foto que se tiene de Pablo Escobar, l\u00edder del Cartel de Medell\u00edn, durante su reclusi\u00f3n en la c\u00e1rcel La Catedral A Pablo Emilio Escobar tambi\u00e9n le lleg\u00f3 el d\u00eda en el que debi\u00f3 rendir cuentas ante un fiscal que lo interrog\u00f3 acerca de su poder &hellip;<\/p>\n","protected":false},"author":1,"featured_media":49436,"comment_status":"open","ping_status":"open","sticky":false,"template":"","format":"standard","meta":{"fifu_image_url":"https:\/\/sandia.datanubex.uk\/wp-content\/uploads\/2025\/11\/Screenshot_226.jpg","fifu_image_alt":"","footnotes":""},"categories":[13],"tags":[],"class_list":["post-49434","post","type-post","status-publish","format-standard","has-post-thumbnail","","category-mundo"],"_links":{"self":[{"href":"https:\/\/noticiasveraces.com\/index.php?rest_route=\/wp\/v2\/posts\/49434","targetHints":{"allow":["GET"]}}],"collection":[{"href":"https:\/\/noticiasveraces.com\/index.php?rest_route=\/wp\/v2\/posts"}],"about":[{"href":"https:\/\/noticiasveraces.com\/index.php?rest_route=\/wp\/v2\/types\/post"}],"author":[{"embeddable":true,"href":"https:\/\/noticiasveraces.com\/index.php?rest_route=\/wp\/v2\/users\/1"}],"replies":[{"embeddable":true,"href":"https:\/\/noticiasveraces.com\/index.php?rest_route=%2Fwp%2Fv2%2Fcomments&post=49434"}],"version-history":[{"count":0,"href":"https:\/\/noticiasveraces.com\/index.php?rest_route=\/wp\/v2\/posts\/49434\/revisions"}],"wp:featuredmedia":[{"embeddable":true,"href":"https:\/\/noticiasveraces.com\/index.php?rest_route=\/wp\/v2\/media\/49436"}],"wp:attachment":[{"href":"https:\/\/noticiasveraces.com\/index.php?rest_route=%2Fwp%2Fv2%2Fmedia&parent=49434"}],"wp:term":[{"taxonomy":"category","embeddable":true,"href":"https:\/\/noticiasveraces.com\/index.php?rest_route=%2Fwp%2Fv2%2Fcategories&post=49434"},{"taxonomy":"post_tag","embeddable":true,"href":"https:\/\/noticiasveraces.com\/index.php?rest_route=%2Fwp%2Fv2%2Ftags&post=49434"}],"curies":[{"name":"wp","href":"https:\/\/api.w.org\/{rel}","templated":true}]}}