{"id":49409,"date":"2025-11-11T00:55:31","date_gmt":"2025-11-11T04:55:31","guid":{"rendered":"https:\/\/noticiasveraces.com\/?p=49409"},"modified":"2025-11-11T00:55:31","modified_gmt":"2025-11-11T04:55:31","slug":"seguridad-y-agenda-social-polarizan-el-ultimo-debate-entre-los-candidatos-presidenciales-de-chile","status":"publish","type":"post","link":"https:\/\/noticiasveraces.com\/?p=49409","title":{"rendered":"Seguridad y agenda social polarizan el \u00faltimo debate entre los candidatos presidenciales de Chile"},"content":{"rendered":"<p> \n<br \/><img decoding=\"async\" src=\"https:\/\/s.france24.com\/media\/display\/e184add4-bea7-11f0-81a6-005056a90284\/w:1024\/p:16x9\/26d51f67670f8145ea30abc5faefb158b6ac22bfw.jpg\" \/><\/p>\n<div>\n<p>Los ocho candidatos que participar\u00e1n el 16 de noviembre en la primera vuelta de las elecciones presidenciales chilenas tomaron parte este lunes 10 en un debate centrado en los tres temas m\u00e1s polarizantes de la agenda pol\u00edtica: seguridad ciudadana, econom\u00eda y pol\u00edticas p\u00fablicas.<\/p>\n<p>La oficialista Jeannette Jara aprovech\u00f3 la ocasi\u00f3n para defender su enfoque de ir por los factores que impulsan la desigualdad, como su \u00faltimo recurso para hacer frente al repunte de las opciones de derecha.<\/p>\n<p>La comunista Jara,\u00a0 que va a los comicios con una coalici\u00f3n de izquierda, encabeza las encuestas de opini\u00f3n con un 38%, que no es suficiente para una victoria en primera vuelta, e hizo una \u00faltima apuesta por contener el avance de las opciones del ultraderechista Johannes Kaiser y la candidata de la derecha tradicional Evelyn Matthei, que podr\u00edan quedarse con la \u00faltima plaza al balotaje, contando con que el republicano Jos\u00e9 Antonio Kast asegure la otra.<\/p>\n<h2><strong>Seguridad: de lo punitivo a lo estructural<\/strong><\/h2>\n<p>El combate a la delincuencia fue el primer punto del debate, con Matthei prometiendo combatir a la banda transnacional nacida en Venezuela Tren de Aragua y al \u201cterrorismo\u201d como una f\u00f3rmula para impulsar al pa\u00eds \u201ca la cresta\u201d.<\/p>\n<p>Kast reiter\u00f3 su oposici\u00f3n a la idea de crear un ministerio de Seguridad, basado en que el Gobierno de Gabriel Boric \u201cno ha sido capaz de ordenar el presupuesto en tres a\u00f1os\u201d y ha dilapidado los recursos en \u201casociaciones irregulares\u201d, una postura que Jara calific\u00f3 de \u201cins\u00f3lita\u201d: \u201calgunos dicen que van a tener mano dura, pero votaron contra el ministerio\u201d.<\/p>\n<div id=\"em-WBMZ349701-F24-ES-20251111\" class=\"m-em-flash\" data-xtwitter-script=\"\"><figcaption class=\"a-figcaption\">\n<\/figcaption><div class=\"o-em-consent \">\n<div class=\"o-em-consent__content\">\n<p class=\"o-em-consent__content__text\">Para mostrar este contenido de X (Twitter), debe autorizar las cookies de medici\u00f3n de audiencia y publicidad.<\/p>\n<p>        <button class=\"a-master-button a-master-button--dark\" data-action=\"accept\">Aceptar<i class=\"a-svg a-svg--icon-check\"\/><\/button><br \/>\n        <button class=\"a-link\" data-action=\"manage\">Gestionar mis opciones<i class=\"a-svg a-svg--icon-edit\"\/><\/button>\n    <\/div>\n<\/div>\n<\/div>\n<p>Kast abog\u00f3 por \u201crecuperar el control de las c\u00e1rceles\u201d, mientras Kaiser propuso \u201creconstruir la contrainteligencia\u201d y Jara se decant\u00f3 por perseguir el crimen desde lo estructural y no desde la coyuntura.<\/p>\n<blockquote class=\"quote\">\n<p>\u201cA los candidatos de la derecha les digo: no encarcelaremos a los que roban un Super8 (una barra de chocolate), persigamos a los que tienen el control del dinero del narco y del crimen organizado\u201d, propuso la abanderada de la coalici\u00f3n de izquierda, quien defendi\u00f3 su idea de levantar el secreto bancario para detectar los capitales de procedencia oscura.<\/p>\n<\/blockquote>\n<p>El populista Franco Parisi repiti\u00f3 su consigna de \u201cbala o c\u00e1rcel para los criminales\u201d y prometi\u00f3 \u201csacar a los militares a la calle\u201d, mientras el exdirigente deportivo y centrista Harold Mayne-Nichols citaba el dispositivo contra el Comando Vermelho en R\u00edo de Janeiro como algo que no le gustar\u00eda que se viviera en Chile.<\/p>\n<h2><strong>Agenda social: divergencias sobre aborto y consensos sobre pensiones<\/strong><\/h2>\n<p>En cuanto a las pol\u00edticas p\u00fablicas, Jara defendi\u00f3 las que defini\u00f3 como sus \u201ctres \u00e1reas prioritarias en lo social: m\u00e1s construcci\u00f3n de viviendas sociales, mejoras a la educaci\u00f3n y una gran reforma a la salud\u201d.<\/p>\n<p>Mayne-Nichols convino en la necesidad de ir hacia un incremento de la Pensi\u00f3n Garantizada Universal, el beneficio que fue el principal \u00e9xito de la gesti\u00f3n de Jara como ministra del Trabajo.<\/p>\n<p>\u201cLa PGU tiene que ir de la mano con el crecimiento econ\u00f3mico del pa\u00eds, llegando a los mismos m\u00e1rgenes del salario m\u00ednimo. Creo que no es un gasto, es un deber\u201d, afirm\u00f3 el expresidente de la Federaci\u00f3n Chilena de F\u00fatbol.<\/p>\n<p>La voz disonante en materia de pol\u00edticas laborales fue la del libertario Johannes Kaiser: \u201cNo creo que haya que indemnizar a personas por haber perdido el trabajo\u201d.<\/p>\n<p>La interrupci\u00f3n voluntaria del embarazo tambi\u00e9n enfrent\u00f3 a los candidatos en este segmento del debate, con Matthei enfoc\u00e1ndose en la educaci\u00f3n como uno de los \u201ctantos m\u00e9todos para evitar un aborto\u201d, y el izquierdista Marco Enr\u00edquez-Ominami defendiendo el proyecto de ley al respecto como una v\u00eda para que las mujeres \u00abno vayan presas\u201d.<\/p>\n<div id=\"em-WBMZ349700-F24-ES-20251111\" class=\"m-em-flash\" data-xtwitter-script=\"\"><figcaption class=\"a-figcaption\">\n<\/figcaption><div class=\"o-em-consent \">\n<div class=\"o-em-consent__content\">\n<p class=\"o-em-consent__content__text\">Para mostrar este contenido de X (Twitter), debe autorizar las cookies de medici\u00f3n de audiencia y publicidad.<\/p>\n<p>        <button class=\"a-master-button a-master-button--dark\" data-action=\"accept\">Aceptar<i class=\"a-svg a-svg--icon-check\"\/><\/button><br \/>\n        <button class=\"a-link\" data-action=\"manage\">Gestionar mis opciones<i class=\"a-svg a-svg--icon-edit\"\/><\/button>\n    <\/div>\n<\/div>\n<\/div>\n<p>Jara y el ultraizquierdista Eduardo Art\u00e9s fueron los otros que opinaron a favor de la iniciativa de despenalizar el aborto hasta las 14 semanas de gestaci\u00f3n, mientras Kaiser asegur\u00f3: \u201cmatar \u2018guag\u00fcitas\u2019 (beb\u00e9s) no est\u00e1 dentro de nuestro programa y no voy a entrar como Herodes a la historia de Chile\u201d.<\/p>\n<h2><strong>Econom\u00eda: entre recortes y renacionalizaci\u00f3n<\/strong><\/h2>\n<p>El izquierdista Art\u00e9s y el centrista Mayne-Nichols coincidieron en la generaci\u00f3n de empleo como un objetivo central. El primero reiter\u00f3 su propuesta de \u201crenacionalizar el cobre, el litio, industrializar el pa\u00eds\u201d, mientras que el segundo se enfoc\u00f3 en la calidad del empleo y abog\u00f3 por \u201csueldos y tratos dignos\u201d.<\/p>\n<p>Jara mostr\u00f3 su oposici\u00f3n a la pol\u00edtica de disciplina fiscal que defienden los candidatos conservadores: \u201cAqu\u00ed algunos proponen recortes como si fuera una subasta, decir que van a reducir los gastos sin afectar el gasto social, eso no es verdad\u201d.<\/p>\n<p>Kats y Kaiser respondieron acus\u00e1ndola de populista y el primero sostuvo que \u201cChile dej\u00f3 de crecer por falta de gesti\u00f3n. Algunos destruyeron al pa\u00eds y otros guardan silencio con eso\u201d.<\/p>\n<p>Chile se prepara para sus primeras elecciones presidenciales con participaci\u00f3n obligatoria este 16 de noviembre, sin ninguna opci\u00f3n con perspectivas de imponerse en primera vuelta. Un eventual balotaje est\u00e1 previsto para el 14 de diciembre. La campa\u00f1a cierra este 13 de noviembre.<\/p>\n<p>Con EFE y medios locales<\/p>\n<\/p><\/div>\n\n","protected":false},"excerpt":{"rendered":"<p>Los ocho candidatos que participar\u00e1n el 16 de noviembre en la primera vuelta de las elecciones presidenciales chilenas tomaron parte este lunes 10 en un debate centrado en los tres temas m\u00e1s polarizantes de la agenda pol\u00edtica: seguridad ciudadana, econom\u00eda y pol\u00edticas p\u00fablicas. La oficialista Jeannette Jara aprovech\u00f3 la ocasi\u00f3n para defender su enfoque de &hellip;<\/p>\n","protected":false},"author":1,"featured_media":49411,"comment_status":"open","ping_status":"open","sticky":false,"template":"","format":"standard","meta":{"fifu_image_url":"https:\/\/s.france24.com\/media\/display\/e184add4-bea7-11f0-81a6-005056a90284\/w:1280\/p:16x9\/26d51f67670f8145ea30abc5faefb158b6ac22bfw.jpg","fifu_image_alt":"","footnotes":""},"categories":[13],"tags":[],"class_list":["post-49409","post","type-post","status-publish","format-standard","has-post-thumbnail","","category-mundo"],"_links":{"self":[{"href":"https:\/\/noticiasveraces.com\/index.php?rest_route=\/wp\/v2\/posts\/49409","targetHints":{"allow":["GET"]}}],"collection":[{"href":"https:\/\/noticiasveraces.com\/index.php?rest_route=\/wp\/v2\/posts"}],"about":[{"href":"https:\/\/noticiasveraces.com\/index.php?rest_route=\/wp\/v2\/types\/post"}],"author":[{"embeddable":true,"href":"https:\/\/noticiasveraces.com\/index.php?rest_route=\/wp\/v2\/users\/1"}],"replies":[{"embeddable":true,"href":"https:\/\/noticiasveraces.com\/index.php?rest_route=%2Fwp%2Fv2%2Fcomments&post=49409"}],"version-history":[{"count":0,"href":"https:\/\/noticiasveraces.com\/index.php?rest_route=\/wp\/v2\/posts\/49409\/revisions"}],"wp:featuredmedia":[{"embeddable":true,"href":"https:\/\/noticiasveraces.com\/index.php?rest_route=\/wp\/v2\/media\/49411"}],"wp:attachment":[{"href":"https:\/\/noticiasveraces.com\/index.php?rest_route=%2Fwp%2Fv2%2Fmedia&parent=49409"}],"wp:term":[{"taxonomy":"category","embeddable":true,"href":"https:\/\/noticiasveraces.com\/index.php?rest_route=%2Fwp%2Fv2%2Fcategories&post=49409"},{"taxonomy":"post_tag","embeddable":true,"href":"https:\/\/noticiasveraces.com\/index.php?rest_route=%2Fwp%2Fv2%2Ftags&post=49409"}],"curies":[{"name":"wp","href":"https:\/\/api.w.org\/{rel}","templated":true}]}}