{"id":49347,"date":"2025-11-10T15:13:03","date_gmt":"2025-11-10T19:13:03","guid":{"rendered":"https:\/\/noticiasveraces.com\/?p=49347"},"modified":"2025-11-10T15:13:03","modified_gmt":"2025-11-10T19:13:03","slug":"continua-el-preocupante-patron-de-tratos-crueles-en-la-carcel-de-el-rodeo","status":"publish","type":"post","link":"https:\/\/noticiasveraces.com\/?p=49347","title":{"rendered":"Contin\u00faa el preocupante patr\u00f3n de tratos crueles en la c\u00e1rcel de El Rodeo"},"content":{"rendered":"<p> \n<\/p>\n<div id=\"post-5829312\"><!-- .entry-header --><\/p>\n<div class=\"entry-content\">\n<p> <span rel=\"author\" class=\"fn\">con una pala<\/span><\/p>\n<p> <time class=\"entry-date published updated\" datetime=\"2025-11-10T15:09:36-04:00\">noviembre 10 2025, 3:09 pm<\/time> <span class=\"spot-im-replies-count\" data-post-id=\"5829312\"\/><\/p>\n<figure id=\"attachment_5772497\" aria-describedby=\"caption-attachment-5772497\" style=\"width: 1016px\" class=\"wp-caption alignnone\"><img fetchpriority=\"high\" decoding=\"async\" onerror=\"this.onerror=null;this.src=\" https:=\"\" class=\"size-full wp-image-5772497\" src=\"https:\/\/sandia.datanubex.uk\/wp-content\/uploads\/2025\/08\/rodeo-1.jpg\" alt=\"\" width=\"1016\" height=\"570\"\/><figcaption id=\"caption-attachment-5772497\" class=\"wp-caption-text\">Rodeo I, la \u00abc\u00e1rcel del terror\u00bb de Maduro<\/figcaption><\/figure>\n<\/p>\n<p>La organizaci\u00f3n de derechos humanos Justicia, Encuentro y Perd\u00f3n (JEP) emiti\u00f3 un nuevo y contundente comunicado, a trav\u00e9s de su cuenta en X, este lunes 10 de noviembre, alertando sobre la intensificaci\u00f3n de las violaciones de derechos humanos en la c\u00e1rcel de El Rodeo, que ahora revelan un \u00abpatr\u00f3n preocupante\u00bb.<\/p>\n<p><strong>lapatilla.com<\/strong><\/p>\n<p><!-- Begin Mailchimp Signup Form --><\/p>\n<div id=\"mc_embed_signup\">\n<p><label for=\"mce-EMAIL\">  \u00a1\u00danete al club ahora! Suscr\u00edbete al bolet\u00edn m\u00e1s importante de Venezuela <\/label><iframe data-test-id=\"beehiiv-embed\" height=\"52\" frameborder=\"0\" scrolling=\"no\" style=\"margin: 0; border-radius: 0px !important; &#10; background-color: transparent;\" data-src=\"https:\/\/embeds.beehiiv.com\/cdab9503-16ae-4689-ad4f-1408c727a83a?slim=true\" class=\"lazyload\"><\/iframe><\/p>\n<\/div>\n<p><!--End mc_embed_signup 2--><\/p>\n<p>La ONG denunci\u00f3 que sigue recibiendo testimonios de familiares que confirman la persistencia de castigos colectivos, aislamiento e incomunicaci\u00f3n de personas privadas de libertad. La situaci\u00f3n se agrava, seg\u00fan JEP, debido a la falta de transparencia y la arbitrariedad de las medidas.<\/p>\n<p>El comunicado detall\u00f3 que algunos familiares encontraron a sus allegados incorporados a los grupos sometidos a castigos sin haber recibido notificaci\u00f3n previa o explicaci\u00f3n por parte de las autoridades. La ONG se\u00f1al\u00f3 que esta pr\u00e1ctica afecta gravemente el derecho a la comunicaci\u00f3n familiar y el debido proceso.<\/p>\n<p>JEP aprovech\u00f3 la denuncia para recordar que la incomunicaci\u00f3n prolongada, el aislamiento y la suspensi\u00f3n arbitraria de visitas no se justifican bajo ninguna medida disciplinaria, pues constituyen tratos crueles, inhumanos o degradantes, prohibidos por la Constituci\u00f3n y los est\u00e1ndares internacionales de derechos humanos.<\/p>\n<p>La organizaci\u00f3n reiter\u00f3 su acompa\u00f1amiento y respaldo a las familias, reconociendo la \u00abprofunda angustia y el sufrimiento\u00bb que genera la falta de informaci\u00f3n sobre el estado f\u00edsico de sus allegados. Finalmente, exhort\u00f3 a las autoridades penitenciarias y judiciales a cumplir con su deber de proteger la vida y los derechos de las personas bajo su custodia, proporcionando informaci\u00f3n inmediata, completa y verificable.<\/p>\n<p>  <!-- CONTENT END 2 --><\/div>\n<p><!-- .entry-content --><\/div>\n\n","protected":false},"excerpt":{"rendered":"<p>con una pala noviembre 10 2025, 3:09 pm Rodeo I, la \u00abc\u00e1rcel del terror\u00bb de Maduro La organizaci\u00f3n de derechos humanos Justicia, Encuentro y Perd\u00f3n (JEP) emiti\u00f3 un nuevo y contundente comunicado, a trav\u00e9s de su cuenta en X, este lunes 10 de noviembre, alertando sobre la intensificaci\u00f3n de las violaciones de derechos humanos en &hellip;<\/p>\n","protected":false},"author":1,"featured_media":49349,"comment_status":"open","ping_status":"open","sticky":false,"template":"","format":"standard","meta":{"fifu_image_url":"https:\/\/sandia.datanubex.uk\/wp-content\/uploads\/2025\/08\/rodeo-1.jpg","fifu_image_alt":"","footnotes":""},"categories":[13],"tags":[],"class_list":["post-49347","post","type-post","status-publish","format-standard","has-post-thumbnail","","category-mundo"],"_links":{"self":[{"href":"https:\/\/noticiasveraces.com\/index.php?rest_route=\/wp\/v2\/posts\/49347","targetHints":{"allow":["GET"]}}],"collection":[{"href":"https:\/\/noticiasveraces.com\/index.php?rest_route=\/wp\/v2\/posts"}],"about":[{"href":"https:\/\/noticiasveraces.com\/index.php?rest_route=\/wp\/v2\/types\/post"}],"author":[{"embeddable":true,"href":"https:\/\/noticiasveraces.com\/index.php?rest_route=\/wp\/v2\/users\/1"}],"replies":[{"embeddable":true,"href":"https:\/\/noticiasveraces.com\/index.php?rest_route=%2Fwp%2Fv2%2Fcomments&post=49347"}],"version-history":[{"count":0,"href":"https:\/\/noticiasveraces.com\/index.php?rest_route=\/wp\/v2\/posts\/49347\/revisions"}],"wp:featuredmedia":[{"embeddable":true,"href":"https:\/\/noticiasveraces.com\/index.php?rest_route=\/wp\/v2\/media\/49349"}],"wp:attachment":[{"href":"https:\/\/noticiasveraces.com\/index.php?rest_route=%2Fwp%2Fv2%2Fmedia&parent=49347"}],"wp:term":[{"taxonomy":"category","embeddable":true,"href":"https:\/\/noticiasveraces.com\/index.php?rest_route=%2Fwp%2Fv2%2Fcategories&post=49347"},{"taxonomy":"post_tag","embeddable":true,"href":"https:\/\/noticiasveraces.com\/index.php?rest_route=%2Fwp%2Fv2%2Ftags&post=49347"}],"curies":[{"name":"wp","href":"https:\/\/api.w.org\/{rel}","templated":true}]}}