{"id":49332,"date":"2025-11-10T11:29:52","date_gmt":"2025-11-10T15:29:52","guid":{"rendered":"https:\/\/noticiasveraces.com\/?p=49332"},"modified":"2025-11-10T11:29:52","modified_gmt":"2025-11-10T15:29:52","slug":"el-secador-de-pelo-dyson-ligero-y-potente-ahora-100-de-descuento","status":"publish","type":"post","link":"https:\/\/noticiasveraces.com\/?p=49332","title":{"rendered":"El secador de pelo Dyson &#8216;ligero y potente&#8217; ahora \u00a3 100 de descuento"},"content":{"rendered":"<p> \n<\/p>\n<div>\n<p data-mce-linkchecker-status=\"valid\">Dyson fue una de las primeras marcas en iniciar anticipadamente sus rebajas del Black Friday. A partir de octubre, las ofertas se centraron inicialmente en electrodom\u00e9sticos, pero los compradores que esperan que sus herramientas para el cuidado del cabello tan codiciadas, pero innegablemente caras, bajen de precio est\u00e1n de suerte: hemos encontrado una gran oferta en su tecnol\u00f3gico secador de pelo Supersonic Nural, que est\u00e1 rebajado de \u00a3 399 a \u00a3 299.<\/p>\n<p>Hay ofertas en algunos secadores de pelo, pero el mayor descuento en el sitio web de Dyson es en el color distintivo \u00abazul vinca y topacio\u00bb que solo se vende a trav\u00e9s de Dyson, informa The Mirror. <\/p>\n<p>Los compradores obtienen cinco accesorios: un difusor y un peine de dientes anchos dise\u00f1ado para peinar cabello natural, ondulado o rizado; un concentrador de peinado para quienes prefieren peinados suaves y, para los toques finales, hay un accesorio dise\u00f1ado para controlar los molestos cabellos sueltos. La quinta herramienta es lo que Dyson llama un \u00abaccesorio de aire suave\u00bb, que dispersa el aire para proteger el cuero cabelludo.<\/p>\n<p>Hay tres configuraciones de flujo de aire y cuatro configuraciones de calor: 100 \u00b0C para secado y peinado r\u00e1pidos, 80 \u00b0C para secado regular, 60 \u00b0C para secado y difusi\u00f3n suaves y 28 \u00b0C, un modo fr\u00edo para ayudarte a establecer tu estilo.<\/p>\n<p>Una actualizaci\u00f3n del popular secador Supersonic original, el Nural tiene sensores que lo ayudan a adaptarse autom\u00e1ticamente a la configuraci\u00f3n preferida del usuario, lo que, seg\u00fan la marca, ayuda a secar el cabello de manera r\u00e1pida y eficiente, al tiempo que evita el da\u00f1o por calor. Tambi\u00e9n tiene un \u00abmodo de protecci\u00f3n del cuero cabelludo\u00bb que ajusta autom\u00e1ticamente la temperatura para ayudar a retener la humedad en el cuero cabelludo.<\/p>\n<\/div>\n<div>\n<p>Un cliente satisfecho dijo: \u00abEste secador de pelo es un kit fant\u00e1stico. Hace exactamente lo que usted quiere, ajusta el calor sin que usted tenga que pensar en ello. Es elegante, compacto, liviano, equilibrado en la mano y silencioso\u00bb.<\/p>\n<p>El secador de pelo se ha vuelto popular entre los compradores de cabello rizado. Alguien escribi\u00f3: \u00abMis rizos estaban a\u00fan m\u00e1s el\u00e1sticos y llenos de vida. \u00a1Tampoco me llev\u00f3 tanto tiempo secarme el cabello como pude acercarme al cuero cabelludo!\u00bb<\/p>\n<p>Otro comprador con cabello fino y corto escribi\u00f3 que lo usan \u00abpara darle fuerza a mi cabello desde h\u00famedo hasta seco. Es una gran caracter\u00edstica para m\u00ed, ya que es liviano y potente al mismo tiempo\u00bb.<\/p>\n<p>Muchas cr\u00edticas lo han elogiado por la salud del cuero cabelludo y del cabello: \u00abTengo 79 a\u00f1os y mi cabello se est\u00e1 volviendo m\u00e1s delgado; la tecnolog\u00eda es asombrosa. Realmente hace lo que est\u00e1 garantizado: proteger el cuero cabelludo\u00bb, escribi\u00f3 uno.  <\/p>\n<p>Algunos compradores, sin embargo, dijeron que les resultaba un poco complicado navegar por las m\u00faltiples configuraciones. Teniendo esto en cuenta, es posible que Supersonic Nural no sea adecuado para personas acostumbradas a secadores de pelo m\u00e1s tradicionales. Para cualquiera que prefiera un color diferente, Argos tiene actualmente una versi\u00f3n turquesa de la misma herramienta, tambi\u00e9n por \u00a3299. <\/p>\n<\/div>\n\n","protected":false},"excerpt":{"rendered":"<p>Dyson fue una de las primeras marcas en iniciar anticipadamente sus rebajas del Black Friday. A partir de octubre, las ofertas se centraron inicialmente en electrodom\u00e9sticos, pero los compradores que esperan que sus herramientas para el cuidado del cabello tan codiciadas, pero innegablemente caras, bajen de precio est\u00e1n de suerte: hemos encontrado una gran oferta &hellip;<\/p>\n","protected":false},"author":1,"featured_media":49333,"comment_status":"open","ping_status":"open","sticky":false,"template":"","format":"standard","meta":{"fifu_image_url":"https:\/\/cdn.images.express.co.uk\/img\/dynamic\/12\/1200x630\/6542081.jpg","fifu_image_alt":"","footnotes":""},"categories":[10],"tags":[],"class_list":["post-49332","post","type-post","status-publish","format-standard","has-post-thumbnail","","category-moda"],"_links":{"self":[{"href":"https:\/\/noticiasveraces.com\/index.php?rest_route=\/wp\/v2\/posts\/49332","targetHints":{"allow":["GET"]}}],"collection":[{"href":"https:\/\/noticiasveraces.com\/index.php?rest_route=\/wp\/v2\/posts"}],"about":[{"href":"https:\/\/noticiasveraces.com\/index.php?rest_route=\/wp\/v2\/types\/post"}],"author":[{"embeddable":true,"href":"https:\/\/noticiasveraces.com\/index.php?rest_route=\/wp\/v2\/users\/1"}],"replies":[{"embeddable":true,"href":"https:\/\/noticiasveraces.com\/index.php?rest_route=%2Fwp%2Fv2%2Fcomments&post=49332"}],"version-history":[{"count":0,"href":"https:\/\/noticiasveraces.com\/index.php?rest_route=\/wp\/v2\/posts\/49332\/revisions"}],"wp:featuredmedia":[{"embeddable":true,"href":"https:\/\/noticiasveraces.com\/index.php?rest_route=\/wp\/v2\/media\/49333"}],"wp:attachment":[{"href":"https:\/\/noticiasveraces.com\/index.php?rest_route=%2Fwp%2Fv2%2Fmedia&parent=49332"}],"wp:term":[{"taxonomy":"category","embeddable":true,"href":"https:\/\/noticiasveraces.com\/index.php?rest_route=%2Fwp%2Fv2%2Fcategories&post=49332"},{"taxonomy":"post_tag","embeddable":true,"href":"https:\/\/noticiasveraces.com\/index.php?rest_route=%2Fwp%2Fv2%2Ftags&post=49332"}],"curies":[{"name":"wp","href":"https:\/\/api.w.org\/{rel}","templated":true}]}}