{"id":49327,"date":"2025-11-10T11:26:32","date_gmt":"2025-11-10T15:26:32","guid":{"rendered":"https:\/\/noticiasveraces.com\/?p=49327"},"modified":"2025-11-10T11:26:32","modified_gmt":"2025-11-10T15:26:32","slug":"caso-alcista-de-ia-y-big-tech-a-pesar-de-la-peor-semana-del-nasdaq-desde-abril","status":"publish","type":"post","link":"https:\/\/noticiasveraces.com\/?p=49327","title":{"rendered":"Caso alcista de IA y Big Tech a pesar de la peor semana del Nasdaq desde abril"},"content":{"rendered":"<p> \n<\/p>\n<div id=\"SpecialReportArticle-ArticleBody-6\" data-module=\"ArticleBody\" data-test=\"articleBody-2\" data-analytics=\"SpecialReportArticle-articleBody-6-2\"><span class=\"HighlightShare-hidden\" style=\"top:0;left:0\"\/><\/p>\n<div role=\"region\" aria-labelledby=\"Placeholder-ArticleBody-Video-108220829\">\n<div role=\"button\" tabindex=\"0\" id=\"Placeholder-ArticleBody-Video-108220829\" class=\"PlaceHolder-wrapper\" data-vilynx-id=\"7000394372\" data-test=\"VideoPlaceHolder\">\n<div class=\"InlineVideo-videoEmbed\" id=\"InlineVideo-0\" data-test=\"InlineVideo\">\n<div class=\"InlineVideo-wrapper\">\n<div class=\"InlineVideo-inlineThumbnailContainer\"><img decoding=\"async\" class=\"InlineVideo-videoThumbnail\" src=\"https:\/\/image.cnbcfm.com\/api\/v1\/image\/108220849-2ED4-ETF-110325-Seg-1.jpg?v=1762207334&amp;w=750&amp;h=422&amp;vtcrop=y\" alt=\"Impulso y activos privados: las tendencias que impulsan a los ETF a registrar entradas r\u00e9cord\"\/><span class=\"InlineVideo-videoButton\"\/><span\/><\/div>\n<\/div>\n<\/div>\n<\/div>\n<\/div>\n<div class=\"group\">\n<p>State Street reitera su postura alcista sobre el comercio de inteligencia artificial a pesar de la peor semana del Nasdaq desde abril.<\/p>\n<p>Anna Paglia, directora comercial, dijo que las acciones con impulso todav\u00eda tienen fuerza porque los inversionistas son reacios a alejarse de la historia de crecimiento que impuls\u00f3 las ganancias durante todo el a\u00f1o.<\/p>\n<p>\u00ab\u00bfC\u00f3mo no querr\u00edas participar en el crecimiento de la tecnolog\u00eda de IA? Todo el mundo ha estado esperando que el ciclo cambie del crecimiento al valor. No creo que est\u00e9 sucediendo todav\u00eda debido al impulso\u00bb, dijo Paglia al programa \u00abETF Edge\u00bb de CNBC a principios de esta semana. \u00abNo creo que el comercio de reequilibrio se produzca hasta que veamos una se\u00f1al del mercado que indique una desaceleraci\u00f3n en estas grandes tendencias\u00bb.<\/p>\n<p>Paglia, que ha pasado 25 a\u00f1os en la industria de fondos cotizados en bolsa, ve una mayor probabilidad de que el espacio se enfr\u00ede a principios del pr\u00f3ximo a\u00f1o.<\/p>\n<p>\u00abSe prestar\u00e1 mucha m\u00e1s atenci\u00f3n a la diversificaci\u00f3n\u00bb, afirm\u00f3.<\/p>\n<p>Su firma gestiona varios ETF con exposici\u00f3n al sector tecnol\u00f3gico, incluido el <span class=\"QuoteInBody-quoteNameContainer\" data-test=\"QuoteInBody\" id=\"SpecialReportArticle-QuoteInBody-3\">ETF de tecnolog\u00eda SPDR NYSE<span class=\"QuoteInBody-inlineButton\"><span class=\"AddToWatchlistButton-watchlistContainer\" id=\"-WatchlistDropdown\" data-analytics-id=\"-WatchlistDropdown\"><button class=\"AddToWatchlistButton-watchlistButton\" aria-label=\"Add To Watchlist\" data-testid=\"dropdown-btn\"><span class=\"AddToWatchlistButton-addWatchListFromTag\"\/><\/button><\/span><\/span><\/span>que ha ganado un 38% en lo que va de a\u00f1o al cierre del viernes.<\/p>\n<p>Sin embargo, el fondo retrocedi\u00f3 m\u00e1s del 4% durante la semana pasada cuando los inversores obtuvieron ganancias en nombres vinculados a la IA. La segunda posici\u00f3n principal del fondo al cierre del viernes es <span class=\"QuoteInBody-quoteNameContainer\" data-test=\"QuoteInBody\" id=\"SpecialReportArticle-QuoteInBody-4\">Tecnolog\u00edas Palantir<span class=\"QuoteInBody-inlineButton\"><span class=\"AddToWatchlistButton-watchlistContainer\" id=\"-WatchlistDropdown\" data-analytics-id=\"-WatchlistDropdown\"><button class=\"AddToWatchlistButton-watchlistButton\" aria-label=\"Add To Watchlist\" data-testid=\"dropdown-btn\"><span class=\"AddToWatchlistButton-addWatchListFromTag\"\/><\/button><\/span><\/span><\/span>seg\u00fan el sitio web de State Street. Sus acciones cayeron m\u00e1s del 11% esta semana despu\u00e9s del informe de ganancias de la compa\u00f1\u00eda del lunes.<\/p>\n<p>A pesar de la ca\u00edda, Paglia reafirm\u00f3 su visi\u00f3n tecnol\u00f3gica alcista en una declaraci\u00f3n a CNBC a finales de semana.<\/p>\n<p>Mientras tanto, Todd Rosenbluth sugiere que una rotaci\u00f3n ya est\u00e1 comenzando a apoderarse del mercado. Se\u00f1ala un renovado apetito por las acciones del sector sanitario.<\/p>\n<p>\u00abEl <span class=\"QuoteInBody-quoteNameContainer\" data-test=\"QuoteInBody\" id=\"SpecialReportArticle-QuoteInBody-6\">Fondo SPDR del sector selecto de atenci\u00f3n m\u00e9dica<span class=\"QuoteInBody-inlineButton\"><span class=\"AddToWatchlistButton-watchlistContainer\" id=\"-WatchlistDropdown\" data-analytics-id=\"-WatchlistDropdown\"><button class=\"AddToWatchlistButton-watchlistButton\" aria-label=\"Add To Watchlist\" data-testid=\"dropdown-btn\"><span class=\"AddToWatchlistButton-addWatchListFromTag\"\/><\/button><\/span><\/span><\/span>&#8230; que ha estado en desgracia durante gran parte del a\u00f1o, comenz\u00f3 a recuperar su popularidad en octubre\u00bb, dijo el jefe de investigaci\u00f3n de la empresa en la misma entrevista. \u00abLa atenci\u00f3n m\u00e9dica tiende a ser un sector m\u00e1s defensivo, por lo que estamos observando si la gente contin\u00faa gravitando hacia \u00e9l como una forma de diversificarse lejos de algunos de esos sectores como la tecnolog\u00eda\u00bb.<\/p>\n<p>El Fondo SPDR del Sector Selecto de Atenci\u00f3n M\u00e9dica, que ha tenido un desempe\u00f1o deficiente <span class=\"QuoteInBody-quoteNameContainer\" data-test=\"QuoteInBody\" id=\"SpecialReportArticle-QuoteInBody-7\">tecnolog\u00eda<span class=\"QuoteInBody-inlineButton\"><span class=\"AddToWatchlistButton-watchlistContainer\" id=\"-WatchlistDropdown\" data-analytics-id=\"-WatchlistDropdown\"><button class=\"AddToWatchlistButton-watchlistButton\" aria-label=\"Add To Watchlist\" data-testid=\"dropdown-btn\"><span class=\"AddToWatchlistButton-addWatchListFromTag\"\/><\/button><\/span><\/span><\/span>  sector este a\u00f1o, ha aumentado un 5% desde el 1 de octubre. Tambi\u00e9n fue el segundo mejor desempe\u00f1o <span class=\"QuoteInBody-quoteNameContainer\" data-test=\"QuoteInBody\" id=\"SpecialReportArticle-QuoteInBody-8\">S&#038;P 500<span class=\"QuoteInBody-inlineButton\"><span class=\"AddToWatchlistButton-watchlistContainer\" id=\"-WatchlistDropdown\" data-analytics-id=\"-WatchlistDropdown\"><button class=\"AddToWatchlistButton-watchlistButton\" aria-label=\"Add To Watchlist\" data-testid=\"dropdown-btn\"><span class=\"AddToWatchlistButton-addWatchListFromTag\"\/><\/button><\/span><\/span><\/span>  grupo esta semana.<\/p>\n<\/div>\n<\/div>\n\n","protected":false},"excerpt":{"rendered":"<p>State Street reitera su postura alcista sobre el comercio de inteligencia artificial a pesar de la peor semana del Nasdaq desde abril. Anna Paglia, directora comercial, dijo que las acciones con impulso todav\u00eda tienen fuerza porque los inversionistas son reacios a alejarse de la historia de crecimiento que impuls\u00f3 las ganancias durante todo el a\u00f1o. &hellip;<\/p>\n","protected":false},"author":1,"featured_media":49329,"comment_status":"open","ping_status":"open","sticky":false,"template":"","format":"standard","meta":{"fifu_image_url":"https:\/\/image.cnbcfm.com\/api\/v1\/image\/108103716-1739901805641-JP3_8684.jpg?v=1740074904&w=1920&h=1080","fifu_image_alt":"","footnotes":""},"categories":[3],"tags":[],"class_list":["post-49327","post","type-post","status-publish","format-standard","has-post-thumbnail","","category-negocio"],"_links":{"self":[{"href":"https:\/\/noticiasveraces.com\/index.php?rest_route=\/wp\/v2\/posts\/49327","targetHints":{"allow":["GET"]}}],"collection":[{"href":"https:\/\/noticiasveraces.com\/index.php?rest_route=\/wp\/v2\/posts"}],"about":[{"href":"https:\/\/noticiasveraces.com\/index.php?rest_route=\/wp\/v2\/types\/post"}],"author":[{"embeddable":true,"href":"https:\/\/noticiasveraces.com\/index.php?rest_route=\/wp\/v2\/users\/1"}],"replies":[{"embeddable":true,"href":"https:\/\/noticiasveraces.com\/index.php?rest_route=%2Fwp%2Fv2%2Fcomments&post=49327"}],"version-history":[{"count":0,"href":"https:\/\/noticiasveraces.com\/index.php?rest_route=\/wp\/v2\/posts\/49327\/revisions"}],"wp:featuredmedia":[{"embeddable":true,"href":"https:\/\/noticiasveraces.com\/index.php?rest_route=\/wp\/v2\/media\/49329"}],"wp:attachment":[{"href":"https:\/\/noticiasveraces.com\/index.php?rest_route=%2Fwp%2Fv2%2Fmedia&parent=49327"}],"wp:term":[{"taxonomy":"category","embeddable":true,"href":"https:\/\/noticiasveraces.com\/index.php?rest_route=%2Fwp%2Fv2%2Fcategories&post=49327"},{"taxonomy":"post_tag","embeddable":true,"href":"https:\/\/noticiasveraces.com\/index.php?rest_route=%2Fwp%2Fv2%2Ftags&post=49327"}],"curies":[{"name":"wp","href":"https:\/\/api.w.org\/{rel}","templated":true}]}}