{"id":49317,"date":"2025-11-10T08:52:01","date_gmt":"2025-11-10T12:52:01","guid":{"rendered":"https:\/\/noticiasveraces.com\/?p=49317"},"modified":"2025-11-10T08:52:01","modified_gmt":"2025-11-10T12:52:01","slug":"ensayos-clinicos-prometedores-en-la-prevencion-del-alzheimer","status":"publish","type":"post","link":"https:\/\/noticiasveraces.com\/?p=49317","title":{"rendered":"Ensayos cl\u00ednicos prometedores en la prevenci\u00f3n del Alzheimer"},"content":{"rendered":"<p> \n<\/p>\n<div id=\"\">\n<p>\u00abS\u00f3lo s\u00e9 que mi cerebro no est\u00e1 bien\u00bb, dijo Carrie Richardson, de 44 a\u00f1os. \u00abY por eso lo odio. S\u00f3lo quiero que sea normal\u00bb.<\/p>\n<p>A los 41 a\u00f1os, Carrie desarroll\u00f3 la enfermedad de Alzheimer de aparici\u00f3n temprana. La afecci\u00f3n es causada por mutaciones gen\u00e9ticas raras que esencialmente garantizan que una persona desarrollar\u00e1 la enfermedad. Su madre, Mary Salter, de Montgomery, Alabama, conoce muy bien el costo de la enfermedad. \u00abHe perdido a siete miembros de mi familia de entre 37 y 44 a\u00f1os\u00bb, dijo&#8230; incluido su hijo, Bryan, que muri\u00f3 el a\u00f1o pasado. <\/p>\n<figure class=\"embed embed--type-image is-image embed--float-none embed--size-small\">\n<p>      <span class=\"img embed__content\"><img decoding=\"async\" src=\"https:\/\/assets1.cbsnewsstatic.com\/hub\/i\/r\/2025\/11\/08\/00fc43df-1444-46f9-9284-6f29d2bb6546\/thumbnail\/620x465\/c4c4876a51cef3414b11fc945a99ed0e\/carrie-richardson-1280.jpg#\" alt=\"carrie-richardson-1280.jpg \" height=\"465\" width=\"620\" class=\" lazyload\" srcset=\"https:\/\/assets1.cbsnewsstatic.com\/hub\/i\/r\/2025\/11\/08\/00fc43df-1444-46f9-9284-6f29d2bb6546\/thumbnail\/620x465\/c4c4876a51cef3414b11fc945a99ed0e\/carrie-richardson-1280.jpg 1x, https:\/\/assets2.cbsnewsstatic.com\/hub\/i\/r\/2025\/11\/08\/00fc43df-1444-46f9-9284-6f29d2bb6546\/thumbnail\/1240x930\/55965def0759120f3fb9db72011d13a0\/carrie-richardson-1280.jpg 2x\" loading=\"lazy\"\/><\/span><figcaption class=\"embed__caption-container\">\n<p>                  <span class=\"embed__caption\">Carrie Richardson, de 44 a\u00f1os, hered\u00f3 una mutaci\u00f3n gen\u00e9tica que provoc\u00f3 la enfermedad de Alzheimer de aparici\u00f3n temprana. Ella participa en un estudio de investigaci\u00f3n sobre el Alzheimer en la Facultad de Medicina de la Universidad de Washington. <\/span><\/p>\n<p>                  <span class=\"embed__credit\"><\/p>\n<p>                Noticias CBS<\/p>\n<p>                          <\/span><br \/>\n              <\/figcaption><\/figure>\n<p>Mary, Carrie y Hannah, la hija de Carrie, han venido a la Facultad de Medicina de la Universidad de Washington en St. Louis para participar en algunos de los primeros ensayos cl\u00ednicos del mundo sobre la prevenci\u00f3n del Alzheimer. \u00abEs lo m\u00ednimo que puedo hacer para ayudar\u00bb, dijo Hannah. \u00abSiento que no podr\u00eda vivir conmigo mismo si no lo hiciera\u00bb.<\/p>\n<p>El Dr. Randy Bateman, que dirige los ensayos cl\u00ednicos internacionales en WashU Medicine, dijo: \u00abAhora tenemos la oportunidad de cambiar el curso de la enfermedad de una manera que nunca antes hab\u00edamos podido hacer\u00bb.<\/p>\n<p>Una raz\u00f3n para el optimismo de Bateman: por primera vez, finalmente se logra tratar el Alzheimer leve con medicamentos que eliminan las placas amiloides, los dep\u00f3sitos de prote\u00ednas que se acumulan en el exterior de las c\u00e9lulas nerviosas del cerebro y que interfieren con la memoria y el pensamiento. Se ha demostrado que estos medicamentos retardan el deterioro cognitivo.<\/p>\n<p>\u00abLas personas a las que se les quitaron las placas son un 30 por ciento mejores que las personas a las que no se les quitaron las placas\u00bb, dijo Bateman. \u00abNo detiene la demencia. La demencia contin\u00faa, pero a un ritmo m\u00e1s lento\u00bb.<\/p>\n<p>El objetivo de los ensayos, dijo Bateman, es estudiar lo que sucede cuando se inicia el tratamiento incluso antes de que los s\u00edntomas de Alzheimer sean evidentes: \u00abSi nos fijamos en las personas que reciben tratamiento en estos ensayos, las personas que se encuentran en las etapas m\u00e1s tempranas, cuanto m\u00e1s temprano se avance, mejor les ir\u00e1. Algunas de ellas en realidad se han mantenido estables. Entonces, lo que esto sugiere es que el momento oportuno es de vital importancia\u00bb. <\/p>\n<p>Dentro de una familia particular con Alzheimer de inicio temprano, los s\u00edntomas generalmente comienzan aproximadamente a la misma edad, por lo que los investigadores pueden determinar cu\u00e1ndo comenzar el tratamiento para tratar de prevenir la enfermedad. \u00abEn estas personas, tenemos una certeza cercana al 100 por ciento de que contraer\u00e1n la demencia de la enfermedad de Alzheimer\u00bb, afirm\u00f3 Bateman. \u00abY sabemos cu\u00e1ndo lo recibir\u00e1n\u00bb. <\/p>\n<p>Aunque estas raras mutaciones representan menos del uno por ciento de los pacientes de Alzheimer, las lecciones aprendidas sobre cu\u00e1ndo iniciar el tratamiento pueden aplicarse a todos.  <\/p>\n<h2>\u00abUna sentencia de muerte\u00bb  <\/h2>\n<p>Jake Heinrichs es un electricista de teatro de Broadway de Brooklyn que porta uno de los genes de aparici\u00f3n temprana. La enfermedad se cobr\u00f3 a su abuela, t\u00edo, padre y hermano, todos dentro del mismo rango de edad. \u00abS\u00edntomas a los 40 y muerte a los 50\u00bb, dijo. <\/p>\n<p>Para Heinrichs mientras crec\u00eda, la palabra Alzheimer era \u00abuna sentencia de muerte\u00bb.<\/p>\n<p>Comenz\u00f3 a recibir tratamiento en el estudio de Bateman en 2013. Aunque ahora definitivamente est\u00e1 recibiendo un anticuerpo llamado lecanemab, durante los primeros siete a\u00f1os no sab\u00eda si estaba recibiendo un anticuerpo o un placebo. \u00abEstaba en una edad en la que deber\u00eda haber mostrado signos\u00bb, dijo Heinrichs, \u00aby ahora estoy en una edad en la que probablemente ni siquiera deber\u00eda estar vivo\u00bb.<\/p>\n<p>Su esposa es la directora de Broadway Rachel Chavkin. Ella dice que durante los \u00faltimos tres a\u00f1os, \u00e9l ocasionalmente repite una pregunta, pero por lo dem\u00e1s no ha mostrado ning\u00fan deterioro cognitivo desde que ella se enamor\u00f3 de \u00e9l hace veinte a\u00f1os. \u00abJake tiene ahora 51 a\u00f1os, que es la edad que ten\u00eda su padre cuando muri\u00f3\u00bb, dijo. <\/p>\n<p>Los recortes presupuestarios de la administraci\u00f3n Trump han <span class=\"link\">Detuvo o retras\u00f3 millones de d\u00f3lares en la investigaci\u00f3n del Alzheimer.<\/span>. La situaci\u00f3n ya ha tenido un impacto en los juicios de Bateman. \u00abEs un momento precario\u00bb, dijo. \u00abLa investigaci\u00f3n no es como construir un edificio o pintar una pared donde puedes comenzar y luego detenerte durante unos a\u00f1os y luego regresar y reanudar lo que estabas haciendo. Es mucho m\u00e1s como alimentar a un beb\u00e9&#8230; si dejas de hacer eso durante unas semanas, es irrecuperable\u00bb.<\/p>\n<h2>\u00abRedoblemos nuestra apuesta por esta enfermedad\u00bb<\/h2>\n<p>Con el dinero federal para investigaci\u00f3n amenazado, el fil\u00e1ntropo Bill Gates dice que el efecto de la disminuci\u00f3n de la inversi\u00f3n retrasa cualquier avance. \u00abLos datos que estos j\u00f3venes investigadores tienen para considerar diferentes ideas son mucho mejores que hace cinco a\u00f1os\u00bb, afirm\u00f3. \u00abEntonces, este es el momento en el que piensas, vaya, redoblemos la apuesta por esta enfermedad\u00bb.<\/p>\n<p>Eso es exactamente lo que est\u00e1 haciendo Gates. El multimillonario cofundador de Microsoft est\u00e1 utilizando su riqueza e influencia para unir a la industria y al gobierno para abordar el Alzheimer. Ya ha invertido personalmente m\u00e1s de 300 millones de d\u00f3lares. \u00abVoy a seguir muy involucrado en esto\u00bb, dijo. <\/p>\n<p>En un momento de tal posibilidad, la incertidumbre sobre la financiaci\u00f3n est\u00e1 amenazando el impulso. \u00abEst\u00e1 bastante en el aire\u00bb, dijo Gates. \u00abSi hablas con los investigadores, se enfrentan a la incertidumbre de si deber\u00edan contratar gente joven o comprar nuevos equipos. Y entonces, con suerte, en los pr\u00f3ximos meses, esto se resolver\u00e1 y, ya sabes, podremos avanzar a toda velocidad\u00bb.<\/p>\n<p>Gates ha gastado una cantidad considerable de su fortuna en mejorar la salud p\u00fablica. Y para \u00e9l resulta que el Alzheimer es algo personal. Bill Gates Sr., abogado y fil\u00e1ntropo que muri\u00f3 hace cinco a\u00f1os a la edad de 94 a\u00f1os, tambi\u00e9n padec\u00eda Alzheimer. \u00abTuvo la suerte de contar con atenci\u00f3n las 24 horas\u00bb, dijo Gates. \u00abPero no hab\u00eda ning\u00fan medicamento, no, nada que pudiera devolverle la cognici\u00f3n\u00bb.<\/p>\n<p>Gates apoya la investigaci\u00f3n para mejorar el diagn\u00f3stico temprano, el tratamiento y la inscripci\u00f3n de pacientes en ensayos. Y, sorpresa, ve un papel enorme para la inteligencia artificial. \u00abLa IA tendr\u00e1 un impacto en todo lo que hacemos\u00bb, afirm\u00f3. \u00abLa biolog\u00eda del cerebro es tan compleja que la capacidad de la IA para tomar grandes cantidades de datos y encontrarles significado significa que esta investigaci\u00f3n ser\u00e1 mucho m\u00e1s r\u00e1pida\u00bb.<\/p>\n<p>Se espera que los ensayos cl\u00ednicos de inicio temprano contin\u00faen durante al menos otros cinco a\u00f1os en los que participar\u00e1n cientos de personas en 40 lugares de todo el mundo. Si tiene \u00e9xito, podr\u00eda marcar el comienzo de la detecci\u00f3n rutinaria del Alzheimer con un simple an\u00e1lisis de sangre, tal como lo hacemos ahora con el colesterol alto y la diabetes.<\/p>\n<p>\u00bfSe podr\u00edan hacer pruebas a las personas ahora? Bateman dijo: \u00abEn este momento en medicina, no hacemos pruebas a personas sin s\u00edntomas, porque a\u00fan no se ha demostrado que los tratamientos funcionen en personas sin s\u00edntomas\u00bb.<\/p>\n<p>Encontrar tratamientos eficaces es un \u00e1rea de investigaci\u00f3n candente y puede incluir la administraci\u00f3n de c\u00f3cteles de medicamentos que apunten no s\u00f3lo al amiloide sino tambi\u00e9n a otros posibles culpables, como la inflamaci\u00f3n cerebral y una prote\u00edna da\u00f1ina de las c\u00e9lulas nerviosas llamada tau.<\/p>\n<p>Bateman dijo: \u00abSi este ensayo se sostiene y podemos seguir demostrando el beneficio a\u00f1o tras a\u00f1o de que estas personas est\u00e1n protegidas, entonces creo que eso predecir\u00e1 lo que suceder\u00e1 en el futuro cercano en los ensayos de prevenci\u00f3n en curso: que ser\u00e1n positivos, funcionar\u00e1n y brindar\u00e1n a las personas a\u00f1os de vida sin demencia\u00bb.<\/p>\n<p>Entonces, Jake Heinrichs se somete peri\u00f3dicamente a resonancias magn\u00e9ticas, ex\u00e1menes f\u00edsicos, pruebas de memoria, punciones lumbares y exploraciones PET para monitorear su funci\u00f3n cerebral y ver si puede prevenir un destino gen\u00e9tico casi seguro. <\/p>\n<p>Sam Heinrichs, de cuatro a\u00f1os, es la prueba viviente de lo que puede surgir de la creencia en la ciencia y de un acto de fe. <\/p>\n<figure class=\"embed embed--type-image is-image embed--float-none embed--size-large\">\n<p>      <span class=\"img embed__content\"><img decoding=\"async\" src=\"https:\/\/assets3.cbsnewsstatic.com\/hub\/i\/r\/2025\/11\/08\/68dba36c-127a-4946-9865-2585c4a77819\/thumbnail\/620x349\/0e802dd8329f553334731ea24b20adfe\/jake-and-sam-heinrichs-with-dr-randy-bateman.jpg#\" alt=\"jake-y-sam-heinrichs-con-el-dr-randy-bateman.jpg \" height=\"349\" width=\"620\" class=\" lazyload\" srcset=\"https:\/\/assets3.cbsnewsstatic.com\/hub\/i\/r\/2025\/11\/08\/68dba36c-127a-4946-9865-2585c4a77819\/thumbnail\/620x349\/0e802dd8329f553334731ea24b20adfe\/jake-and-sam-heinrichs-with-dr-randy-bateman.jpg 1x, https:\/\/assets3.cbsnewsstatic.com\/hub\/i\/r\/2025\/11\/08\/68dba36c-127a-4946-9865-2585c4a77819\/thumbnail\/1240x698\/8caa5db099b7865e3dbe67dd3acfa152\/jake-and-sam-heinrichs-with-dr-randy-bateman.jpg 2x\" loading=\"lazy\"\/><\/span><figcaption class=\"embed__caption-container\">\n<p>                  <span class=\"embed__caption\">Jake Heinrichs y el Dr. Randy Bateman, con Sam, el hijo de cuatro a\u00f1os de Jake. <\/span><\/p>\n<\/figcaption><\/figure>\n<p>Le pregunt\u00e9 a Jake: \u00ab\u00bfQu\u00e9 te hizo decir finalmente, sabes qu\u00e9, aunque hay un 50 por ciento de posibilidades de que obtenga el gen, vamos a seguir adelante e intentar tener un beb\u00e9?\u00bb.<\/p>\n<p>\u00abPorque he sido parte de este estudio y parece ser efectivo\u00bb, respondi\u00f3 Jake. \u00abMe dio la esperanza de que el flagelo del Alzheimer es algo que no vamos a temer en el futuro. Cualquier cosa podr\u00eda pasar. Pero ahora mismo tengo esperanza\u00bb.<\/p>\n<hr\/>\n<p><strong>LEA UN EXTRACTO: <span class=\"link\">\u00abPasado ayer: resiliencia frente a la demencia\u00bb<\/span><br \/><\/strong>El fot\u00f3grafo Joe Wallace ha narrado las historias de familias que han vivido con Alzheimer.<\/p>\n<hr\/>\n<p><strong>EXCLUSIVO WEB: Vea una entrevista ampliada con Bill Gates sobre la investigaci\u00f3n del Alzheimer (v\u00eddeo)<\/strong><\/p>\n<figure class=\"embed embed--type-video embed--type-content_video is-video embed--float-left embed--size-medium\"><figcaption class=\"embed__caption-container\">\n<p>          <span class=\"embed__icon\"><br \/>\n            <svg viewbox=\"0 0 32 32\" aria-hidden=\"true\">\n              <use xlink:href=\"#icon-video\"\/>\n            <\/svg><br \/>\n          <\/span><\/p>\n<p>          <span class=\"embed__headline\">Entrevista ampliada: Bill Gates sobre la investigaci\u00f3n del Alzheimer<\/span><\/p>\n<p>          <span class=\"embed__video-duration\">17:16<\/span><\/p>\n<\/figcaption><\/figure>\n<p><strong>Para m\u00e1s informaci\u00f3n:<\/strong><\/p>\n<p><em>     <br \/>Historia producida por Jay Kernis. Editor: Jason Schmidt. <\/em><\/p>\n<p><strong>     <br \/>Ver tambi\u00e9n: <\/strong><\/p>\n<section class=\"content__body--footer\">\n<\/section>\n<p>  <!-- data-recirc-source=\"chartbeat\" --><\/p>\n<aside class=\"component list recirculation component--type-recirculation component--type-recirculation-collection\">\n<div class=\"component__heading-wrapper recirc\">\n<h3 class=\"component__title\">Enfermedad de Alzheimer y demencia M\u00e1s<br \/>\n                <svg viewbox=\"0 0 32 32\" class=\"icon__caret-right\" aria-hidden=\"true\">\n                  <use xlink:href=\"#icon-caret-down\"\/>\n                <\/svg><\/p>\n<\/h3><\/div>\n<\/aside>\n<section class=\"content__body--footer\">\n      <!-- tags --><\/p>\n<section class=\"content__tags\">\n<\/section>\n<\/section><\/div>\n\n","protected":false},"excerpt":{"rendered":"<p>\u00abS\u00f3lo s\u00e9 que mi cerebro no est\u00e1 bien\u00bb, dijo Carrie Richardson, de 44 a\u00f1os. \u00abY por eso lo odio. S\u00f3lo quiero que sea normal\u00bb. A los 41 a\u00f1os, Carrie desarroll\u00f3 la enfermedad de Alzheimer de aparici\u00f3n temprana. La afecci\u00f3n es causada por mutaciones gen\u00e9ticas raras que esencialmente garantizan que una persona desarrollar\u00e1 la enfermedad. Su &hellip;<\/p>\n","protected":false},"author":1,"featured_media":49319,"comment_status":"open","ping_status":"open","sticky":false,"template":"","format":"standard","meta":{"fifu_image_url":"https:\/\/assets1.cbsnewsstatic.com\/hub\/i\/r\/2025\/11\/08\/00fc43df-1444-46f9-9284-6f29d2bb6546\/thumbnail\/620x465\/c4c4876a51cef3414b11fc945a99ed0e\/carrie-richardson-1280.jpg#","fifu_image_alt":"","footnotes":""},"categories":[8],"tags":[],"class_list":["post-49317","post","type-post","status-publish","format-standard","has-post-thumbnail","","category-salud"],"_links":{"self":[{"href":"https:\/\/noticiasveraces.com\/index.php?rest_route=\/wp\/v2\/posts\/49317","targetHints":{"allow":["GET"]}}],"collection":[{"href":"https:\/\/noticiasveraces.com\/index.php?rest_route=\/wp\/v2\/posts"}],"about":[{"href":"https:\/\/noticiasveraces.com\/index.php?rest_route=\/wp\/v2\/types\/post"}],"author":[{"embeddable":true,"href":"https:\/\/noticiasveraces.com\/index.php?rest_route=\/wp\/v2\/users\/1"}],"replies":[{"embeddable":true,"href":"https:\/\/noticiasveraces.com\/index.php?rest_route=%2Fwp%2Fv2%2Fcomments&post=49317"}],"version-history":[{"count":0,"href":"https:\/\/noticiasveraces.com\/index.php?rest_route=\/wp\/v2\/posts\/49317\/revisions"}],"wp:featuredmedia":[{"embeddable":true,"href":"https:\/\/noticiasveraces.com\/index.php?rest_route=\/wp\/v2\/media\/49319"}],"wp:attachment":[{"href":"https:\/\/noticiasveraces.com\/index.php?rest_route=%2Fwp%2Fv2%2Fmedia&parent=49317"}],"wp:term":[{"taxonomy":"category","embeddable":true,"href":"https:\/\/noticiasveraces.com\/index.php?rest_route=%2Fwp%2Fv2%2Fcategories&post=49317"},{"taxonomy":"post_tag","embeddable":true,"href":"https:\/\/noticiasveraces.com\/index.php?rest_route=%2Fwp%2Fv2%2Ftags&post=49317"}],"curies":[{"name":"wp","href":"https:\/\/api.w.org\/{rel}","templated":true}]}}