{"id":49314,"date":"2025-11-10T08:24:31","date_gmt":"2025-11-10T12:24:31","guid":{"rendered":"https:\/\/noticiasveraces.com\/?p=49314"},"modified":"2025-11-10T08:24:31","modified_gmt":"2025-11-10T12:24:31","slug":"los-paises-logran-un-acuerdo-sobre-seguridad-ciudadana","status":"publish","type":"post","link":"https:\/\/noticiasveraces.com\/?p=49314","title":{"rendered":"los pa\u00edses logran un acuerdo sobre seguridad ciudadana"},"content":{"rendered":"<p> \n<\/p>\n<div>\n<p>La IV Cumbre de la Comunidad de Estados Latinoamericanos y Caribe\u00f1os (CELAC) y la Uni\u00f3n Europea (UE) cerr\u00f3 la jornada del domingo 9 de noviembre en la ciudad colombiana de Santa Marta con una declaraci\u00f3n conjunta y dos adicionales sobre <strong>seguridad ciudadana<\/strong> y la <strong>econom\u00eda del cuidado<\/strong>.<\/p>\n<p>El documento central de la cumbre es la llamada <strong>\u201cDeclaraci\u00f3n de Santa Marta\u201d<\/strong>ciudad colombiana donde se organiza el encuentro. <strong>La declaraci\u00f3n, de 52 puntos, <\/strong>recoge las principales preocupaciones y planteamientos de los pa\u00edses que componen los dos bloques, desde \u201cel pleno cumplimiento del derecho internacional\u201d en<strong> la lucha contra el narcotr\u00e1fico<\/strong> hasta la necesidad de que haya <strong>paz en Gaza y Ucrania<\/strong>.<\/p>\n<p>\u201cHemos acordado dos declaraciones adicionales separadas en el \u00e1mbito regional\u201d, dijo el presidente del Consejo Europeo, Ant\u00f3nio Costa en una declaraci\u00f3n a la prensa al finalizar la reuni\u00f3n, que inicialmente estaba programada para dos d\u00edas, pero se celebr\u00f3 solo en la jornada del domingo.<\/p>\n<p>Costa explic\u00f3 que la primera de estas declaraciones adicionales es \u201cuna alianza para la seguridad ciudadana que va a fortalecer la cooperaci\u00f3n entre la Uni\u00f3n Europea, Am\u00e9rica Latina y el Caribe en materia de <strong>seguridad, de lucha contra la delincuencia organizada incluido el tr\u00e1fico de drogas<\/strong>\u201d.<\/p>\n<div class=\"em-video-wrapper m-em-video\" data-media-video-wbmz349412-f24-es-20251110=\"\" data-wrapper-video-player=\"\" data-show-hidden-video-player=\"WBMZ349412-F24-ES-20251110\" data-youtube-script=\"\">\n<div class=\"m-em-video__video\">\n<div class=\"o-em-consent \">\n<div class=\"o-em-consent__content\">\n<p class=\"o-em-consent__content__text\">Para mostrar este contenido de YouTube, debe autorizar las cookies de medici\u00f3n de audiencia y publicidad.<\/p>\n<p>        <button class=\"a-master-button a-master-button--dark\" data-action=\"accept\">Aceptar<i class=\"a-svg a-svg--icon-check\"\/><\/button><br \/>\n        <button class=\"a-link\" data-action=\"manage\">Gestionar mis opciones<i class=\"a-svg a-svg--icon-edit\"\/><\/button>\n    <\/div>\n<\/div>\n<div class=\"o-em-adblock\" data-adblock-content=\"\">\n<div class=\"o-em-adblock__content\">\n<p class=\"o-em-adblock__content__text\">Una extensi\u00f3n de tu navegador parece estar bloqueando la carga del reproductor de video. Para poder ver este contenido, debes desactivarla en este sitio.<\/p>\n<p>            <button class=\"a-master-button a-master-button--dark\" data-action=\"reload\">Reintentar<\/button>\n    <\/div>\n<\/div>\n<figure class=\"m-item-image m-item-image--16x9 m-item-image--has-caption\">\n<picture class=\"a-picture a-picture--16x9\"><source type=\"image\/webp\" srcset=\"https:\/\/s.france24.com\/media\/display\/3c163202-bdd3-11f0-b34a-005056bfb2b6\/w:388\/p:16x9\/ES-20251109-200213-200533-CS.webp 388w,https:\/\/s.france24.com\/media\/display\/3c163202-bdd3-11f0-b34a-005056bfb2b6\/w:720\/p:16x9\/ES-20251109-200213-200533-CS.webp 720w,https:\/\/s.france24.com\/media\/display\/3c163202-bdd3-11f0-b34a-005056bfb2b6\/w:1024\/p:16x9\/ES-20251109-200213-200533-CS.webp 1024w,https:\/\/s.france24.com\/media\/display\/3c163202-bdd3-11f0-b34a-005056bfb2b6\/w:1280\/p:16x9\/ES-20251109-200213-200533-CS.webp 1280w\" sizes=\"(max-width: 639px) calc(100vw - 32px), (max-width: 1076px) calc(100vw - 44px), 850px\"><img decoding=\"async\" fetchpriority=\"low\" src=\"https:\/\/s.france24.com\/media\/display\/3c163202-bdd3-11f0-b34a-005056bfb2b6\/w:1280\/p:16x9\/ES-20251109-200213-200533-CS.jpg\" srcset=\"https:\/\/s.france24.com\/media\/display\/3c163202-bdd3-11f0-b34a-005056bfb2b6\/w:388\/p:16x9\/ES-20251109-200213-200533-CS.jpg 388w,https:\/\/s.france24.com\/media\/display\/3c163202-bdd3-11f0-b34a-005056bfb2b6\/w:720\/p:16x9\/ES-20251109-200213-200533-CS.jpg 720w,https:\/\/s.france24.com\/media\/display\/3c163202-bdd3-11f0-b34a-005056bfb2b6\/w:1024\/p:16x9\/ES-20251109-200213-200533-CS.jpg 1024w,https:\/\/s.france24.com\/media\/display\/3c163202-bdd3-11f0-b34a-005056bfb2b6\/w:1280\/p:16x9\/ES-20251109-200213-200533-CS.jpg 1280w\" sizes=\"auto, (max-width: 639px) calc(100vw - 32px), (max-width: 1076px) calc(100vw - 44px), 850px\" width=\"1280\" height=\"720\" alt=\"\" loading=\"lazy\" class=\"a-img \"\/><\/source><\/picture><figcaption class=\"a-figcaption\">\n                                <span>\u00a9 Francia 24<\/span>            <\/figcaption><\/figure>\n<\/p><\/div>\n<\/p><\/div>\n<p>\u201cSegundo, un pacto por los cuidados para facilitar intercambios sobre avances y buenas pr\u00e1cticas en la econom\u00eda del cuidado\u201d, agreg\u00f3 el presidente del Consejo Europeo.<\/p>\n<h2><strong>Venezuela y Nicaragua no firmaron la declaraci\u00f3n <\/strong><\/h2>\n<p>La denominada <strong>econom\u00eda del cuidado<\/strong> tambi\u00e9n es un asunto clave de la\u00a0declaraci\u00f3n.<\/p>\n<p>\u201cSegundo, un pacto por los cuidados para facilitar intercambios sobre avances y buenas pr\u00e1cticas en la econom\u00eda del cuidado\u201d, agreg\u00f3 el presidente del Consejo Europeo.<\/p>\n<p><strong>En Am\u00e9rica Latina, las mujeres dedican entre 6,3 y 29,5 horas semanales m\u00e1s que los hombres a realizar trabajos de cuidado no remunerados<\/strong>seg\u00fan cifras de la Organizaci\u00f3n Internacional del Trabajo (OIT), lo que representa un total de 8.417 millones de horas semanales por las que no reciben ning\u00fan salario.<\/p>\n<p>La Comisi\u00f3n Econ\u00f3mica para Am\u00e9rica Latina y el Caribe (Cepal) calcula que el aporte econ\u00f3mico de este trabajo no remunerado representa un 2<strong>1,3 % del producto interno bruto (PIB) en promedio en la regi\u00f3n<\/strong>llegando a alcanzar m\u00e1s de un cuarto del PIB total en algunos pa\u00edses. <strong>El 74,5 % de ese aporte lo realizan las mujeres<\/strong>.<\/p>\n<div id=\"em-WBMZ349413-F24-ES-20251110\" class=\"m-em-flash\" data-xtwitter-script=\"\"><figcaption class=\"a-figcaption\">\n<\/figcaption><div class=\"o-em-consent \">\n<div class=\"o-em-consent__content\">\n<p class=\"o-em-consent__content__text\">Para mostrar este contenido de X (Twitter), debe autorizar las cookies de medici\u00f3n de audiencia y publicidad.<\/p>\n<p>        <button class=\"a-master-button a-master-button--dark\" data-action=\"accept\">Aceptar<i class=\"a-svg a-svg--icon-check\"\/><\/button><br \/>\n        <button class=\"a-link\" data-action=\"manage\">Gestionar mis opciones<i class=\"a-svg a-svg--icon-edit\"\/><\/button>\n    <\/div>\n<\/div>\n<\/div>\n<p>\u201cEn definitiva, con esta cumbre en Santa Marta hemos cumplido nuestros objetivos de avanzar y consolidar la relaci\u00f3n birregional en m\u00faltiples \u00e1mbitos, de forma que el progreso econ\u00f3mico de nuestros pueblos vaya de la mano con el desarrollo, la justicia social y los derechos humanos porque esa es la convicci\u00f3n en el coraz\u00f3n del v\u00ednculo entre Europa, Am\u00e9rica Latina y el Caribe\u201d, concluy\u00f3 Costa.<\/p>\n<p>La declaraci\u00f3n final fue suscrita por 58 de los 60 pa\u00edses participantes en la cumbre, ya que Venezuela y Nicaragua se \u201cdisociaron\u201d no firmaron el documento al cual se suman las dos declaraciones adicionales.<\/p>\n<\/p><\/div>\n\n","protected":false},"excerpt":{"rendered":"<p>La IV Cumbre de la Comunidad de Estados Latinoamericanos y Caribe\u00f1os (CELAC) y la Uni\u00f3n Europea (UE) cerr\u00f3 la jornada del domingo 9 de noviembre en la ciudad colombiana de Santa Marta con una declaraci\u00f3n conjunta y dos adicionales sobre seguridad ciudadana y la econom\u00eda del cuidado. El documento central de la cumbre es la &hellip;<\/p>\n","protected":false},"author":1,"featured_media":49316,"comment_status":"open","ping_status":"open","sticky":false,"template":"","format":"standard","meta":{"fifu_image_url":"https:\/\/s.france24.com\/media\/display\/daeac12a-bdda-11f0-9d8b-005056a90284\/w:1280\/p:16x9\/4d4b9fcdae6ede19e460a74d3bfdbc68caacf732w.jpg","fifu_image_alt":"","footnotes":""},"categories":[13],"tags":[],"class_list":["post-49314","post","type-post","status-publish","format-standard","has-post-thumbnail","","category-mundo"],"_links":{"self":[{"href":"https:\/\/noticiasveraces.com\/index.php?rest_route=\/wp\/v2\/posts\/49314","targetHints":{"allow":["GET"]}}],"collection":[{"href":"https:\/\/noticiasveraces.com\/index.php?rest_route=\/wp\/v2\/posts"}],"about":[{"href":"https:\/\/noticiasveraces.com\/index.php?rest_route=\/wp\/v2\/types\/post"}],"author":[{"embeddable":true,"href":"https:\/\/noticiasveraces.com\/index.php?rest_route=\/wp\/v2\/users\/1"}],"replies":[{"embeddable":true,"href":"https:\/\/noticiasveraces.com\/index.php?rest_route=%2Fwp%2Fv2%2Fcomments&post=49314"}],"version-history":[{"count":0,"href":"https:\/\/noticiasveraces.com\/index.php?rest_route=\/wp\/v2\/posts\/49314\/revisions"}],"wp:featuredmedia":[{"embeddable":true,"href":"https:\/\/noticiasveraces.com\/index.php?rest_route=\/wp\/v2\/media\/49316"}],"wp:attachment":[{"href":"https:\/\/noticiasveraces.com\/index.php?rest_route=%2Fwp%2Fv2%2Fmedia&parent=49314"}],"wp:term":[{"taxonomy":"category","embeddable":true,"href":"https:\/\/noticiasveraces.com\/index.php?rest_route=%2Fwp%2Fv2%2Fcategories&post=49314"},{"taxonomy":"post_tag","embeddable":true,"href":"https:\/\/noticiasveraces.com\/index.php?rest_route=%2Fwp%2Fv2%2Ftags&post=49314"}],"curies":[{"name":"wp","href":"https:\/\/api.w.org\/{rel}","templated":true}]}}