{"id":49309,"date":"2025-11-10T07:05:18","date_gmt":"2025-11-10T11:05:18","guid":{"rendered":"https:\/\/noticiasveraces.com\/?p=49309"},"modified":"2025-11-10T07:05:18","modified_gmt":"2025-11-10T11:05:18","slug":"crece-tension-entre-china-y-japon-por-dichos-sobre-taiwan-dw-10-11-2025","status":"publish","type":"post","link":"https:\/\/noticiasveraces.com\/?p=49309","title":{"rendered":"Crece tensi\u00f3n entre China y Jap\u00f3n por dichos sobre Taiw\u00e1n \u2013 DW \u2013 10\/11\/2025"},"content":{"rendered":"<p> \n<\/p>\n<div data-tracking-name=\"rich-text\" data-tracking-skip=\"true\">\n<p>Declaraciones cruzadas entre autoridades de China y Jap\u00f3n han elevado las tensiones entre ambas potencias asi\u00e1ticas, con Taiw\u00e1n en el centro de la disputa. Este lunes (10.11.2025), la primera ministra nipona, Sanae Takaichi, reiter\u00f3 declaraciones del viernes y se\u00f1al\u00f3 que cualquier ataque militar contra Taiw\u00e1n pondr\u00eda a Jap\u00f3n en una \u00absituaci\u00f3n de crisis\u00bb y justificar\u00eda una intervenci\u00f3n de sus Fuerzas de Autodefensa.<\/p>\n<p>\u00abDije el otro d\u00eda que podr\u00eda recurrir a la fuerza seg\u00fan la situaci\u00f3n, pero el Gobierno tomar\u00e1 la decisi\u00f3n analizando todos los factores\u00bb, indic\u00f3 Takaichi durante una sesi\u00f3n extraordinaria en la C\u00e1mara Baja, donde reiter\u00f3 su postura, expresada el viernes ante el Parlamento, de que el \u00abpeor escenario posible\u00bb de un ataque y bloqueo con nav\u00edos de guerra contra Taiw\u00e1n pondr\u00eda la supervivencia de Jap\u00f3n en peligro.<\/p>\n<p>La situaci\u00f3n escal\u00f3 horas m\u00e1s tarde ese mismo viernes, cuando el c\u00f3nsul chino en Osaka, Xue Jian, pidi\u00f3 \u00abcortar la cabeza\u00bb de la primera ministra. Seg\u00fan el diario japon\u00e9s <em>en<\/em>que precis\u00f3 que el mensaje fue borrado posteriormente, Xue escribi\u00f3 en la red social X (Twitter): \u00abNo tenemos m\u00e1s remedio que cortar la cabeza inmunda\u00bb de Takaichi. Tokio r\u00e1pidamente present\u00f3 una protesta a Pek\u00edn.<\/p>\n<p><span data-slot-id=\"Article_InContent-1\" class=\"rich-text-ad\"\/><\/p>\n<h2>\u00abAsuntos internos\u00bb<\/h2>\n<p>El portavoz del Gobierno de Jap\u00f3n, Minoru Kihara, calific\u00f3 de \u00abextremadamente inapropiados\u201d los comentarios de Xue, recordando que fueron emitidos por \u00abel jefe de una misi\u00f3n diplom\u00e1tica de China en el exterior\u00bb. Kihara a\u00f1adi\u00f3 que no es la primera vez que Xue genera pol\u00e9mica. \u00abSomos conscientes de los m\u00faltiples comentarios inapropiados realizados por el c\u00f3nsul general de Osaka, e instamos encarecidamente a la parte china a que tome las medidas oportunas\u00bb, dijo. <\/p>\n<p>Kihara reiter\u00f3 esta misma jornada que \u00abla paz y la estabilidad de Taiw\u00e1n es importante para la seguridad de Jap\u00f3n y de la comunidad internacional\u00bb.<\/p>\n<p>Por su parte, el Gobierno chino inst\u00f3 a la primera ministra japonesa a que \u00abno interfiera\u00bb en sus \u00abasuntos internos\u00bb. En una rueda de prensa, el portavoz de la canciller\u00eda china, Lin Jian, asegur\u00f3 que las declaraciones de Takaichi fueron \u00aberr\u00f3neas\u00bb y que constituyeron una \u00abinjerencia flagrante en los asuntos internos de China\u00bb.<\/p>\n<p>\u00abTaiw\u00e1n es parte de China y la forma de resolver la cuesti\u00f3n taiwanesa y lograr la &#8216;reunificaci\u00f3n nacional&#8217; es un asunto puramente interno de China\u00bb, agreg\u00f3 el vocero. Para Pek\u00edn, la isla democr\u00e1tica es parte de su territorio y ha indicado en m\u00e1s de una ocasi\u00f3n que la reunificaci\u00f3n se producir\u00e1 de forma diplom\u00e1tica o por la fuerza. Taiw\u00e1n sostiene que la Rep\u00fablica de China (su nombre oficial) y la Rep\u00fablica Popular China \u00abno est\u00e1n subordinadas entre s\u00ed\u00bb.<\/p>\n<p>DZC (EFE, Reuters)<\/p>\n<\/p>\n<\/div>\n\n","protected":false},"excerpt":{"rendered":"<p>Declaraciones cruzadas entre autoridades de China y Jap\u00f3n han elevado las tensiones entre ambas potencias asi\u00e1ticas, con Taiw\u00e1n en el centro de la disputa. Este lunes (10.11.2025), la primera ministra nipona, Sanae Takaichi, reiter\u00f3 declaraciones del viernes y se\u00f1al\u00f3 que cualquier ataque militar contra Taiw\u00e1n pondr\u00eda a Jap\u00f3n en una \u00absituaci\u00f3n de crisis\u00bb y justificar\u00eda &hellip;<\/p>\n","protected":false},"author":1,"featured_media":49310,"comment_status":"open","ping_status":"open","sticky":false,"template":"","format":"standard","meta":{"fifu_image_url":"https:\/\/static.dw.com\/image\/74448045_6.jpg","fifu_image_alt":"","footnotes":""},"categories":[13],"tags":[],"class_list":["post-49309","post","type-post","status-publish","format-standard","has-post-thumbnail","","category-mundo"],"_links":{"self":[{"href":"https:\/\/noticiasveraces.com\/index.php?rest_route=\/wp\/v2\/posts\/49309","targetHints":{"allow":["GET"]}}],"collection":[{"href":"https:\/\/noticiasveraces.com\/index.php?rest_route=\/wp\/v2\/posts"}],"about":[{"href":"https:\/\/noticiasveraces.com\/index.php?rest_route=\/wp\/v2\/types\/post"}],"author":[{"embeddable":true,"href":"https:\/\/noticiasveraces.com\/index.php?rest_route=\/wp\/v2\/users\/1"}],"replies":[{"embeddable":true,"href":"https:\/\/noticiasveraces.com\/index.php?rest_route=%2Fwp%2Fv2%2Fcomments&post=49309"}],"version-history":[{"count":0,"href":"https:\/\/noticiasveraces.com\/index.php?rest_route=\/wp\/v2\/posts\/49309\/revisions"}],"wp:featuredmedia":[{"embeddable":true,"href":"https:\/\/noticiasveraces.com\/index.php?rest_route=\/wp\/v2\/media\/49310"}],"wp:attachment":[{"href":"https:\/\/noticiasveraces.com\/index.php?rest_route=%2Fwp%2Fv2%2Fmedia&parent=49309"}],"wp:term":[{"taxonomy":"category","embeddable":true,"href":"https:\/\/noticiasveraces.com\/index.php?rest_route=%2Fwp%2Fv2%2Fcategories&post=49309"},{"taxonomy":"post_tag","embeddable":true,"href":"https:\/\/noticiasveraces.com\/index.php?rest_route=%2Fwp%2Fv2%2Ftags&post=49309"}],"curies":[{"name":"wp","href":"https:\/\/api.w.org\/{rel}","templated":true}]}}