{"id":49304,"date":"2025-11-10T05:59:12","date_gmt":"2025-11-10T09:59:12","guid":{"rendered":"https:\/\/noticiasveraces.com\/?p=49304"},"modified":"2025-11-10T05:59:12","modified_gmt":"2025-11-10T09:59:12","slug":"iran-advierte-sobre-una-posible-evacuacion-de-teheran-ante-la-peor-sequia-en-decadas","status":"publish","type":"post","link":"https:\/\/noticiasveraces.com\/?p=49304","title":{"rendered":"Ir\u00e1n advierte sobre una posible evacuaci\u00f3n de Teher\u00e1n ante la peor sequ\u00eda en d\u00e9cadas"},"content":{"rendered":"<p> \n<\/p>\n<div>\n<div id=\"beyondwords-wrapper\" class=\"beyondwords-wrapper\">\n<p><span class=\"label-bg\">NUEVO<\/span>\u00a1Ahora puedes escuchar los art\u00edculos de Fox News!\n  <\/p>\n<\/div>\n<p class=\"speakable\">Ir\u00e1n se enfrenta a su peor sequ\u00eda en d\u00e9cadas, lo que genera temores de evacuaciones en Teher\u00e1n y al mismo tiempo amenaza la estabilidad y las ambiciones nucleares del r\u00e9gimen, seg\u00fan un destacado experto ambiental.<\/p>\n<p class=\"speakable\">Kaveh Madani, director del Instituto para el Agua, el Medio Ambiente y la Salud de la Universidad de las Naciones Unidas, dijo que el empeoramiento de la \u00abquiebra del agua\u00bb de Ir\u00e1n afectar\u00eda la capacidad del pa\u00eds para funcionar y debilitar\u00eda su posici\u00f3n en el escenario global.<\/p>\n<p>\u00abEsta quiebra del agua debilita a Ir\u00e1n en el escenario mundial\u00bb, dijo Madani a Fox News Digital.<\/p>\n<p>\u00abSi quieren mantener su ideolog\u00eda y luchar con Occidente, deben utilizar sus recursos naturales y quemarlos, de modo que si no hay agua, hay menos resiliencia y menos capacidad de resistir\u00bb.<\/p>\n<p><strong>IRAN\u00cd-AMERICANOS Y DISIDENTES SE MANIFESTARON CONTRA LOS &#8216;AGENTES ASESINOS DEL R\u00c9GIMEN&#8217; MIENTRAS EL PRESIDENTE DE IR\u00c1N SE DIRIGI\u00d3 A LA AGNU<\/strong><\/p>\n<div class=\"image-ct inline\">\n<div class=\"m\"><picture><source media=\"(max-width: 767px)\" srcset=\"https:\/\/a57.foxnews.com\/static.foxnews.com\/foxnews.com\/content\/uploads\/2025\/07\/343\/192\/khamenei-iran.jpg?ve=1&amp;tl=1, https:\/\/a57.foxnews.com\/static.foxnews.com\/foxnews.com\/content\/uploads\/2025\/07\/686\/384\/khamenei-iran.jpg?ve=1&amp;tl=1 2x\" height=\"192\" width=\"343\"><source media=\"(min-width: 768px) and (max-width: 1023px)\" srcset=\"https:\/\/a57.foxnews.com\/static.foxnews.com\/foxnews.com\/content\/uploads\/2025\/07\/672\/378\/khamenei-iran.jpg?ve=1&amp;tl=1, https:\/\/a57.foxnews.com\/static.foxnews.com\/foxnews.com\/content\/uploads\/2025\/07\/1344\/756\/khamenei-iran.jpg?ve=1&amp;tl=1 2x\" height=\"378\" width=\"672\"><source media=\"(min-width: 1024px) and (max-width: 1279px)\" srcset=\"https:\/\/a57.foxnews.com\/static.foxnews.com\/foxnews.com\/content\/uploads\/2025\/07\/931\/523\/khamenei-iran.jpg?ve=1&amp;tl=1, https:\/\/a57.foxnews.com\/static.foxnews.com\/foxnews.com\/content\/uploads\/2025\/07\/1862\/1046\/khamenei-iran.jpg?ve=1&amp;tl=1 2x\" height=\"523\" width=\"931\"><source media=\"(min-width: 1280px)\" srcset=\"https:\/\/a57.foxnews.com\/static.foxnews.com\/foxnews.com\/content\/uploads\/2025\/07\/720\/405\/khamenei-iran.jpg?ve=1&amp;tl=1, https:\/\/a57.foxnews.com\/static.foxnews.com\/foxnews.com\/content\/uploads\/2025\/07\/1440\/810\/khamenei-iran.jpg?ve=1&amp;tl=1 2x\" height=\"405\" width=\"720\"><img loading=\"lazy\" decoding=\"async\" src=\"https:\/\/a57.foxnews.com\/static.foxnews.com\/foxnews.com\/content\/uploads\/2025\/07\/1200\/675\/khamenei-iran.jpg?ve=1&amp;tl=1\" alt=\"El l\u00edder supremo de Ir\u00e1n, el ayatol\u00e1 Ali Jamenei\" width=\"1200\" height=\"675\"\/><\/source><\/source><\/source><\/source><\/picture><\/div>\n<div class=\"info\">\n<div class=\"caption\">\n<p><span>El l\u00edder supremo de Ir\u00e1n, el ayatol\u00e1 Ali Jamenei, sentado junto a un alto funcionario militar en Ir\u00e1n.<\/span> <span>(Im\u00e1genes falsas)<\/span><\/p>\n<\/div>\n<\/div>\n<\/div>\n<p>Madani, que desde hace tiempo advierte sobre la mala gesti\u00f3n ambiental en Ir\u00e1n, dijo que la actual crisis del agua en todo el pa\u00eds era predecible.<\/p>\n<p>\u00abLa situaci\u00f3n de quiebra del agua no se cre\u00f3 de la noche a la ma\u00f1ana\u00bb, afirm\u00f3. \u00abLa casa ya estaba en llamas y personas como yo hab\u00edamos advertido al gobierno durante a\u00f1os que esta situaci\u00f3n se producir\u00eda\u00bb.<\/p>\n<p>El presidente Masoud Pezeshkian advirti\u00f3 que sin lluvias antes del invierno, Teher\u00e1n podr\u00eda enfrentar una evacuaci\u00f3n parcial, seg\u00fan The Associated Press.<\/p>\n<p><strong>NETANYAHU ENV\u00cdA MENSAJE AL PUEBLO DE IR\u00c1N MIENTRAS EL PA\u00cdS ENFRENTA LA CRISIS DEL AGUA<\/strong><\/p>\n<div class=\"image-ct inline\">\n<div class=\"m\"><picture><source media=\"(max-width: 767px)\" srcset=\"https:\/\/a57.foxnews.com\/static.foxnews.com\/foxnews.com\/content\/uploads\/2025\/09\/343\/192\/pezeshkian-unga-2.jpg?ve=1&amp;tl=1, https:\/\/a57.foxnews.com\/static.foxnews.com\/foxnews.com\/content\/uploads\/2025\/09\/686\/384\/pezeshkian-unga-2.jpg?ve=1&amp;tl=1 2x\" height=\"192\" width=\"343\"><source media=\"(min-width: 768px) and (max-width: 1023px)\" srcset=\"https:\/\/a57.foxnews.com\/static.foxnews.com\/foxnews.com\/content\/uploads\/2025\/09\/672\/378\/pezeshkian-unga-2.jpg?ve=1&amp;tl=1, https:\/\/a57.foxnews.com\/static.foxnews.com\/foxnews.com\/content\/uploads\/2025\/09\/1344\/756\/pezeshkian-unga-2.jpg?ve=1&amp;tl=1 2x\" height=\"378\" width=\"672\"><source media=\"(min-width: 1024px) and (max-width: 1279px)\" srcset=\"https:\/\/a57.foxnews.com\/static.foxnews.com\/foxnews.com\/content\/uploads\/2025\/09\/931\/523\/pezeshkian-unga-2.jpg?ve=1&amp;tl=1, https:\/\/a57.foxnews.com\/static.foxnews.com\/foxnews.com\/content\/uploads\/2025\/09\/1862\/1046\/pezeshkian-unga-2.jpg?ve=1&amp;tl=1 2x\" height=\"523\" width=\"931\"><source media=\"(min-width: 1280px)\" srcset=\"https:\/\/a57.foxnews.com\/static.foxnews.com\/foxnews.com\/content\/uploads\/2025\/09\/720\/405\/pezeshkian-unga-2.jpg?ve=1&amp;tl=1, https:\/\/a57.foxnews.com\/static.foxnews.com\/foxnews.com\/content\/uploads\/2025\/09\/1440\/810\/pezeshkian-unga-2.jpg?ve=1&amp;tl=1 2x\" height=\"405\" width=\"720\"><img loading=\"lazy\" decoding=\"async\" src=\"https:\/\/a57.foxnews.com\/static.foxnews.com\/foxnews.com\/content\/uploads\/2025\/09\/1200\/675\/pezeshkian-unga-2.jpg?ve=1&amp;tl=1\" alt=\"El presidente de Ir\u00e1n, Masoud Pezeshkian, se dirige a la 80.\u00aa Asamblea General de las Naciones Unidas (AGNU) en la sede de la ONU en Nueva York, EE.UU., el 24 de septiembre de 2025.\" width=\"1200\" height=\"675\"\/><\/source><\/source><\/source><\/source><\/picture><\/div>\n<div class=\"info\">\n<div class=\"caption\">\n<p><span>Pezeshkian acus\u00f3 a Estados Unidos de una \u00abgrave traici\u00f3n\u00bb en la Asamblea General de las Naciones Unidas el 24 de septiembre de 2025 en la ciudad de Nueva York. <\/span> <span>(Jeenah Luna\/Reuters)<\/span><\/p>\n<\/div>\n<\/div>\n<\/div>\n<p>De las cinco represas principales que abastecen a la capital, una ya se ha secado y otra est\u00e1 funcionando por debajo del 8% de su capacidad, seg\u00fan AP.<\/p>\n<p>El Ministro de Energ\u00eda, Abbas Alibadi, tambi\u00e9n anunci\u00f3 que se cortar\u00e1 el suministro de agua algunas noches para rellenar los embalses, instando a los ciudadanos a reducir el consumo en un 20% para evitar el racionamiento.<\/p>\n<p>\u00abLos s\u00edntomas ya estaban presentes, y ahora las llamas son innegables. Estamos discutiendo el D\u00eda Cero, cuando los grifos se secar\u00e1n en Teher\u00e1n y otras ciudades que alguna vez fueron inmunes a la escasez\u00bb, dijo Madani.<\/p>\n<p><strong>EL PRESIDENTE DE IR\u00c1N NOS ACUSA DE &#8216;GRAVE TRAICI\u00d3N&#8217; CON ATAQUES NUCLEARES EN EL DISCURSO DE LA AGNU<\/strong><\/p>\n<div class=\"image-ct inline\">\n<div class=\"m\"><picture><source media=\"(max-width: 767px)\" srcset=\"https:\/\/a57.foxnews.com\/static.foxnews.com\/foxnews.com\/content\/uploads\/2025\/06\/343\/192\/gettyimages-2212801006-scaled.jpg?ve=1&amp;tl=1, https:\/\/a57.foxnews.com\/static.foxnews.com\/foxnews.com\/content\/uploads\/2025\/06\/686\/384\/gettyimages-2212801006-scaled.jpg?ve=1&amp;tl=1 2x\" height=\"192\" width=\"343\"><source media=\"(min-width: 768px) and (max-width: 1023px)\" srcset=\"https:\/\/a57.foxnews.com\/static.foxnews.com\/foxnews.com\/content\/uploads\/2025\/06\/672\/378\/gettyimages-2212801006-scaled.jpg?ve=1&amp;tl=1, https:\/\/a57.foxnews.com\/static.foxnews.com\/foxnews.com\/content\/uploads\/2025\/06\/1344\/756\/gettyimages-2212801006-scaled.jpg?ve=1&amp;tl=1 2x\" height=\"378\" width=\"672\"><source media=\"(min-width: 1024px) and (max-width: 1279px)\" srcset=\"https:\/\/a57.foxnews.com\/static.foxnews.com\/foxnews.com\/content\/uploads\/2025\/06\/931\/523\/gettyimages-2212801006-scaled.jpg?ve=1&amp;tl=1, https:\/\/a57.foxnews.com\/static.foxnews.com\/foxnews.com\/content\/uploads\/2025\/06\/1862\/1046\/gettyimages-2212801006-scaled.jpg?ve=1&amp;tl=1 2x\" height=\"523\" width=\"931\"><source media=\"(min-width: 1280px)\" srcset=\"https:\/\/a57.foxnews.com\/static.foxnews.com\/foxnews.com\/content\/uploads\/2025\/06\/720\/405\/gettyimages-2212801006-scaled.jpg?ve=1&amp;tl=1, https:\/\/a57.foxnews.com\/static.foxnews.com\/foxnews.com\/content\/uploads\/2025\/06\/1440\/810\/gettyimages-2212801006-scaled.jpg?ve=1&amp;tl=1 2x\" height=\"405\" width=\"720\"><img loading=\"lazy\" decoding=\"async\" src=\"https:\/\/a57.foxnews.com\/static.foxnews.com\/foxnews.com\/content\/uploads\/2025\/06\/1200\/675\/gettyimages-2212801006-scaled.jpg?ve=1&amp;tl=1\" alt=\"Retratos de l\u00edderes alineados con Ir\u00e1n vistos en Teher\u00e1n\" width=\"1200\" height=\"675\"\/><\/source><\/source><\/source><\/source><\/picture><\/div>\n<div class=\"info\">\n<div class=\"caption\">\n<p><span>La gente pasa junto a una gran pancarta con retratos de l\u00edderes asesinados de grupos armados alineados con Ir\u00e1n, incluido el l\u00edder de Ham\u00e1s, Yahya Sinwar, el l\u00edder de Hezbol\u00e1, Hassan Nasrallah, y el comandante iran\u00ed Qasem Soleimani, en el centro de Teher\u00e1n, Ir\u00e1n, el 1 de mayo de 2025. <\/span> <span>(MOHAMMADALI NAJIB\/Middle East Images\/AFP v\u00eda Getty Images)<\/span><\/p>\n<\/div>\n<\/div>\n<\/div>\n<p>\u00abIr\u00e1n se encuentra en un estado de quiebra h\u00eddrica, resultado de d\u00e9cadas de mala gesti\u00f3n, agravada por una sequ\u00eda prolongada y el cambio clim\u00e1tico\u00bb, a\u00f1adi\u00f3.<\/p>\n<p>Madani tambi\u00e9n dijo que el colapso de la infraestructura b\u00e1sica podr\u00eda provocar disturbios m\u00e1s amplios.<\/p>\n<p>\u00abCuando la gente se queda sin agua y electricidad, se enfrenta a problemas de seguridad internos y nacionales que incluso los enemigos de Ir\u00e1n, ni siquiera el presidente Trump o el primer ministro Netanyahu, podr\u00edan haber deseado que esto sucediera\u00bb.<\/p>\n<p>Madani advirti\u00f3 que la crisis amenaza no s\u00f3lo a sus ciudadanos sino tambi\u00e9n a la infraestructura energ\u00e9tica y nuclear de Ir\u00e1n.<\/p>\n<p>A pesar de las afirmaciones de Estados Unidos de que los ataques a\u00e9reos destruyeron las instalaciones nucleares de Ir\u00e1n, la nueva informaci\u00f3n de inteligencia reportada por The New York Times sugiri\u00f3 que se estaba realizando un enriquecimiento de uranio en un sitio fortificado conocido como Pickaxe Mountain.<\/p>\n<p>\u00abSi persiste la escasez de agua y electricidad, cualquier programa nuclear tambi\u00e9n se ver\u00eda afectado\u00bb, afirm\u00f3 Madani.<\/p>\n<p><strong>LA INQUIETANTE CONEXI\u00d3N ENTRE EL IMPULSO DE ENERG\u00cdA VERDE DE LA ONU Y LA INMIGRACI\u00d3N ILEGAL<\/strong><\/p>\n<div class=\"image-ct inline\">\n<div class=\"m\"><picture><source media=\"(max-width: 767px)\" srcset=\"https:\/\/a57.foxnews.com\/static.foxnews.com\/foxnews.com\/content\/uploads\/2025\/06\/343\/192\/natanz-facility-iran.jpg?ve=1&amp;tl=1, https:\/\/a57.foxnews.com\/static.foxnews.com\/foxnews.com\/content\/uploads\/2025\/06\/686\/384\/natanz-facility-iran.jpg?ve=1&amp;tl=1 2x\" height=\"192\" width=\"343\"><source media=\"(min-width: 768px) and (max-width: 1023px)\" srcset=\"https:\/\/a57.foxnews.com\/static.foxnews.com\/foxnews.com\/content\/uploads\/2025\/06\/672\/378\/natanz-facility-iran.jpg?ve=1&amp;tl=1, https:\/\/a57.foxnews.com\/static.foxnews.com\/foxnews.com\/content\/uploads\/2025\/06\/1344\/756\/natanz-facility-iran.jpg?ve=1&amp;tl=1 2x\" height=\"378\" width=\"672\"><source media=\"(min-width: 1024px) and (max-width: 1279px)\" srcset=\"https:\/\/a57.foxnews.com\/static.foxnews.com\/foxnews.com\/content\/uploads\/2025\/06\/931\/523\/natanz-facility-iran.jpg?ve=1&amp;tl=1, https:\/\/a57.foxnews.com\/static.foxnews.com\/foxnews.com\/content\/uploads\/2025\/06\/1862\/1046\/natanz-facility-iran.jpg?ve=1&amp;tl=1 2x\" height=\"523\" width=\"931\"><source media=\"(min-width: 1280px)\" srcset=\"https:\/\/a57.foxnews.com\/static.foxnews.com\/foxnews.com\/content\/uploads\/2025\/06\/720\/405\/natanz-facility-iran.jpg?ve=1&amp;tl=1, https:\/\/a57.foxnews.com\/static.foxnews.com\/foxnews.com\/content\/uploads\/2025\/06\/1440\/810\/natanz-facility-iran.jpg?ve=1&amp;tl=1 2x\" height=\"405\" width=\"720\"><img loading=\"lazy\" decoding=\"async\" src=\"https:\/\/a57.foxnews.com\/static.foxnews.com\/foxnews.com\/content\/uploads\/2025\/06\/1200\/675\/natanz-facility-iran.jpg?ve=1&amp;tl=1\" alt=\"Instalaciones de Natanz\" width=\"1200\" height=\"675\"\/><\/source><\/source><\/source><\/source><\/picture><\/div>\n<div class=\"info\">\n<div class=\"caption\">\n<p><span>ARCHIVO &#8211; Esta foto satelital de Planet Labs PBC muestra la instalaci\u00f3n nuclear de Natanz en Ir\u00e1n el 20 de mayo de 2025.<\/span> <span>(Planet Labs PBC v\u00eda AP, Archivo)<\/span><\/p>\n<\/div>\n<\/div>\n<\/div>\n<p>\u00abLa falta de lluvia significa menos generaci\u00f3n de energ\u00eda hidroel\u00e9ctrica, lo que provoca cortes de agua y electricidad\u00bb, afirm\u00f3.<\/p>\n<p>Estados Unidos y sus aliados volvieron a imponer amplias sanciones a las exportaciones de petr\u00f3leo y al sector bancario de Ir\u00e1n y el fin del acuerdo nuclear de 2015 desencaden\u00f3 sanciones.<\/p>\n<p>\u00abAdem\u00e1s, se enfrentan a la cuesti\u00f3n de las sanciones\u00bb, dijo Madani. \u00abYa hab\u00eda sanciones impuestas por Estados Unidos y tambi\u00e9n hubo sanciones del Consejo de Seguridad que, como saben, han sido reintroducidas\u00bb.<\/p>\n<p>\u00abIr\u00e1n est\u00e1 en modo de resistencia, y permanecer en este modo significa una mayor presi\u00f3n sobre el ecosistema, los recursos naturales y el agua de Ir\u00e1n, pero tambi\u00e9n significa una mayor preocupaci\u00f3n por los problemas de inseguridad alimentaria y la dependencia de las importaciones de alimentos\u00bb.<\/p>\n<p><strong>HAGA CLIC AQU\u00cd PARA DESCARGAR LA APLICACI\u00d3N FOX NEWS<\/strong><\/p>\n<p>Sin embargo, la evacuaci\u00f3n de Teher\u00e1n sigue siendo improbable, afirm\u00f3 Madani. \u00abLa gente tiene trabajo, los ni\u00f1os van a la escuela, as\u00ed que esto no puede suceder de la noche a la ma\u00f1ana. El gobierno espera que llueva, pero la gente ya tiene miedo\u00bb.<\/p>\n<p>\u00abIr\u00e1n est\u00e1 en modo de resistencia, y permanecer en este modo significa una mayor presi\u00f3n sobre el ecosistema, los recursos naturales y el agua de Ir\u00e1n\u00bb, concluy\u00f3 Madani.<\/p>\n<p> <!----> <\/p>\n<div class=\"article-meta\">\n<div class=\"author-bio\">\n<p>Emma Bussey es redactora de noticias de \u00faltima hora para Fox News Digital. Antes de unirse a Fox, trabaj\u00f3 en The Telegraph con el equipo nocturno de EE. UU., en \u00e1reas que inclu\u00edan asuntos exteriores, pol\u00edtica, noticias, deportes y cultura. <\/p>\n<\/div>\n<\/div>\n<\/div>\n\n","protected":false},"excerpt":{"rendered":"<p>NUEVO\u00a1Ahora puedes escuchar los art\u00edculos de Fox News! Ir\u00e1n se enfrenta a su peor sequ\u00eda en d\u00e9cadas, lo que genera temores de evacuaciones en Teher\u00e1n y al mismo tiempo amenaza la estabilidad y las ambiciones nucleares del r\u00e9gimen, seg\u00fan un destacado experto ambiental. Kaveh Madani, director del Instituto para el Agua, el Medio Ambiente y &hellip;<\/p>\n","protected":false},"author":1,"featured_media":49306,"comment_status":"open","ping_status":"open","sticky":false,"template":"","format":"standard","meta":{"fifu_image_url":"https:\/\/static.foxnews.com\/foxnews.com\/content\/uploads\/2025\/11\/iran-drought-weaken.jpg","fifu_image_alt":"","footnotes":""},"categories":[13],"tags":[],"class_list":["post-49304","post","type-post","status-publish","format-standard","has-post-thumbnail","","category-mundo"],"_links":{"self":[{"href":"https:\/\/noticiasveraces.com\/index.php?rest_route=\/wp\/v2\/posts\/49304","targetHints":{"allow":["GET"]}}],"collection":[{"href":"https:\/\/noticiasveraces.com\/index.php?rest_route=\/wp\/v2\/posts"}],"about":[{"href":"https:\/\/noticiasveraces.com\/index.php?rest_route=\/wp\/v2\/types\/post"}],"author":[{"embeddable":true,"href":"https:\/\/noticiasveraces.com\/index.php?rest_route=\/wp\/v2\/users\/1"}],"replies":[{"embeddable":true,"href":"https:\/\/noticiasveraces.com\/index.php?rest_route=%2Fwp%2Fv2%2Fcomments&post=49304"}],"version-history":[{"count":0,"href":"https:\/\/noticiasveraces.com\/index.php?rest_route=\/wp\/v2\/posts\/49304\/revisions"}],"wp:featuredmedia":[{"embeddable":true,"href":"https:\/\/noticiasveraces.com\/index.php?rest_route=\/wp\/v2\/media\/49306"}],"wp:attachment":[{"href":"https:\/\/noticiasveraces.com\/index.php?rest_route=%2Fwp%2Fv2%2Fmedia&parent=49304"}],"wp:term":[{"taxonomy":"category","embeddable":true,"href":"https:\/\/noticiasveraces.com\/index.php?rest_route=%2Fwp%2Fv2%2Fcategories&post=49304"},{"taxonomy":"post_tag","embeddable":true,"href":"https:\/\/noticiasveraces.com\/index.php?rest_route=%2Fwp%2Fv2%2Ftags&post=49304"}],"curies":[{"name":"wp","href":"https:\/\/api.w.org\/{rel}","templated":true}]}}