{"id":49289,"date":"2025-11-10T03:31:47","date_gmt":"2025-11-10T07:31:47","guid":{"rendered":"https:\/\/noticiasveraces.com\/?p=49289"},"modified":"2025-11-10T03:31:47","modified_gmt":"2025-11-10T07:31:47","slug":"ong-denuncio-castigos-y-maltratos-a-presos-politicos-en-la-carcel-el-rodeo","status":"publish","type":"post","link":"https:\/\/noticiasveraces.com\/?p=49289","title":{"rendered":"ONG denunci\u00f3 castigos y maltratos a presos pol\u00edticos en la c\u00e1rcel El Rodeo"},"content":{"rendered":"<p> \n<\/p>\n<div>\n<p>La organizaci\u00f3n no gubernamental (ONG) <strong>Justicia, Encuentro y Perd\u00f3n<\/strong> denunci\u00f3 este s\u00e1bado 8 de noviembre que los familiares han reportado <strong>situaciones de maltrato, aislamiento y castigo<\/strong> contra presos pol\u00edticos n el centro penitenciario <strong>El Rodeo<\/strong>ubicado en el estado Miranda.<\/p>\n<div class=\"ruby-table-contents rbtoc table-fw\">\n<ul class=\"toc-content h5\">\n<li>Llamado a las autoridades<\/li>\n<li>M\u00e1s de 880 presos pol\u00edticos en Venezuela<\/li>\n<\/ul>\n<\/div>\n<p>De acuerdo con la denuncia, varios de los detenidos habr\u00edan sido <strong>sometidos a golpes, restricci\u00f3n de alimentos, suspensi\u00f3n de visitas y tratos humillantes<\/strong>lo que ha generado un clima de angustia e incertidumbre entre sus allegados.<\/p>\n<blockquote data-service=\"twitter\" data-category=\"marketing\" data-placeholder-image=\"https:\/\/eldiario.com\/wp-content\/plugins\/complianz-gdpr\/assets\/images\/placeholders\/twitter-minimal.jpg\" class=\"cmplz-placeholder-element twitter-tweet\">\n<p lang=\"es\" dir=\"ltr\"><a href=\"https:\/\/twitter.com\/hashtag\/ATENCI%C3%93N?src=hash&amp;ref_src=twsrc%5Etfw\">#ATENCI\u00d3N<\/a> Hemos recibido informes de familiares de personas detenidas por razones pol\u00edticas en la c\u00e1rcel de El Rodeo, quienes expresan su profunda preocupaci\u00f3n por situaciones de castigo, suspensi\u00f3n de visitas, aislamiento y maltrato hacia algunos de los detenidos, incluyendo\u2026<\/p>\n<p>\u2014 Justicia, Encuentro y Perd\u00f3n (@JEPvzla) <a href=\"https:\/\/twitter.com\/JEPvzla\/status\/1987181455571587143?ref_src=twsrc%5Etfw\">8 de noviembre de 2025<\/a><\/p><\/blockquote>\n<p>\u201c<strong>Hemos recibido informes de familiares que expresan su profunda preocupaci\u00f3n por castigos, aislamiento y maltrato hacia algunos detenidos<\/strong>incluyendo golpes y restricciones injustificadas\u201d, se\u00f1al\u00f3 la ONG en un comunicado difundido en sus redes sociales.<\/p>\n<h2 id=\"llamado-a-las-autoridades\" class=\"rb-heading-index-0-826806 wp-block-heading\"><strong>Llamado a las autoridades<\/strong><\/h2>\n<p>La organizaci\u00f3n reiter\u00f3 su <strong>llamado urgente a las autoridades venezolanas<\/strong> para que <strong>garanticen la integridad f\u00edsica, la vida y la dignidad de todas las personas privadas de libertad<\/strong>. Adem\u00e1s, exigi\u00f3 el <strong>cese inmediato de cualquier pr\u00e1ctica que ponga en riesgo su seguridad o vulnere sus derechos humanos<\/strong>.<\/p>\n<p>\u201cComo defensores de derechos humanos, acompa\u00f1amos a las familias en su preocupaci\u00f3n y reafirmamos nuestro compromiso con la protecci\u00f3n de los m\u00e1s vulnerables\u201d, expres\u00f3 Justicia, Encuentro y Perd\u00f3n, que adem\u00e1s exhort\u00f3 a que se adopten medidas inmediatas para <strong>asegurar condiciones seguras y humanas en los centros de reclusi\u00f3n<\/strong> del pa\u00eds.<\/p>\n<figure class=\"wp-block-image size-large\"><picture fetchpriority=\"high\" decoding=\"async\" class=\"wp-image-805104\"><source type=\"image\/webp\" sizes=\"(max-width: 1200px) 100vw, 1200px\" nitro-lazy-srcset=\"https:\/\/eldiario.com\/nitropack_static\/DWpklAePbJBFiBKvuTtiGMLbtJlHUqWt\/assets\/images\/optimized\/rev-4610e21\/eldiario.com\/wp-content\/uploads\/2025\/07\/b9b4ff28e2cace1f72fd3b247c25d62b646e32d3-1200x800.jpg.webp 1200w, https:\/\/eldiario.com\/nitropack_static\/DWpklAePbJBFiBKvuTtiGMLbtJlHUqWt\/assets\/images\/optimized\/rev-4610e21\/eldiario.com\/wp-content\/uploads\/2025\/07\/b9b4ff28e2cace1f72fd3b247c25d62b646e32d3-300x200.jpg.webp 300w, https:\/\/eldiario.com\/nitropack_static\/DWpklAePbJBFiBKvuTtiGMLbtJlHUqWt\/assets\/images\/optimized\/rev-4610e21\/eldiario.com\/wp-content\/uploads\/2025\/07\/b9b4ff28e2cace1f72fd3b247c25d62b646e32d3-768x512.jpg.webp 768w, https:\/\/eldiario.com\/nitropack_static\/DWpklAePbJBFiBKvuTtiGMLbtJlHUqWt\/assets\/images\/optimized\/rev-4610e21\/eldiario.com\/wp-content\/uploads\/2025\/07\/b9b4ff28e2cace1f72fd3b247c25d62b646e32d3-1536x1024.jpg.webp 1536w, https:\/\/eldiario.com\/nitropack_static\/DWpklAePbJBFiBKvuTtiGMLbtJlHUqWt\/assets\/images\/optimized\/rev-4610e21\/eldiario.com\/wp-content\/uploads\/2025\/07\/b9b4ff28e2cace1f72fd3b247c25d62b646e32d3-330x220.jpg.webp 330w, https:\/\/eldiario.com\/nitropack_static\/DWpklAePbJBFiBKvuTtiGMLbtJlHUqWt\/assets\/images\/optimized\/rev-4610e21\/eldiario.com\/wp-content\/uploads\/2025\/07\/b9b4ff28e2cace1f72fd3b247c25d62b646e32d3-420x280.jpg.webp 420w, https:\/\/eldiario.com\/nitropack_static\/DWpklAePbJBFiBKvuTtiGMLbtJlHUqWt\/assets\/images\/optimized\/rev-4610e21\/eldiario.com\/wp-content\/uploads\/2025\/07\/b9b4ff28e2cace1f72fd3b247c25d62b646e32d3-615x410.jpg.webp 615w, https:\/\/eldiario.com\/nitropack_static\/DWpklAePbJBFiBKvuTtiGMLbtJlHUqWt\/assets\/images\/optimized\/rev-4610e21\/eldiario.com\/wp-content\/uploads\/2025\/07\/b9b4ff28e2cace1f72fd3b247c25d62b646e32d3-860x574.jpg.webp 860w, https:\/\/eldiario.com\/nitropack_static\/DWpklAePbJBFiBKvuTtiGMLbtJlHUqWt\/assets\/images\/optimized\/rev-4610e21\/eldiario.com\/wp-content\/uploads\/2025\/07\/b9b4ff28e2cace1f72fd3b247c25d62b646e32d3-150x100.jpg.webp 150w, https:\/\/eldiario.com\/nitropack_static\/DWpklAePbJBFiBKvuTtiGMLbtJlHUqWt\/assets\/images\/optimized\/rev-4610e21\/eldiario.com\/wp-content\/uploads\/2025\/07\/b9b4ff28e2cace1f72fd3b247c25d62b646e32d3.jpg.webp 1600w\" nitro-lazy-empty=\"\" id=\"ODE5OjExOTU=-1\" srcset=\"data:image\/svg+xml;nitro-empty-id=ODE5OjExOTU=-1;base64,PHN2ZyB2aWV3Qm94PSIwIDAgMTIwMCA4MDAiIHdpZHRoPSIxMjAwIiBoZWlnaHQ9IjgwMCIgeG1sbnM9Imh0dHA6Ly93d3cudzMub3JnLzIwMDAvc3ZnIj48L3N2Zz4=\"\/><img fetchpriority=\"high\" width=\"1200\" height=\"800\" alt=\"#TeExplicamosElD\u00eda | Viernes 18 de julio\" sizes=\"(max-width: 1200px) 100vw, 1200px\" srcset=\"https:\/\/eldiario.com\/nitropack_static\/DWpklAePbJBFiBKvuTtiGMLbtJlHUqWt\/assets\/images\/optimized\/rev-4610e21\/eldiario.com\/wp-content\/uploads\/2025\/07\/b9b4ff28e2cace1f72fd3b247c25d62b646e32d3-1200x800.jpg 1200w, https:\/\/eldiario.com\/nitropack_static\/DWpklAePbJBFiBKvuTtiGMLbtJlHUqWt\/assets\/images\/optimized\/rev-4610e21\/eldiario.com\/wp-content\/uploads\/2025\/07\/b9b4ff28e2cace1f72fd3b247c25d62b646e32d3-300x200.jpg 300w, https:\/\/eldiario.com\/nitropack_static\/DWpklAePbJBFiBKvuTtiGMLbtJlHUqWt\/assets\/images\/optimized\/rev-4610e21\/eldiario.com\/wp-content\/uploads\/2025\/07\/b9b4ff28e2cace1f72fd3b247c25d62b646e32d3-768x512.jpg 768w, https:\/\/eldiario.com\/nitropack_static\/DWpklAePbJBFiBKvuTtiGMLbtJlHUqWt\/assets\/images\/optimized\/rev-4610e21\/eldiario.com\/wp-content\/uploads\/2025\/07\/b9b4ff28e2cace1f72fd3b247c25d62b646e32d3-1536x1024.jpg 1536w, https:\/\/eldiario.com\/nitropack_static\/DWpklAePbJBFiBKvuTtiGMLbtJlHUqWt\/assets\/images\/optimized\/rev-4610e21\/eldiario.com\/wp-content\/uploads\/2025\/07\/b9b4ff28e2cace1f72fd3b247c25d62b646e32d3-330x220.jpg 330w, https:\/\/eldiario.com\/nitropack_static\/DWpklAePbJBFiBKvuTtiGMLbtJlHUqWt\/assets\/images\/optimized\/rev-4610e21\/eldiario.com\/wp-content\/uploads\/2025\/07\/b9b4ff28e2cace1f72fd3b247c25d62b646e32d3-420x280.jpg 420w, https:\/\/eldiario.com\/nitropack_static\/DWpklAePbJBFiBKvuTtiGMLbtJlHUqWt\/assets\/images\/optimized\/rev-4610e21\/eldiario.com\/wp-content\/uploads\/2025\/07\/b9b4ff28e2cace1f72fd3b247c25d62b646e32d3-615x410.jpg 615w, https:\/\/eldiario.com\/nitropack_static\/DWpklAePbJBFiBKvuTtiGMLbtJlHUqWt\/assets\/images\/optimized\/rev-4610e21\/eldiario.com\/wp-content\/uploads\/2025\/07\/b9b4ff28e2cace1f72fd3b247c25d62b646e32d3-860x574.jpg 860w, https:\/\/eldiario.com\/nitropack_static\/DWpklAePbJBFiBKvuTtiGMLbtJlHUqWt\/assets\/images\/optimized\/rev-4610e21\/eldiario.com\/wp-content\/uploads\/2025\/07\/b9b4ff28e2cace1f72fd3b247c25d62b646e32d3-150x100.jpg 150w, https:\/\/eldiario.com\/nitropack_static\/DWpklAePbJBFiBKvuTtiGMLbtJlHUqWt\/assets\/images\/optimized\/rev-4610e21\/eldiario.com\/wp-content\/uploads\/2025\/07\/b9b4ff28e2cace1f72fd3b247c25d62b646e32d3.jpg 1600w\" src=\"https:\/\/eldiario.com\/nitropack_static\/DWpklAePbJBFiBKvuTtiGMLbtJlHUqWt\/assets\/images\/optimized\/rev-4610e21\/eldiario.com\/wp-content\/uploads\/2025\/07\/b9b4ff28e2cace1f72fd3b247c25d62b646e32d3-1200x800.jpg\" class=\"nitro-lazy\" decoding=\"async\" nitro-lazy-empty=\"\" id=\"ODIwOjEzNDQ=-1\"\/> <\/picture><figcaption class=\"wp-element-caption\">Piden libertad para los presos pol\u00edticos. Foto: EFE<\/figcaption><\/figure>\n<p>La ONG tambi\u00e9n record\u00f3 que <strong>detr\u00e1s de cada informe hay personas y familias que merecen protecci\u00f3n, justicia y apoyo<\/strong>. Insisti\u00f3 en la necesidad de <strong>transparencia, respeto y rendici\u00f3n de cuentas<\/strong> sobre la situaci\u00f3n de los presos pol\u00edticos en Venezuela.<\/p>\n<p>\u201c<strong>La vida, la integridad y la dignidad de cada persona deben ser siempre respetadas<\/strong>\u201d, concluy\u00f3 la organizaci\u00f3n, que anunci\u00f3 que <strong>seguir\u00e1 monitoreando el caso<\/strong>.<\/p>\n<h2 id=\"mas-de-880-presos-politicos-en-venezuela\" class=\"rb-heading-index-1-826806 wp-block-heading\"><strong>M\u00e1s de 880 presos pol\u00edticos en Venezuela <\/strong><\/h2>\n<p>La ONG Foro Penal contabiliza en Venezuela <strong>884 presos pol\u00edticos, de los cuales 85 tienen otra ciudadan\u00eda o doble nacionalidad, <\/strong>seg\u00fan un bolet\u00edn que tiene como fecha de corte el 3 de noviembre.<\/p>\n<p>En el reporte, publicado en la red social X, la organizaci\u00f3n no gubernamental detall\u00f3 que <strong>entre los detenidos hay 767 hombres y 117 mujeres.<\/strong> El listado especifica que 880 son adultos y cuatro adolescentes de entre 14 y 17 a\u00f1os.<\/p>\n<p>Del total, 711 son civiles y 173 militares, indic\u00f3 Foro Penal, que subray\u00f3 que <strong>este listado \u00abno incluye, todav\u00eda, a todos los que han sido arrestados<\/strong> y liberados o se mantienen bajo arresto a corto plazo (48 horas)\u00bb.<\/p>\n<p><em>Este contenido incluye redacci\u00f3n realizada con la inteligencia artificial de ChatGPT. Supervisado y verificado por el equipo editorial. Conoce nuestra pol\u00edtica de uso de IA<\/em><em> <\/em>aqu\u00ed.<\/p>\n<\/p><\/div>\n<p><script async src=\"https:\/\/platform.twitter.com\/widgets.js\" charset=\"utf-8\"><\/script><br \/>\n<br \/>\n","protected":false},"excerpt":{"rendered":"<p>La organizaci\u00f3n no gubernamental (ONG) Justicia, Encuentro y Perd\u00f3n denunci\u00f3 este s\u00e1bado 8 de noviembre que los familiares han reportado situaciones de maltrato, aislamiento y castigo contra presos pol\u00edticos n el centro penitenciario El Rodeoubicado en el estado Miranda. Llamado a las autoridades M\u00e1s de 880 presos pol\u00edticos en Venezuela De acuerdo con la denuncia, &hellip;<\/p>\n","protected":false},"author":1,"featured_media":49291,"comment_status":"open","ping_status":"open","sticky":false,"template":"","format":"standard","meta":{"fifu_image_url":"https:\/\/eldiario.com\/wp-content\/uploads\/2025\/05\/jail-4759939-1920.jpg","fifu_image_alt":"","footnotes":""},"categories":[13],"tags":[],"class_list":["post-49289","post","type-post","status-publish","format-standard","has-post-thumbnail","","category-mundo"],"_links":{"self":[{"href":"https:\/\/noticiasveraces.com\/index.php?rest_route=\/wp\/v2\/posts\/49289","targetHints":{"allow":["GET"]}}],"collection":[{"href":"https:\/\/noticiasveraces.com\/index.php?rest_route=\/wp\/v2\/posts"}],"about":[{"href":"https:\/\/noticiasveraces.com\/index.php?rest_route=\/wp\/v2\/types\/post"}],"author":[{"embeddable":true,"href":"https:\/\/noticiasveraces.com\/index.php?rest_route=\/wp\/v2\/users\/1"}],"replies":[{"embeddable":true,"href":"https:\/\/noticiasveraces.com\/index.php?rest_route=%2Fwp%2Fv2%2Fcomments&post=49289"}],"version-history":[{"count":0,"href":"https:\/\/noticiasveraces.com\/index.php?rest_route=\/wp\/v2\/posts\/49289\/revisions"}],"wp:featuredmedia":[{"embeddable":true,"href":"https:\/\/noticiasveraces.com\/index.php?rest_route=\/wp\/v2\/media\/49291"}],"wp:attachment":[{"href":"https:\/\/noticiasveraces.com\/index.php?rest_route=%2Fwp%2Fv2%2Fmedia&parent=49289"}],"wp:term":[{"taxonomy":"category","embeddable":true,"href":"https:\/\/noticiasveraces.com\/index.php?rest_route=%2Fwp%2Fv2%2Fcategories&post=49289"},{"taxonomy":"post_tag","embeddable":true,"href":"https:\/\/noticiasveraces.com\/index.php?rest_route=%2Fwp%2Fv2%2Ftags&post=49289"}],"curies":[{"name":"wp","href":"https:\/\/api.w.org\/{rel}","templated":true}]}}