{"id":49272,"date":"2025-11-10T00:54:13","date_gmt":"2025-11-10T04:54:13","guid":{"rendered":"https:\/\/noticiasveraces.com\/?p=49272"},"modified":"2025-11-10T00:54:13","modified_gmt":"2025-11-10T04:54:13","slug":"el-problema-de-los-fanaticos-reales-con-la-salida-de-meghan-markle-el-fin-de-semana-del-recuerdo-real-noticias","status":"publish","type":"post","link":"https:\/\/noticiasveraces.com\/?p=49272","title":{"rendered":"El problema de los fan\u00e1ticos reales con la salida de Meghan Markle el fin de semana del Recuerdo | Real | Noticias"},"content":{"rendered":"<p> \n<\/p>\n<div>\n<p data-mce-linkchecker-status=\"valid\">El pr\u00edncipe Harry y Meghan Markle asistieron a eventos deslumbrantes en Los \u00c1ngeles y los fan\u00e1ticos reales ten\u00edan una queja que presentar. El duque y la duquesa de Sussex hicieron dos apariciones el s\u00e1bado por la noche, horas despu\u00e9s de que la Familia Real asistiera al Festival del Recuerdo en el Royal Albert Hall y antes de la sombr\u00eda ceremonia del domingo en el Cenotafio.<\/p>\n<p>Harry y Meghan fueron fotografiados en la gala anual de Baby2Baby para apoyar a su amiga, Serena Williams, quien fue honrada en el evento, antes de dirigirse a la fiesta de cumplea\u00f1os de Kris Jenner. Para la feliz ocasi\u00f3n, la pareja luci\u00f3 glamorosa, con Harry luciendo un esmoquin y Meghan vestida completamente de negro.<\/p>\n<p>Sin embargo, la blusa de cuello alto de Meghan parec\u00eda tener un tono de negro diferente o un material diferente al de su falda negra y los fan\u00e1ticos reales no quedaron impresionados.<\/p>\n<\/div>\n<div>\n<p>Varios de ellos recurrieron a las redes sociales para expresar su desaprobaci\u00f3n, y un usuario escribi\u00f3 en Instagram: \u00abUn jersey de cuello alto con falda, y ni siquiera son del mismo tono de negro. Extra\u00f1a elecci\u00f3n para un evento de gala\u00bb.<\/p>\n<p>Un segundo dijo: \u00abEstoy sinceramente horrorizado\u00bb.<\/p>\n<p>Una tercera a\u00f1adi\u00f3: \u00abLo \u00fanico que me molesta son los diferentes tonos de negro (top y falda). No siempre es visible, pero cuando lo ves, no puedes dejar de verlo\u00bb.<\/p>\n<p>Otro coment\u00f3: \u201cMe pregunto que la parte de arriba y la de abajo lucen iguales al vestirse\u201d.<\/p>\n<\/div>\n<div>\n<p>Un quinto pregunt\u00f3: \u00abFinalmente encontr\u00e9 un conjunto de MM que no me gusta. \u00bfPor qu\u00e9 la falda y el top no combinan???\u00bb<\/p>\n<p>Alguien m\u00e1s coment\u00f3: \u201cMe encantan los zapatos, pero el cuello parece [a] un poco extra\u00f1o y no me gusta la diferencia en el tono, pero nuevamente me encantan los zapatos\u201d.<\/p>\n<p>Esa misma noche, la pareja de Sussex hizo un nuevo anuncio, a trav\u00e9s de su Fundaci\u00f3n Archewell, sobre sus esfuerzos filantr\u00f3picos en medio de la \u00abcreciente crisis de hambre\u00bb en Estados Unidos.<\/p>\n<\/div>\n\n","protected":false},"excerpt":{"rendered":"<p>El pr\u00edncipe Harry y Meghan Markle asistieron a eventos deslumbrantes en Los \u00c1ngeles y los fan\u00e1ticos reales ten\u00edan una queja que presentar. El duque y la duquesa de Sussex hicieron dos apariciones el s\u00e1bado por la noche, horas despu\u00e9s de que la Familia Real asistiera al Festival del Recuerdo en el Royal Albert Hall y &hellip;<\/p>\n","protected":false},"author":1,"featured_media":49273,"comment_status":"open","ping_status":"open","sticky":false,"template":"","format":"standard","meta":{"fifu_image_url":"https:\/\/cdn.images.express.co.uk\/img\/dynamic\/106\/1200x630\/6541125.jpg","fifu_image_alt":"","footnotes":""},"categories":[763],"tags":[],"class_list":["post-49272","post","type-post","status-publish","format-standard","has-post-thumbnail","","category-estilo-de-vida"],"_links":{"self":[{"href":"https:\/\/noticiasveraces.com\/index.php?rest_route=\/wp\/v2\/posts\/49272","targetHints":{"allow":["GET"]}}],"collection":[{"href":"https:\/\/noticiasveraces.com\/index.php?rest_route=\/wp\/v2\/posts"}],"about":[{"href":"https:\/\/noticiasveraces.com\/index.php?rest_route=\/wp\/v2\/types\/post"}],"author":[{"embeddable":true,"href":"https:\/\/noticiasveraces.com\/index.php?rest_route=\/wp\/v2\/users\/1"}],"replies":[{"embeddable":true,"href":"https:\/\/noticiasveraces.com\/index.php?rest_route=%2Fwp%2Fv2%2Fcomments&post=49272"}],"version-history":[{"count":0,"href":"https:\/\/noticiasveraces.com\/index.php?rest_route=\/wp\/v2\/posts\/49272\/revisions"}],"wp:featuredmedia":[{"embeddable":true,"href":"https:\/\/noticiasveraces.com\/index.php?rest_route=\/wp\/v2\/media\/49273"}],"wp:attachment":[{"href":"https:\/\/noticiasveraces.com\/index.php?rest_route=%2Fwp%2Fv2%2Fmedia&parent=49272"}],"wp:term":[{"taxonomy":"category","embeddable":true,"href":"https:\/\/noticiasveraces.com\/index.php?rest_route=%2Fwp%2Fv2%2Fcategories&post=49272"},{"taxonomy":"post_tag","embeddable":true,"href":"https:\/\/noticiasveraces.com\/index.php?rest_route=%2Fwp%2Fv2%2Ftags&post=49272"}],"curies":[{"name":"wp","href":"https:\/\/api.w.org\/{rel}","templated":true}]}}