{"id":49258,"date":"2025-11-09T23:05:07","date_gmt":"2025-11-10T03:05:07","guid":{"rendered":"https:\/\/noticiasveraces.com\/?p=49258"},"modified":"2025-11-09T23:05:07","modified_gmt":"2025-11-10T03:05:07","slug":"al-menos-21-presos-muertos-en-una-carcel-de-provincia-ecuatoriana-fronteriza-con-peru-albertonews","status":"publish","type":"post","link":"https:\/\/noticiasveraces.com\/?p=49258","title":{"rendered":"Al menos 21 presos muertos en una c\u00e1rcel de provincia ecuatoriana fronteriza con Per\u00fa &#8211; AlbertoNews"},"content":{"rendered":"<p> \n<\/p>\n<div>\n<p>Al menos 21 reos fueron hallados sin vida la tarde de este domingo en una c\u00e1rcel de Machala, en la provincia ecuatoriana de El Oro, fronteriza con Per\u00fa, inform\u00f3 la prensa local, basada en informes preliminares de la Polic\u00eda.<\/p>\n<p>El hecho ocurri\u00f3 en la tarde \u00aben la tercera planta del centro penitenciario (\u2026). Los primeros indicios apuntan a que las muertes habr\u00edan sido producto de asfixia, aunque las causas exactas est\u00e1n a\u00fan por determinarse\u00bb, indic\u00f3 el portal digital Primicias, que apunt\u00f3 que al menos 21 presos \u00abfueron encontrados sin vida en el lugar\u00bb.<\/p>\n<p>En la madrugada de este domingo en esa misma c\u00e1rcel murieron otros cuatro reos y 33 resultaron heridos, seg\u00fan el Servicio Nacional de Atenci\u00f3n Integral a Personas Adultas Privadas de la Libertad y Adolescentes Infractores (Snai) que, sin m\u00e1s detalles, atribuy\u00f3 ese hecho a la \u00abreorganizaci\u00f3n de los privados de libertad en la nueva c\u00e1rcel de m\u00e1xima seguridad\u00bb.<\/p>\n<p>EFE<\/p>\n<p><strong>Si quieres recibir en tu celular esta y otras informaciones descarga Telegram, ingresa al link <\/strong><strong>https:\/\/t.me\/albertorodnews<\/strong><strong> y dale click a +Unirme.  <\/strong><\/p>\n<p><strong>Alberto Noticias<\/strong><\/p>\n<\/p><\/div>\n\n","protected":false},"excerpt":{"rendered":"<p>Al menos 21 reos fueron hallados sin vida la tarde de este domingo en una c\u00e1rcel de Machala, en la provincia ecuatoriana de El Oro, fronteriza con Per\u00fa, inform\u00f3 la prensa local, basada en informes preliminares de la Polic\u00eda. El hecho ocurri\u00f3 en la tarde \u00aben la tercera planta del centro penitenciario (\u2026). Los primeros &hellip;<\/p>\n","protected":false},"author":1,"featured_media":49259,"comment_status":"open","ping_status":"open","sticky":false,"template":"","format":"standard","meta":{"fifu_image_url":"https:\/\/bitlyanews.com\/wp-content\/uploads\/2025\/11\/carcel-ecuador.jpg","fifu_image_alt":"","footnotes":""},"categories":[13],"tags":[],"class_list":["post-49258","post","type-post","status-publish","format-standard","has-post-thumbnail","","category-mundo"],"_links":{"self":[{"href":"https:\/\/noticiasveraces.com\/index.php?rest_route=\/wp\/v2\/posts\/49258","targetHints":{"allow":["GET"]}}],"collection":[{"href":"https:\/\/noticiasveraces.com\/index.php?rest_route=\/wp\/v2\/posts"}],"about":[{"href":"https:\/\/noticiasveraces.com\/index.php?rest_route=\/wp\/v2\/types\/post"}],"author":[{"embeddable":true,"href":"https:\/\/noticiasveraces.com\/index.php?rest_route=\/wp\/v2\/users\/1"}],"replies":[{"embeddable":true,"href":"https:\/\/noticiasveraces.com\/index.php?rest_route=%2Fwp%2Fv2%2Fcomments&post=49258"}],"version-history":[{"count":0,"href":"https:\/\/noticiasveraces.com\/index.php?rest_route=\/wp\/v2\/posts\/49258\/revisions"}],"wp:featuredmedia":[{"embeddable":true,"href":"https:\/\/noticiasveraces.com\/index.php?rest_route=\/wp\/v2\/media\/49259"}],"wp:attachment":[{"href":"https:\/\/noticiasveraces.com\/index.php?rest_route=%2Fwp%2Fv2%2Fmedia&parent=49258"}],"wp:term":[{"taxonomy":"category","embeddable":true,"href":"https:\/\/noticiasveraces.com\/index.php?rest_route=%2Fwp%2Fv2%2Fcategories&post=49258"},{"taxonomy":"post_tag","embeddable":true,"href":"https:\/\/noticiasveraces.com\/index.php?rest_route=%2Fwp%2Fv2%2Ftags&post=49258"}],"curies":[{"name":"wp","href":"https:\/\/api.w.org\/{rel}","templated":true}]}}