{"id":49205,"date":"2025-11-09T12:19:20","date_gmt":"2025-11-09T16:19:20","guid":{"rendered":"https:\/\/noticiasveraces.com\/?p=49205"},"modified":"2025-11-09T12:19:20","modified_gmt":"2025-11-09T16:19:20","slug":"walter-bingham-superviviente-de-la-kristallnacht-advierte-sobre-el-creciente-antisemitismo-actual","status":"publish","type":"post","link":"https:\/\/noticiasveraces.com\/?p=49205","title":{"rendered":"Walter Bingham, superviviente de la Kristallnacht, advierte sobre el creciente antisemitismo actual"},"content":{"rendered":"<p> \n<\/p>\n<div>\n<div id=\"beyondwords-wrapper\" class=\"beyondwords-wrapper\">\n<p><span class=\"label-bg\">NUEVO<\/span>\u00a1Ahora puedes escuchar los art\u00edculos de Fox News!\n  <\/p>\n<\/div>\n<p class=\"speakable\">Ochenta y siete a\u00f1os despu\u00e9s de sobrevivir al terror de la Kristallnacht, un sobreviviente del Holocausto de 101 a\u00f1os dice que el mundo actual se siente alarmantemente similar a la Alemania nazi de 1938.<\/p>\n<p class=\"speakable\">Walter Bingham ten\u00eda 14 a\u00f1os cuando los nazis y otros alemanes atacaron negocios, tiendas, hogares y lugares de culto jud\u00edos.<\/p>\n<p>Durante la Kristallnacht, com\u00fanmente conocida como la \u00abNoche de los cristales rotos\u00bb, los nazis quemaron m\u00e1s de 1.400 sinagogas, destrozaron miles de negocios de propiedad jud\u00eda, irrumpieron en apartamentos y hogares de jud\u00edos y profanaron objetos religiosos jud\u00edos, seg\u00fan el Museo Conmemorativo del Holocausto de Estados Unidos.<\/p>\n<p>Aproximadamente 26.000 hombres tambi\u00e9n fueron arrestados y enviados a campos de concentraci\u00f3n por ser jud\u00edos.<\/p>\n<p><strong>ESTADOS UNIDOS REGISTRA LA MAYOR\u00cdA DE LOS BROTES DE ANTISEMITISMO GLOBAL EN AGOSTO: INFORME DE WATCHDOG<\/strong><\/p>\n<div class=\"image-ct inline\">\n<div class=\"m\"><picture><source media=\"(max-width: 767px)\" srcset=\"https:\/\/a57.foxnews.com\/static.foxnews.com\/foxnews.com\/content\/uploads\/2025\/11\/343\/192\/kristallnacht.jpg?ve=1&amp;tl=1, https:\/\/a57.foxnews.com\/static.foxnews.com\/foxnews.com\/content\/uploads\/2025\/11\/686\/384\/kristallnacht.jpg?ve=1&amp;tl=1 2x\" height=\"192\" width=\"343\"><source media=\"(min-width: 768px) and (max-width: 1023px)\" srcset=\"https:\/\/a57.foxnews.com\/static.foxnews.com\/foxnews.com\/content\/uploads\/2025\/11\/672\/378\/kristallnacht.jpg?ve=1&amp;tl=1, https:\/\/a57.foxnews.com\/static.foxnews.com\/foxnews.com\/content\/uploads\/2025\/11\/1344\/756\/kristallnacht.jpg?ve=1&amp;tl=1 2x\" height=\"378\" width=\"672\"><source media=\"(min-width: 1024px) and (max-width: 1279px)\" srcset=\"https:\/\/a57.foxnews.com\/static.foxnews.com\/foxnews.com\/content\/uploads\/2025\/11\/931\/523\/kristallnacht.jpg?ve=1&amp;tl=1, https:\/\/a57.foxnews.com\/static.foxnews.com\/foxnews.com\/content\/uploads\/2025\/11\/1862\/1046\/kristallnacht.jpg?ve=1&amp;tl=1 2x\" height=\"523\" width=\"931\"><source media=\"(min-width: 1280px)\" srcset=\"https:\/\/a57.foxnews.com\/static.foxnews.com\/foxnews.com\/content\/uploads\/2025\/11\/720\/405\/kristallnacht.jpg?ve=1&amp;tl=1, https:\/\/a57.foxnews.com\/static.foxnews.com\/foxnews.com\/content\/uploads\/2025\/11\/1440\/810\/kristallnacht.jpg?ve=1&amp;tl=1 2x\" height=\"405\" width=\"720\"><img loading=\"lazy\" decoding=\"async\" src=\"https:\/\/a57.foxnews.com\/static.foxnews.com\/foxnews.com\/content\/uploads\/2025\/11\/1200\/675\/kristallnacht.jpg?ve=1&amp;tl=1\" alt=\"Un escaparate destrozado muestra signos de destrucci\u00f3n selectiva en medio de la creciente persecuci\u00f3n en la Alemania nazi.\" width=\"1200\" height=\"675\"\/><\/source><\/source><\/source><\/source><\/picture><\/div>\n<div class=\"info\">\n<div class=\"caption\">\n<p><span>Una tienda de propiedad jud\u00eda est\u00e1 destrozada con graffitis antisemitas tras los ataques nazis en 1938.<\/span> <span>(Im\u00e1genes de History\/Universal Images Group\/Getty)<\/span><\/p>\n<\/div>\n<\/div>\n<\/div>\n<p>Bingham, de 101 a\u00f1os, dijo a The Associated Press que el clima actual contra los jud\u00edos y los crecientes casos de antisemitismo tras la guerra entre Israel y Hamas recuerdan aquellos tiempos oscuros.<\/p>\n<p>\u00abVivimos en una \u00e9poca equivalente a 1938, donde se queman sinagogas y se ataca a la gente en la calle\u00bb, afirm\u00f3.<\/p>\n<div class=\"image-ct inline\">\n<div class=\"m\"><picture><source media=\"(max-width: 767px)\" srcset=\"https:\/\/a57.foxnews.com\/static.foxnews.com\/foxnews.com\/content\/uploads\/2025\/11\/343\/192\/walter-bingham.jpg?ve=1&amp;tl=1, https:\/\/a57.foxnews.com\/static.foxnews.com\/foxnews.com\/content\/uploads\/2025\/11\/686\/384\/walter-bingham.jpg?ve=1&amp;tl=1 2x\" height=\"192\" width=\"343\"><source media=\"(min-width: 768px) and (max-width: 1023px)\" srcset=\"https:\/\/a57.foxnews.com\/static.foxnews.com\/foxnews.com\/content\/uploads\/2025\/11\/672\/378\/walter-bingham.jpg?ve=1&amp;tl=1, https:\/\/a57.foxnews.com\/static.foxnews.com\/foxnews.com\/content\/uploads\/2025\/11\/1344\/756\/walter-bingham.jpg?ve=1&amp;tl=1 2x\" height=\"378\" width=\"672\"><source media=\"(min-width: 1024px) and (max-width: 1279px)\" srcset=\"https:\/\/a57.foxnews.com\/static.foxnews.com\/foxnews.com\/content\/uploads\/2025\/11\/931\/523\/walter-bingham.jpg?ve=1&amp;tl=1, https:\/\/a57.foxnews.com\/static.foxnews.com\/foxnews.com\/content\/uploads\/2025\/11\/1862\/1046\/walter-bingham.jpg?ve=1&amp;tl=1 2x\" height=\"523\" width=\"931\"><source media=\"(min-width: 1280px)\" srcset=\"https:\/\/a57.foxnews.com\/static.foxnews.com\/foxnews.com\/content\/uploads\/2025\/11\/720\/405\/walter-bingham.jpg?ve=1&amp;tl=1, https:\/\/a57.foxnews.com\/static.foxnews.com\/foxnews.com\/content\/uploads\/2025\/11\/1440\/810\/walter-bingham.jpg?ve=1&amp;tl=1 2x\" height=\"405\" width=\"720\"><img loading=\"lazy\" decoding=\"async\" src=\"https:\/\/a57.foxnews.com\/static.foxnews.com\/foxnews.com\/content\/uploads\/2025\/11\/1200\/675\/walter-bingham.jpg?ve=1&amp;tl=1\" alt=\"Un anciano se encuentra dentro de una sinagoga, prepar\u00e1ndose para conmemorar un evento hist\u00f3rico relacionado con la persecuci\u00f3n jud\u00eda.\" width=\"1200\" height=\"675\"\/><\/source><\/source><\/source><\/source><\/picture><\/div>\n<div class=\"info\">\n<div class=\"caption\">\n<p><span>Walter Bingham, sobreviviente del Holocausto, de 101 a\u00f1os, posa en la Gran Sinagoga de Jerusal\u00e9n el 5 de noviembre de 2025, antes del 87\u00ba aniversario de la Kristallnacht.<\/span> <span>(Leo Correa\/AP)<\/span><\/p>\n<\/div>\n<\/div>\n<\/div>\n<p><strong>NIETO DEL EX COMANDANTE DE AUSCHWITZ SOBRE EL AUMENTO DEL ANTISEMITISMO, SU VIDA COMO PASTOR <\/strong><\/p>\n<p>Una sinagoga en Manchester fue el objetivo de un mortal ataque terrorista en Yom Kippur en octubre, cuando un hombre embisti\u00f3 con un autom\u00f3vil a los fieles y apu\u00f1al\u00f3 a las v\u00edctimas afuera de la Congregaci\u00f3n Hebrea de Heaton Park, matando a dos hombres jud\u00edos.<\/p>\n<p>Una sinagoga en Melbourne, Australia, tambi\u00e9n fue incendiada el a\u00f1o pasado en un acto que fue condenado como un ataque antisemita por el primer ministro del pa\u00eds.<\/p>\n<p>En 2024, la Liga Antidifamaci\u00f3n inform\u00f3 9.354 incidentes antisemitas en todo Estados Unidos: un aumento del 5% desde 2023, un aumento del 344% en los \u00faltimos cinco a\u00f1os y un aumento del 893% en la \u00faltima d\u00e9cada.<\/p>\n<div class=\"image-ct inline\">\n<div class=\"m\"><picture><source media=\"(max-width: 767px)\" srcset=\"https:\/\/a57.foxnews.com\/static.foxnews.com\/foxnews.com\/content\/uploads\/2025\/11\/343\/192\/manchester-attack.jpg?ve=1&amp;tl=1, https:\/\/a57.foxnews.com\/static.foxnews.com\/foxnews.com\/content\/uploads\/2025\/11\/686\/384\/manchester-attack.jpg?ve=1&amp;tl=1 2x\" height=\"192\" width=\"343\"><source media=\"(min-width: 768px) and (max-width: 1023px)\" srcset=\"https:\/\/a57.foxnews.com\/static.foxnews.com\/foxnews.com\/content\/uploads\/2025\/11\/672\/378\/manchester-attack.jpg?ve=1&amp;tl=1, https:\/\/a57.foxnews.com\/static.foxnews.com\/foxnews.com\/content\/uploads\/2025\/11\/1344\/756\/manchester-attack.jpg?ve=1&amp;tl=1 2x\" height=\"378\" width=\"672\"><source media=\"(min-width: 1024px) and (max-width: 1279px)\" srcset=\"https:\/\/a57.foxnews.com\/static.foxnews.com\/foxnews.com\/content\/uploads\/2025\/11\/931\/523\/manchester-attack.jpg?ve=1&amp;tl=1, https:\/\/a57.foxnews.com\/static.foxnews.com\/foxnews.com\/content\/uploads\/2025\/11\/1862\/1046\/manchester-attack.jpg?ve=1&amp;tl=1 2x\" height=\"523\" width=\"931\"><source media=\"(min-width: 1280px)\" srcset=\"https:\/\/a57.foxnews.com\/static.foxnews.com\/foxnews.com\/content\/uploads\/2025\/11\/720\/405\/manchester-attack.jpg?ve=1&amp;tl=1, https:\/\/a57.foxnews.com\/static.foxnews.com\/foxnews.com\/content\/uploads\/2025\/11\/1440\/810\/manchester-attack.jpg?ve=1&amp;tl=1 2x\" height=\"405\" width=\"720\"><img loading=\"lazy\" decoding=\"async\" src=\"https:\/\/a57.foxnews.com\/static.foxnews.com\/foxnews.com\/content\/uploads\/2025\/11\/1200\/675\/manchester-attack.jpg?ve=1&amp;tl=1\" alt=\"La gente se re\u00fane afuera para mostrar solidaridad contra el antisemitismo.\" width=\"1200\" height=\"675\"\/><\/source><\/source><\/source><\/source><\/picture><\/div>\n<div class=\"info\">\n<div class=\"caption\">\n<p><span>Manifestantes envueltos en banderas israel\u00edes se manifiestan frente a Downing Street en Westminster el 9 de octubre de 2025, durante una manifestaci\u00f3n de la Campa\u00f1a contra el Antisemitismo que marca una semana desde el ataque a la sinagoga de Manchester.<\/span> <span>(Lucy Norte\/PA Images\/Getty)<\/span><\/p>\n<\/div>\n<\/div>\n<\/div>\n<p>\u00abNo creo que el antisemitismo desaparezca nunca por completo porque es la panacea para todos los males del mundo\u00bb, dijo Bingham a The Associated Press.<\/p>\n<p>Dijo que vivir en el clima actual es inquietantemente similar al de Alemania antes de la guerra, pero ve una distinci\u00f3n importante.<\/p>\n<p>\u00abEn aquellos d\u00edas, la mentalidad jud\u00eda era de disculpa\u00bb, explic\u00f3 Bingham. \u00abPor favor, no me hagas nada, yo no te har\u00e9 nada\u00bb.<\/p>\n<div class=\"image-ct inline\">\n<div class=\"m\"><picture><source media=\"(max-width: 767px)\" srcset=\"https:\/\/a57.foxnews.com\/static.foxnews.com\/foxnews.com\/content\/uploads\/2025\/07\/343\/192\/israel-gaza.jpg?ve=1&amp;tl=1, https:\/\/a57.foxnews.com\/static.foxnews.com\/foxnews.com\/content\/uploads\/2025\/07\/686\/384\/israel-gaza.jpg?ve=1&amp;tl=1 2x\" height=\"192\" width=\"343\"><source media=\"(min-width: 768px) and (max-width: 1023px)\" srcset=\"https:\/\/a57.foxnews.com\/static.foxnews.com\/foxnews.com\/content\/uploads\/2025\/07\/672\/378\/israel-gaza.jpg?ve=1&amp;tl=1, https:\/\/a57.foxnews.com\/static.foxnews.com\/foxnews.com\/content\/uploads\/2025\/07\/1344\/756\/israel-gaza.jpg?ve=1&amp;tl=1 2x\" height=\"378\" width=\"672\"><source media=\"(min-width: 1024px) and (max-width: 1279px)\" srcset=\"https:\/\/a57.foxnews.com\/static.foxnews.com\/foxnews.com\/content\/uploads\/2025\/07\/931\/523\/israel-gaza.jpg?ve=1&amp;tl=1, https:\/\/a57.foxnews.com\/static.foxnews.com\/foxnews.com\/content\/uploads\/2025\/07\/1862\/1046\/israel-gaza.jpg?ve=1&amp;tl=1 2x\" height=\"523\" width=\"931\"><source media=\"(min-width: 1280px)\" srcset=\"https:\/\/a57.foxnews.com\/static.foxnews.com\/foxnews.com\/content\/uploads\/2025\/07\/720\/405\/israel-gaza.jpg?ve=1&amp;tl=1, https:\/\/a57.foxnews.com\/static.foxnews.com\/foxnews.com\/content\/uploads\/2025\/07\/1440\/810\/israel-gaza.jpg?ve=1&amp;tl=1 2x\" height=\"405\" width=\"720\"><img loading=\"lazy\" decoding=\"async\" src=\"https:\/\/a57.foxnews.com\/static.foxnews.com\/foxnews.com\/content\/uploads\/2025\/07\/1200\/675\/israel-gaza.jpg?ve=1&amp;tl=1\" alt=\"Soldados israel\u00edes vigilan el norte de la Franja de Gaza desde el sur de Israel.\" width=\"1200\" height=\"675\"\/><\/source><\/source><\/source><\/source><\/picture><\/div>\n<div class=\"info\">\n<div class=\"caption\">\n<p><span>Soldados israel\u00edes vigilan el norte de la Franja de Gaza desde el sur de Israel, el 30 de julio de 2025.<\/span> <span>(Foto AP\/Ohad Zwigenberg)<\/span><\/p>\n<\/div>\n<\/div>\n<\/div>\n<p><strong>HAGA CLIC AQU\u00cd PARA DESCARGAR LA APLICACI\u00d3N FOX NEWS<\/strong><\/p>\n<p>\u00abHoy tenemos, gracias a Dios, el Estado de Israel, un Estado muy fuerte\u00bb, afirm\u00f3. \u00abY aunque el antisemitismo sigue aumentando, lo \u00fanico que no suceder\u00e1 ser\u00eda un Holocausto, porque el Estado se encargar\u00e1 de que eso no suceda\u00bb.<\/p>\n<p> <!----> <\/p>\n<div class=\"article-meta\">\n<div class=\"author-bio\">\n<p>Ashley Carnahan es escritora de Fox News Digital.<\/p>\n<\/div>\n<\/div>\n<\/div>\n\n","protected":false},"excerpt":{"rendered":"<p>NUEVO\u00a1Ahora puedes escuchar los art\u00edculos de Fox News! Ochenta y siete a\u00f1os despu\u00e9s de sobrevivir al terror de la Kristallnacht, un sobreviviente del Holocausto de 101 a\u00f1os dice que el mundo actual se siente alarmantemente similar a la Alemania nazi de 1938. Walter Bingham ten\u00eda 14 a\u00f1os cuando los nazis y otros alemanes atacaron negocios, &hellip;<\/p>\n","protected":false},"author":1,"featured_media":49207,"comment_status":"open","ping_status":"open","sticky":false,"template":"","format":"standard","meta":{"fifu_image_url":"https:\/\/static.foxnews.com\/foxnews.com\/content\/uploads\/2025\/11\/walter-bingham-kristallnacht-anniversary.jpg","fifu_image_alt":"","footnotes":""},"categories":[13],"tags":[],"class_list":["post-49205","post","type-post","status-publish","format-standard","has-post-thumbnail","","category-mundo"],"_links":{"self":[{"href":"https:\/\/noticiasveraces.com\/index.php?rest_route=\/wp\/v2\/posts\/49205","targetHints":{"allow":["GET"]}}],"collection":[{"href":"https:\/\/noticiasveraces.com\/index.php?rest_route=\/wp\/v2\/posts"}],"about":[{"href":"https:\/\/noticiasveraces.com\/index.php?rest_route=\/wp\/v2\/types\/post"}],"author":[{"embeddable":true,"href":"https:\/\/noticiasveraces.com\/index.php?rest_route=\/wp\/v2\/users\/1"}],"replies":[{"embeddable":true,"href":"https:\/\/noticiasveraces.com\/index.php?rest_route=%2Fwp%2Fv2%2Fcomments&post=49205"}],"version-history":[{"count":0,"href":"https:\/\/noticiasveraces.com\/index.php?rest_route=\/wp\/v2\/posts\/49205\/revisions"}],"wp:featuredmedia":[{"embeddable":true,"href":"https:\/\/noticiasveraces.com\/index.php?rest_route=\/wp\/v2\/media\/49207"}],"wp:attachment":[{"href":"https:\/\/noticiasveraces.com\/index.php?rest_route=%2Fwp%2Fv2%2Fmedia&parent=49205"}],"wp:term":[{"taxonomy":"category","embeddable":true,"href":"https:\/\/noticiasveraces.com\/index.php?rest_route=%2Fwp%2Fv2%2Fcategories&post=49205"},{"taxonomy":"post_tag","embeddable":true,"href":"https:\/\/noticiasveraces.com\/index.php?rest_route=%2Fwp%2Fv2%2Ftags&post=49205"}],"curies":[{"name":"wp","href":"https:\/\/api.w.org\/{rel}","templated":true}]}}