{"id":49190,"date":"2025-11-09T09:51:19","date_gmt":"2025-11-09T13:51:19","guid":{"rendered":"https:\/\/noticiasveraces.com\/?p=49190"},"modified":"2025-11-09T09:51:19","modified_gmt":"2025-11-09T13:51:19","slug":"pelicula-de-guerra-desgarradora-y-hermosa-en-la-bbc-esta-noche-peliculas-entretenimiento","status":"publish","type":"post","link":"https:\/\/noticiasveraces.com\/?p=49190","title":{"rendered":"Pel\u00edcula de guerra &#8216;desgarradora&#8217; y &#8216;hermosa&#8217; en la BBC esta noche | Pel\u00edculas | Entretenimiento"},"content":{"rendered":"<p> \n<\/p>\n<div>\n<p>Esta noche se transmitir\u00e1 en la BBC una pel\u00edcula de guerra calificada de \u00abinquietante\u00bb y \u00abdesgarradora\u00bb por los espectadores.<\/p>\n<p>Dirigida por Sam Mendes y estrenada en 2019, la pel\u00edcula obtuvo tremendos elogios y reconocimiento y al mismo tiempo sirvi\u00f3 como un momento que defini\u00f3 la carrera del actor principal George MacKay.<\/p>\n<p>Aunque MacKay hab\u00eda actuado anteriormente cuando era joven, esta producci\u00f3n represent\u00f3 su primer papel protag\u00f3nico en un importante lanzamiento de estudio.<\/p>\n<p>A MacKay se unieron Richard Madden, Andrew Scott, Mark Strong y Benedict Cumberbatch en el distinguido elenco de 1917, que se centra en la Primera Guerra Mundial.<\/p>\n<p>Ahora proyectada en televisi\u00f3n a trav\u00e9s de BBC2, la pel\u00edcula que obtuvo nominaciones y elogios por su narrativa y artesan\u00eda, presenta una historia ficticia arraigada en las verdades hist\u00f3ricas del conflicto, que describe el salvajismo, la soledad y la compasi\u00f3n de las tropas en las l\u00edneas de batalla durante un per\u00edodo crucial en 1917, informa el Mirror.<\/p>\n<\/div>\n<div>\n<p>Seg\u00fan IMDB, la sinopsis oficial dice: \u00ab6 de abril de 1917. Mientras un batall\u00f3n de infanter\u00eda se re\u00fane para librar una guerra en lo profundo del territorio enemigo, se asigna a dos soldados para correr contra el tiempo y entregar un mensaje que evitar\u00e1 que 1.600 hombres caminen directamente hacia una trampa mortal\u00bb.<\/p>\n<p>La galardonada pel\u00edcula es famosa por sus impresionantes efectos visuales y muchos admiradores la llaman \u00abmagia del cine\u00bb. Los fan\u00e1ticos han inundado Rotten Tomatoes con cr\u00edticas de cinco estrellas, elogiando la representaci\u00f3n \u00fanica y cautivadora de la guerra en la pel\u00edcula. Un espectador dijo: \u00abMi pel\u00edcula favorita. Ten\u00eda que calificarla y rese\u00f1arla. Un recorrido ininterrumpido por la guerra desde un punto de vista \u00fanico. Desgarrador y hermoso. \u00a1Esto es cine!\u00bb.<\/p>\n<\/div>\n<div>\n<p>Otro fan comparti\u00f3 sus pensamientos y dijo: \u00abVale la pena verlo si te gusta la guerra y\/o la \u00e9poca de la Primera Guerra Mundial. El teniente hastiado en la escena principal es magia cinematogr\u00e1fica\u00bb. 1917 Es un drama de guerra sobre dos amigos que tienen que emprender una misi\u00f3n arriesgada para entregar un mensaje antes de que comience la guerra&#8230; Esta pel\u00edcula es brillante en todos los sentidos, gui\u00f3n, direcci\u00f3n y actuaci\u00f3n\u00bb, dijo un tercero. Otro agreg\u00f3: \u00abUn regalo de pel\u00edcula inquietantemente hermoso\u00bb.<\/p>\n<p>Un usuario de Letterboxd escribi\u00f3: \u00abVisualmente impresionante, t\u00e9cnicamente impresionante, excelente actuaci\u00f3n. No se desv\u00eda de mostrar los verdaderos horrores de la guerra, lo que para m\u00ed es una de sus mejores caracter\u00edsticas. Me encant\u00f3\u00bb.<\/p>\n<p>El director Sam Mendes se inspir\u00f3 en los cuentos contados por su abuelo, Alfred Mendes, un veterano de la guerra. La pel\u00edcula recibi\u00f3 diez nominaciones en la 92\u00aa edici\u00f3n de los Premios de la Academia, incluidas Mejor Pel\u00edcula y Mejor Director para Mendes. Tambi\u00e9n obtuvo tres premios, incluyendo Mejor Fotograf\u00eda (Deakins), Mejor Mezcla de Sonido (Taylor y Wilson) y Mejores Efectos Visuales.<\/p>\n<\/div>\n\n","protected":false},"excerpt":{"rendered":"<p>Esta noche se transmitir\u00e1 en la BBC una pel\u00edcula de guerra calificada de \u00abinquietante\u00bb y \u00abdesgarradora\u00bb por los espectadores. Dirigida por Sam Mendes y estrenada en 2019, la pel\u00edcula obtuvo tremendos elogios y reconocimiento y al mismo tiempo sirvi\u00f3 como un momento que defini\u00f3 la carrera del actor principal George MacKay. Aunque MacKay hab\u00eda actuado &hellip;<\/p>\n","protected":false},"author":1,"featured_media":49191,"comment_status":"open","ping_status":"open","sticky":false,"template":"","format":"standard","meta":{"fifu_image_url":"https:\/\/cdn.images.express.co.uk\/img\/dynamic\/36\/1200x630\/6537253.jpg","fifu_image_alt":"","footnotes":""},"categories":[765],"tags":[],"class_list":["post-49190","post","type-post","status-publish","format-standard","has-post-thumbnail","","category-peliculas"],"_links":{"self":[{"href":"https:\/\/noticiasveraces.com\/index.php?rest_route=\/wp\/v2\/posts\/49190","targetHints":{"allow":["GET"]}}],"collection":[{"href":"https:\/\/noticiasveraces.com\/index.php?rest_route=\/wp\/v2\/posts"}],"about":[{"href":"https:\/\/noticiasveraces.com\/index.php?rest_route=\/wp\/v2\/types\/post"}],"author":[{"embeddable":true,"href":"https:\/\/noticiasveraces.com\/index.php?rest_route=\/wp\/v2\/users\/1"}],"replies":[{"embeddable":true,"href":"https:\/\/noticiasveraces.com\/index.php?rest_route=%2Fwp%2Fv2%2Fcomments&post=49190"}],"version-history":[{"count":0,"href":"https:\/\/noticiasveraces.com\/index.php?rest_route=\/wp\/v2\/posts\/49190\/revisions"}],"wp:featuredmedia":[{"embeddable":true,"href":"https:\/\/noticiasveraces.com\/index.php?rest_route=\/wp\/v2\/media\/49191"}],"wp:attachment":[{"href":"https:\/\/noticiasveraces.com\/index.php?rest_route=%2Fwp%2Fv2%2Fmedia&parent=49190"}],"wp:term":[{"taxonomy":"category","embeddable":true,"href":"https:\/\/noticiasveraces.com\/index.php?rest_route=%2Fwp%2Fv2%2Fcategories&post=49190"},{"taxonomy":"post_tag","embeddable":true,"href":"https:\/\/noticiasveraces.com\/index.php?rest_route=%2Fwp%2Fv2%2Ftags&post=49190"}],"curies":[{"name":"wp","href":"https:\/\/api.w.org\/{rel}","templated":true}]}}