{"id":49183,"date":"2025-11-09T08:30:42","date_gmt":"2025-11-09T12:30:42","guid":{"rendered":"https:\/\/noticiasveraces.com\/?p=49183"},"modified":"2025-11-09T08:30:42","modified_gmt":"2025-11-09T12:30:42","slug":"canciller-de-francia-dice-que-estan-determinados-a-luchar-contra-el-narcotrafico-en-latinoamerica","status":"publish","type":"post","link":"https:\/\/noticiasveraces.com\/?p=49183","title":{"rendered":"Canciller de Francia dice que est\u00e1n determinados a luchar contra el narcotr\u00e1fico en Latinoam\u00e9rica"},"content":{"rendered":"<p> \n<\/p>\n<div id=\"\">\n<div class=\"image-featured\">\n<img src=\"data:image\/png;base64,iVBORw0KGgoAAAANSUhEUgAABQAAAAM0AQAAAADMpLLbAAAAAnRSTlMAAHaTzTgAAACXSURBVHja7cEBDQAAAMKg909tDjegAAAAAAAAAAAAAAAAAAAAAAAAAAAAAAAAAAAAAAAAAAAAAAAAAAAAAAAAAAAAAAAAAAAAAAAAAAAAAAAAAAAAAAAAAAAAAAAAAAAAAAAAAAAAAAAAAAAAAAAAAAAAAAAAAAAAAAAAAAAAAAAAAAAAAAAAAAAAAAAAAAAAAAAAAIBHAwPSAAE+faf2AAAAAElFTkSuQmCC\" alt=\"Francia\" data-src=\"https:\/\/elnacional-uploads.nyc3.digitaloceanspaces.com\/wp-content\/uploads\/2025\/11\/09082448\/Francia-1280x820.jpg\" decoding=\"async\" class=\"lazyload\" data-eio-rwidth=\"1280\" data-eio-rheight=\"820\"\/><img decoding=\"async\" src=\"https:\/\/elnacional-uploads.nyc3.digitaloceanspaces.com\/wp-content\/uploads\/2025\/11\/09082448\/Francia-1280x820.jpg\" alt=\"Francia\" data-eio=\"l\"\/><figcaption>El jefe de la diplomacia de Francia, Jean-No\u00ebl Barrot, visit\u00f3 el Puerto de Antioquia. Foto: AFP<\/figcaption><\/div>\n<p>El jefe de la diplomacia de Francia,<strong> Jean-No\u00ebl Barrot<\/strong>asegur\u00f3 el s\u00e1bado a la AFP la determinaci\u00f3n de su gobierno de \u00abcombatir\u00bb el tr\u00e1fico de drogas, que \u00abinunda\u00bb Europa, especialmente mediante la creaci\u00f3n de una academia dedicada al tema en Am\u00e9rica Latina.<\/p>\n<p><strong>\u00abEstamos decididos a combatir a estos tr\u00e1ficos de todo tipo, no solo el narcotr\u00e1fico, que plantean cuestiones de salud p\u00fablica para nuestro pa\u00eds, pero tambi\u00e9n de seguridad para las francesas y los franceses\u00bb<\/strong>afirm\u00f3 desde Puerto Antioquia, en la costa caribe\u00f1a, en una regi\u00f3n del noroeste de Colombia donde opera el poderoso cartel Clan del Golfo.<\/p>\n<p>Barrot est\u00e1 en Colombia para participar en la cuarta cumbre de la Uni\u00f3n Europea y la Comunidad de Estados Latinoamericanos y Caribe\u00f1os (Celac), que se celebrar\u00e1 el domingo y lunes en la ciudad de Santa Marta con una menguada participaci\u00f3n de jefes de Estado.<\/p>\n<p>Aprovech\u00f3 la ocasi\u00f3n para visitar el golfo de Urab\u00e1, donde est\u00e1 a punto de inaugurarse un enorme puerto que constituye uno de los mayores proyectos de inversi\u00f3n privada francesa en Colombia.<\/p>\n<p><strong>Barrot asegur\u00f3 que Francia no solamente es \u00abespectadora de la explosi\u00f3n del narcotr\u00e1fico en Am\u00e9rica Latina, en el Caribe, sino tambi\u00e9n en Europa\u00bb.<\/strong><\/p>\n<p>\u00abNo solo vemos c\u00f3mo la droga nos inunda, sino tambi\u00e9n c\u00f3mo los narcotraficantes se desplazan e instalan laboratorios. (&#8230;) Todo esto debe cesar\u00bb, declar\u00f3, rodeado de un importante dispositivo de seguridad.<\/p>\n<h2 class=\"wp-block-heading\" id=\"h-francia-lucha-contra-el-narcotrafico\">Francia lucha contra el narcotr\u00e1fico<\/h2>\n<p>El gobierno franc\u00e9s prev\u00e9 abrir una academia regional para la lucha contra el crimen organizado, con sede en Rep\u00fablica Dominicana, que ofrecer\u00e1 cursos a investigadores y funcionarios de aduanas.<\/p>\n<p>Este programa de capacitaci\u00f3n est\u00e1 previsto para el pr\u00f3ximo a\u00f1o en cooperaci\u00f3n con otros pa\u00edses de la regi\u00f3n y \u00aben particular con Colombia, primer productor de coca\u00edna\u00bb en el mundo, precis\u00f3 el ministro.<\/p>\n<p>Barrot tambi\u00e9n mencion\u00f3 un reciente acuerdo de extradici\u00f3n entre Francia y Colombia para \u00abnarcocriminales de ambos lados\u00bb, que espera sea aprobado por los parlamentos de los dos pa\u00edses.<\/p>\n<p>El ministro de Asuntos Exteriores del gobierno de Emmanuel Macron reiter\u00f3 su \u00abpreocupaci\u00f3n\u00bb ante la tensa situaci\u00f3n en la regi\u00f3n tras el despliegue militar ordenado en agosto por el presidente de Estados Unidos, Donald Trump, y los ataques a embarcaciones sospechosas de narcotr\u00e1fico que han causado decenas de muertos en el Caribe y el Pac\u00edfico.<\/p>\n<p>\u00abFrancia est\u00e1 presente con sus territorios de ultramar en primera l\u00ednea\u00bb de estas operaciones militares que \u00abse han apartado de las normas del derecho internacional y del derecho mar\u00edtimo\u00bb, subray\u00f3 el ministro.<\/p>\n<p>Ante los temores expresados por Brasil y Colombia de que el despliegue militar estadounidense en el Caribe derive en una invasi\u00f3n de Venezuela, Barrot reiter\u00f3 el compromiso de Francia con la \u00absoberan\u00eda de los Estados\u00bb, como afirm\u00f3 recientemente Macron.<\/p>\n<\/div>\n\n","protected":false},"excerpt":{"rendered":"<p>El jefe de la diplomacia de Francia, Jean-No\u00ebl Barrot, visit\u00f3 el Puerto de Antioquia. Foto: AFP El jefe de la diplomacia de Francia, Jean-No\u00ebl Barrotasegur\u00f3 el s\u00e1bado a la AFP la determinaci\u00f3n de su gobierno de \u00abcombatir\u00bb el tr\u00e1fico de drogas, que \u00abinunda\u00bb Europa, especialmente mediante la creaci\u00f3n de una academia dedicada al tema en &hellip;<\/p>\n","protected":false},"author":1,"featured_media":49185,"comment_status":"open","ping_status":"open","sticky":false,"template":"","format":"standard","meta":{"fifu_image_url":"https:\/\/elnacional-uploads.nyc3.digitaloceanspaces.com\/wp-content\/uploads\/2025\/11\/09082448\/Francia.jpg","fifu_image_alt":"","footnotes":""},"categories":[13],"tags":[],"class_list":["post-49183","post","type-post","status-publish","format-standard","has-post-thumbnail","","category-mundo"],"_links":{"self":[{"href":"https:\/\/noticiasveraces.com\/index.php?rest_route=\/wp\/v2\/posts\/49183","targetHints":{"allow":["GET"]}}],"collection":[{"href":"https:\/\/noticiasveraces.com\/index.php?rest_route=\/wp\/v2\/posts"}],"about":[{"href":"https:\/\/noticiasveraces.com\/index.php?rest_route=\/wp\/v2\/types\/post"}],"author":[{"embeddable":true,"href":"https:\/\/noticiasveraces.com\/index.php?rest_route=\/wp\/v2\/users\/1"}],"replies":[{"embeddable":true,"href":"https:\/\/noticiasveraces.com\/index.php?rest_route=%2Fwp%2Fv2%2Fcomments&post=49183"}],"version-history":[{"count":0,"href":"https:\/\/noticiasveraces.com\/index.php?rest_route=\/wp\/v2\/posts\/49183\/revisions"}],"wp:featuredmedia":[{"embeddable":true,"href":"https:\/\/noticiasveraces.com\/index.php?rest_route=\/wp\/v2\/media\/49185"}],"wp:attachment":[{"href":"https:\/\/noticiasveraces.com\/index.php?rest_route=%2Fwp%2Fv2%2Fmedia&parent=49183"}],"wp:term":[{"taxonomy":"category","embeddable":true,"href":"https:\/\/noticiasveraces.com\/index.php?rest_route=%2Fwp%2Fv2%2Fcategories&post=49183"},{"taxonomy":"post_tag","embeddable":true,"href":"https:\/\/noticiasveraces.com\/index.php?rest_route=%2Fwp%2Fv2%2Ftags&post=49183"}],"curies":[{"name":"wp","href":"https:\/\/api.w.org\/{rel}","templated":true}]}}