{"id":49126,"date":"2025-11-08T23:31:04","date_gmt":"2025-11-09T03:31:04","guid":{"rendered":"https:\/\/noticiasveraces.com\/?p=49126"},"modified":"2025-11-08T23:31:04","modified_gmt":"2025-11-09T03:31:04","slug":"america-latina-unifica-su-posicion-de-cara-a-la-cop30-que-regresa-a-la-region-despues-de-mas-de-una-decada","status":"publish","type":"post","link":"https:\/\/noticiasveraces.com\/?p=49126","title":{"rendered":"Am\u00e9rica Latina unifica su posici\u00f3n de cara a la COP30, que regresa a la regi\u00f3n despu\u00e9s de m\u00e1s de una d\u00e9cada"},"content":{"rendered":"<p> \n<\/p>\n<div>\n<p>Am\u00e9rica Latina, una de las regiones m\u00e1s vulnerables a los estragos del cambio clim\u00e1tico, ha decidido tomar la iniciativa. En una cumbre preparatoria en M\u00e9xico, representantes de 22 pa\u00edses de la regi\u00f3n consolidaron una postura com\u00fan de cara a la 30\u00aa Conferencia de las Partes (COP30) de la ONU sobre el Clima, un evento que regresar\u00e1 a Latinoam\u00e9rica en 2025, celebr\u00e1ndose en Bel\u00e9m, Brasil.<\/p>\n<p>La ministra mexicana Alicia B\u00e1rcena destac\u00f3 la importancia del di\u00e1logo regional frente a las crisis actuales: \u201cFrente a las m\u00faltiples crisis que enfrentamos, es m\u00e1s importante que nunca dialogar sobre nuestros desaf\u00edos comunes\u201d, expres\u00f3 la titular de la Secretar\u00eda de Medio Ambiente y Recursos Naturales.<\/p>\n<p>Los pa\u00edses acordaron tres prioridades: eliminar gradualmente los combustibles f\u00f3siles, acelerar la acci\u00f3n clim\u00e1tica y priorizar la adaptaci\u00f3n. Los pa\u00edses presentar\u00e1n un documento conjunto en la conferencia de la ONU sobre cambio clim\u00e1tico, que vuelve a la regi\u00f3n tras m\u00e1s de diez a\u00f1os.<\/p>\n<hr\/>\n<div class=\"ContentCardEmbedWrapper-kFpFGN dpdjmB content-card-embed content-card-embed--stacked\" data-testid=\"ContentCardEmbedWrapper\">\n<div class=\"ContentCardEmbedImage-iBIXcR jiOHKG content-card-embed__image\" data-testid=\"ContentCardEmbedImage\"><span class=\"SpanWrapper-zEXFr koTknX responsive-asset\"><picture class=\"ResponsiveImagePicture-cGZhnX jwYQWO responsive-image\"><img decoding=\"async\" alt=\"Alicia B\u00e1rcena\" loading=\"lazy\" class=\"ResponsiveImageContainer-eNxvmU cfBbTk responsive-image__image\" srcset=\"https:\/\/media.es.wired.com\/photos\/67f706247500d2d4a8865fdd\/master\/w_120,c_limit\/barcenaportada.jpg 120w, https:\/\/media.es.wired.com\/photos\/67f706247500d2d4a8865fdd\/master\/w_240,c_limit\/barcenaportada.jpg 240w, https:\/\/media.es.wired.com\/photos\/67f706247500d2d4a8865fdd\/master\/w_320,c_limit\/barcenaportada.jpg 320w, https:\/\/media.es.wired.com\/photos\/67f706247500d2d4a8865fdd\/master\/w_640,c_limit\/barcenaportada.jpg 640w\" sizes=\"100vw\" src=\"https:\/\/media.es.wired.com\/photos\/67f706247500d2d4a8865fdd\/master\/w_775%2Cc_limit\/barcenaportada.jpg\"\/><\/picture><\/span><\/div>\n<div class=\"ContentCardEmbedInfo-bSBhwc IbulD\">\n<div class=\"BaseWrap-sc-gzmcOU BaseText-eqOrNE ContentCardEmbedHed-kuAbUL deqABF jkWAvF fPZrfS content-card-embed__hed\" data-testid=\"ContentCardEmbedHed\">Alicia B\u00e1rcena: \u201cMe gustar\u00eda crear una pol\u00edtica ambiental feminista\u201d<\/div>\n<p>WIRED en Espa\u00f1ol conversa con la secretaria mexicana Alicia B\u00e1rcena sobre su visi\u00f3n feminista del medio ambiente, los retos de la Semarnat y su posible candidatura a liderar la ONU.<\/p>\n<\/div>\n<\/div>\n<hr\/>\n<aside aria-hidden=\"true\" class=\"PullQuoteEmbedWrapper-sc-TKIUW iXNYkj\" data-testid=\"pullquote-embed\">\n<div class=\"PullQuoteEmbedContent-sc-lixSTo fIFzPG\">\n<p>Representantes de 22 pa\u00edses de la regi\u00f3n acordaron tres prioridades: eliminar gradualmente los combustibles f\u00f3siles, acelerar la acci\u00f3n clim\u00e1tica y priorizar la adaptaci\u00f3n.<\/p>\n<\/div>\n<\/aside>\n<p>El punto m\u00e1s destacado del acuerdo regional es el llamado a una \u201celiminaci\u00f3n gradual\u201d de los combustibles f\u00f3siles. Esta es una declaraci\u00f3n de intenciones significativa. Aunque la regi\u00f3n incluye a importantes productores de hidrocarburos\u2014como Brasil (el anfitri\u00f3n de la COP30), M\u00e9xico, Argentina y, m\u00e1s recientemente, Guyana\u2014el consenso regional subraya que la ciencia clim\u00e1tica exige una transici\u00f3n acelerada.<\/p>\n<aside aria-hidden=\"true\" class=\"PullQuoteEmbedWrapper-sc-TKIUW iXNYkj\" data-testid=\"pullquote-embed\">\n<div class=\"PullQuoteEmbedContent-sc-lixSTo fIFzPG\">\n<p>El punto m\u00e1s destacado del acuerdo regional es el llamado a una \u201celiminaci\u00f3n gradual\u201d de los combustibles f\u00f3siles.<\/p>\n<\/div>\n<\/aside>\n<p>La postura no est\u00e1 exenta de tensiones internas, pero el acuerdo marca un compromiso de priorizar la descarbonizaci\u00f3n y la inversi\u00f3n masiva en energ\u00edas renovables, de las cuales la regi\u00f3n tiene un potencial abundante (solar, e\u00f3lico e hidr\u00f3geno verde). Am\u00e9rica Latina no solo se centrar\u00e1 en la mitigaci\u00f3n; exigir\u00e1 una reestructuraci\u00f3n de la arquitectura financiera clim\u00e1tica global.<\/p>\n<p>La expectativa es que Am\u00e9rica Latina aproveche esos puntos en com\u00fan para lograr un frente m\u00e1s unificado en la COP30, y que la presidencia de Brasil impulse temas particularmente relevantes para la regi\u00f3n a partir de iniciativas en marcha, como el Fondo Bosques Tropicales para Siempre (TFFF) para la protecci\u00f3n de los bosques.<\/p>\n<hr\/>\n<div class=\"ContentCardEmbedWrapper-kFpFGN dpdjmB content-card-embed content-card-embed--stacked\" data-testid=\"ContentCardEmbedWrapper\">\n<div class=\"ContentCardEmbedImage-iBIXcR jiOHKG content-card-embed__image\" data-testid=\"ContentCardEmbedImage\"><span class=\"SpanWrapper-zEXFr koTknX responsive-asset\"><picture class=\"ResponsiveImagePicture-cGZhnX jwYQWO responsive-image\"><img decoding=\"async\" alt=\"Pescadores arreglando un motor en las Barrancas, M\u00e9xico. La pesca es la principal actividad econ\u00f3mica en la localidad, cada vez m\u00e1s afectada por el cambio clim\u00e1tico y la degradaci\u00f3n ambiental \" loading=\"lazy\" class=\"ResponsiveImageContainer-eNxvmU cfBbTk responsive-image__image\" srcset=\"https:\/\/media.es.wired.com\/photos\/664642925ab01e4bbe8f6dfa\/master\/w_120,c_limit\/Las%20Barrancas,%20Veracruz,%20tragado%20por%20el%20mar%2003.jpg 120w, https:\/\/media.es.wired.com\/photos\/664642925ab01e4bbe8f6dfa\/master\/w_240,c_limit\/Las%20Barrancas,%20Veracruz,%20tragado%20por%20el%20mar%2003.jpg 240w, https:\/\/media.es.wired.com\/photos\/664642925ab01e4bbe8f6dfa\/master\/w_320,c_limit\/Las%20Barrancas,%20Veracruz,%20tragado%20por%20el%20mar%2003.jpg 320w, https:\/\/media.es.wired.com\/photos\/664642925ab01e4bbe8f6dfa\/master\/w_640,c_limit\/Las%20Barrancas,%20Veracruz,%20tragado%20por%20el%20mar%2003.jpg 640w\" sizes=\"100vw\" src=\"https:\/\/media.es.wired.com\/photos\/664642925ab01e4bbe8f6dfa\/master\/w_775%2Cc_limit\/Las%2520Barrancas%2C%2520Veracruz%2C%2520tragado%2520por%2520el%2520mar%252003.jpg\"\/><\/picture><\/span><\/div>\n<div class=\"ContentCardEmbedInfo-bSBhwc IbulD\">\n<div class=\"BaseWrap-sc-gzmcOU BaseText-eqOrNE ContentCardEmbedHed-kuAbUL deqABF jkWAvF fPZrfS content-card-embed__hed\" data-testid=\"ContentCardEmbedHed\">M\u00e9xico se compromete a reducir 225 millones de toneladas de emisiones para 2030, pero recorta presupuesto clim\u00e1tico y mantiene apuesta f\u00f3sil<\/div>\n<p>En la conferencia \u00abPreCOP30\u00bb, el Gobierno de M\u00e9xico detall\u00f3 su plan para reducir 225 millones de toneladas de emisiones para 2030. Sin embargo, an\u00e1lisis de ONGs se\u00f1alan que la pol\u00edtica de apoyo a Pemex y el \u00abraqu\u00edtico\u00bb presupuesto ambiental contradicen estas metas.<\/p>\n<\/div>\n<\/div>\n<hr\/>\n<p>La posici\u00f3n regional es clara: la adaptaci\u00f3n a los impactos ya inevitables del cambio clim\u00e1tico (sequ\u00edas, huracanes m\u00e1s intensos, derretimiento de glaciares) debe tener la misma prioridad que la reducci\u00f3n de emisiones. La regi\u00f3n insistir\u00e1 en que las naciones desarrolladas cumplan con sus compromisos de financiaci\u00f3n.<\/p>\n<p>Esto incluye el fondo de p\u00e9rdidas y da\u00f1os, para asegurar que el fondo, acordado en la COP28, sea accesible, \u00e1gil y est\u00e9 suficientemente capitalizado para compensar a las naciones m\u00e1s afectadas. Por otra parte, el financiamiento para la adaptaci\u00f3n, para demandar que se dupliquen los fondos destinados a la adaptaci\u00f3n, como se ha prometido anteriormente.<\/p>\n<aside aria-hidden=\"true\" class=\"PullQuoteEmbedWrapper-sc-TKIUW iXNYkj\" data-testid=\"pullquote-embed\">\n<div class=\"PullQuoteEmbedContent-sc-lixSTo fIFzPG\">\n<p>El hecho de que la COP30 se celebre en Bel\u00e9m, en la puerta de entrada a la Amazon\u00eda, no es simb\u00f3lico; es estrat\u00e9gico. Brasil ha se\u00f1alado que esta ser\u00e1 la \u00abCOP de la selva\u00bb.<\/p>\n<\/div>\n<\/aside>\n<p>Finalmente, canjes de deuda por naturaleza, para promover mecanismos que alivien la deuda externa de los pa\u00edses a cambio de compromisos verificables de conservaci\u00f3n y acci\u00f3n clim\u00e1tica.<\/p>\n<p>El hecho de que la COP30 se celebre en Bel\u00e9m, en la puerta de entrada a la Amazon\u00eda, no es simb\u00f3lico; es estrat\u00e9gico. Brasil ha se\u00f1alado que esta ser\u00e1 la \u00abCOP de la selva\u00bb.<\/p>\n<p>La posici\u00f3n latinoamericana integrar\u00e1 de manera central la defensa de la biodiversidad y el papel de las comunidades ind\u00edgenas. La regi\u00f3n argumentar\u00e1 que no se puede alcanzar la meta de 1.5\u00b0C sin proteger los grandes biomas, como la Amazon\u00eda, y que las soluciones basadas en la naturaleza deben ser financiadas adecuadamente. Se espera una fuerte presi\u00f3n para que los conocimientos ancestrales de los pueblos originarios sean incluidos en las soluciones clim\u00e1ticas, reconoci\u00e9ndolos como los \u00abguardianes del bosque\u00bb.<\/p>\n<aside aria-hidden=\"true\" class=\"PullQuoteEmbedWrapper-sc-TKIUW iXNYkj\" data-testid=\"pullquote-embed\">\n<div class=\"PullQuoteEmbedContent-sc-lixSTo fIFzPG\">\n<p>El n\u00famero de participantes en las cumbres del clima ha crecido exponencialmente. Mientras la COP29 tuvo 71,000 asistentes, la COP28 de Dub\u00e1i cont\u00f3 con m\u00e1s de 84,000, entre los que predominaron grupos de presi\u00f3n de combustibles f\u00f3siles, corporaciones y delegaciones gubernamentales.<\/p>\n<\/div>\n<\/aside>\n<p>Con este documento de posici\u00f3n, Am\u00e9rica Latina y el Caribe han logrado un consenso notable. El reto para 2025 ser\u00e1 mantener esa unidad frente a las presiones de las econom\u00edas desarrolladas y gestionar las complejidades internas de sus propias matrices energ\u00e9ticas. Sin embargo, el mensaje de la regi\u00f3n es firme: ya no son solo receptores de ayuda, sino actores protag\u00f3nicos que exigen soluciones basadas en la justicia clim\u00e1tica.<\/p>\n<p>En la mayor\u00eda de las negociaciones ambientales internacionales, desde biodiversidad hasta mercurio, la regi\u00f3n participa como un \u00fanico bloque: el Grupo de Am\u00e9rica Latina y el Caribe (Grulac). Sin embargo, existen otros grupos con distintos enfoques. Chile, Colombia, Costa Rica, Guatemala, Honduras, Panam\u00e1, Paraguay y Per\u00fa integran la Asociaci\u00f3n Independiente de Am\u00e9rica Latina y el Caribe (AILAC); mientras que Argentina, Brasil, Ecuador, Paraguay y Uruguay son miembros del Grupo SUR. Brasil, adem\u00e1s, coordina posiciones con Sud\u00e1frica, India y China como parte del Grupo BASIC, y 16 pa\u00edses insulares de la regi\u00f3n forman parte de la Alianza de Peque\u00f1os Estados Insulares (AOSIS), que re\u00fane a 39 naciones en todo el mundo.<\/p>\n<\/div>\n\n","protected":false},"excerpt":{"rendered":"<p>Am\u00e9rica Latina, una de las regiones m\u00e1s vulnerables a los estragos del cambio clim\u00e1tico, ha decidido tomar la iniciativa. En una cumbre preparatoria en M\u00e9xico, representantes de 22 pa\u00edses de la regi\u00f3n consolidaron una postura com\u00fan de cara a la 30\u00aa Conferencia de las Partes (COP30) de la ONU sobre el Clima, un evento que &hellip;<\/p>\n","protected":false},"author":1,"featured_media":49128,"comment_status":"open","ping_status":"open","sticky":false,"template":"","format":"standard","meta":{"fifu_image_url":"https:\/\/media.es.wired.com\/photos\/690a4bccdb1d6b55dbbe3fbb\/16:9\/w_1280,c_limit\/2221451210","fifu_image_alt":"","footnotes":""},"categories":[2],"tags":[],"class_list":["post-49126","post","type-post","status-publish","format-standard","has-post-thumbnail","","category-tecnologia"],"_links":{"self":[{"href":"https:\/\/noticiasveraces.com\/index.php?rest_route=\/wp\/v2\/posts\/49126","targetHints":{"allow":["GET"]}}],"collection":[{"href":"https:\/\/noticiasveraces.com\/index.php?rest_route=\/wp\/v2\/posts"}],"about":[{"href":"https:\/\/noticiasveraces.com\/index.php?rest_route=\/wp\/v2\/types\/post"}],"author":[{"embeddable":true,"href":"https:\/\/noticiasveraces.com\/index.php?rest_route=\/wp\/v2\/users\/1"}],"replies":[{"embeddable":true,"href":"https:\/\/noticiasveraces.com\/index.php?rest_route=%2Fwp%2Fv2%2Fcomments&post=49126"}],"version-history":[{"count":0,"href":"https:\/\/noticiasveraces.com\/index.php?rest_route=\/wp\/v2\/posts\/49126\/revisions"}],"wp:featuredmedia":[{"embeddable":true,"href":"https:\/\/noticiasveraces.com\/index.php?rest_route=\/wp\/v2\/media\/49128"}],"wp:attachment":[{"href":"https:\/\/noticiasveraces.com\/index.php?rest_route=%2Fwp%2Fv2%2Fmedia&parent=49126"}],"wp:term":[{"taxonomy":"category","embeddable":true,"href":"https:\/\/noticiasveraces.com\/index.php?rest_route=%2Fwp%2Fv2%2Fcategories&post=49126"},{"taxonomy":"post_tag","embeddable":true,"href":"https:\/\/noticiasveraces.com\/index.php?rest_route=%2Fwp%2Fv2%2Ftags&post=49126"}],"curies":[{"name":"wp","href":"https:\/\/api.w.org\/{rel}","templated":true}]}}