{"id":49118,"date":"2025-11-08T20:45:37","date_gmt":"2025-11-09T00:45:37","guid":{"rendered":"https:\/\/noticiasveraces.com\/?p=49118"},"modified":"2025-11-08T20:45:37","modified_gmt":"2025-11-09T00:45:37","slug":"el-meta-gino-santilli-marca-uno-de-los-golazos-de-la-temporada-de-porteria-a-porteria","status":"publish","type":"post","link":"https:\/\/noticiasveraces.com\/?p=49118","title":{"rendered":"El meta Gino Santilli marca uno de los golazos de la temporada \u00a1de porter\u00eda a porter\u00eda!"},"content":{"rendered":"<p> \n<\/p>\n<div>\n<p data-mrf-recirculation=\"Links P\u00e1rrafos\" class=\"ue-c-article__paragraph paragraph ue-c-article--first-letter-highlighted\">El guardameta argentino <strong>Gino Santilli <\/strong>emul\u00f3 este viernes al hist\u00f3rico brasile\u00f1o <strong>Hailton Correia de Arruda, Manga,<\/strong> y anot\u00f3 <strong>un tanto de una porter\u00eda a la otra <\/strong>en el triunfo de Cerro Largo sobre Liverpool.<\/p>\n<p data-mrf-recirculation=\"Links P\u00e1rrafos\" class=\"ue-c-article__paragraph paragraph\">En un partido, enmarcado en la<strong> \u00faltima jornada del Torneo Clausura de la Liga Uruguaya<\/strong>el conjunto dirigido por Danielo N\u00fa\u00f1ez se impuso por 2-0 y cerr\u00f3 la temporada con una sonrisa.<\/p>\n<figure class=\"ue-c-article__media ue-c-article__media--image\">\n<div class=\"ue-c-article__media-img-container ue-l-article--expand-edge-right-until-tablet ue-l-article--expand-edge-left-until-tablet\"><picture><source type=\"image\/webp\" sizes=\"(min-width: 1010px) 660px, (min-width: 980px) calc(100vw - 350px), (min-width: 740px) calc(100vw - 320px), 100vw\" srcset=\"https:\/\/objetos-xlk.estaticos-marca.com\/files\/article_360_widen_webp\/uploads\/2025\/11\/08\/690efa2a73673.webp 360w,https:\/\/objetos-xlk.estaticos-marca.com\/files\/article_375_widen_webp\/uploads\/2025\/11\/08\/690efa2a73673.webp 375w,https:\/\/objetos-xlk.estaticos-marca.com\/files\/article_414_widen_webp\/uploads\/2025\/11\/08\/690efa2a73673.webp 414w,https:\/\/objetos-xlk.estaticos-marca.com\/files\/article_660_widen_webp\/uploads\/2025\/11\/08\/690efa2a73673.webp 660w,https:\/\/objetos-xlk.estaticos-marca.com\/files\/article_720_widen_webp\/uploads\/2025\/11\/08\/690efa2a73673.webp 720w,https:\/\/objetos-xlk.estaticos-marca.com\/files\/article_750_widen_webp\/uploads\/2025\/11\/08\/690efa2a73673.webp 750w,https:\/\/objetos-xlk.estaticos-marca.com\/files\/article_828_widen_webp\/uploads\/2025\/11\/08\/690efa2a73673.webp 828w,https:\/\/objetos-xlk.estaticos-marca.com\/files\/article_1320_widen_webp\/uploads\/2025\/11\/08\/690efa2a73673.webp 1320w\"><source type=\"image\/jpeg\" sizes=\"(min-width: 1010px) 660px, (min-width: 980px) calc(100vw - 350px), (min-width: 740px) calc(100vw - 320px), 100vw\" srcset=\"https:\/\/objetos-xlk.estaticos-marca.com\/files\/article_360_widen\/uploads\/2025\/11\/08\/690efa2a73673.jpeg 360w,https:\/\/objetos-xlk.estaticos-marca.com\/files\/article_375_widen\/uploads\/2025\/11\/08\/690efa2a73673.jpeg 375w,https:\/\/objetos-xlk.estaticos-marca.com\/files\/article_414_widen\/uploads\/2025\/11\/08\/690efa2a73673.jpeg 414w,https:\/\/objetos-xlk.estaticos-marca.com\/files\/article_660_widen\/uploads\/2025\/11\/08\/690efa2a73673.jpeg 660w,https:\/\/objetos-xlk.estaticos-marca.com\/files\/article_720_widen\/uploads\/2025\/11\/08\/690efa2a73673.jpeg 720w,https:\/\/objetos-xlk.estaticos-marca.com\/files\/article_750_widen\/uploads\/2025\/11\/08\/690efa2a73673.jpeg 750w,https:\/\/objetos-xlk.estaticos-marca.com\/files\/article_828_widen\/uploads\/2025\/11\/08\/690efa2a73673.jpeg 828w,https:\/\/objetos-xlk.estaticos-marca.com\/files\/article_1320_widen\/uploads\/2025\/11\/08\/690efa2a73673.jpeg 1320w\"><img decoding=\"async\" width=\"1980\" height=\"1320\" class=\"ue-c-article__image lazyload\" alt=\"Golpeo y celebraci\u00f3n del gol de Gino Santilli.\" loading=\"lazy\" src=\"https:\/\/objetos-xlk.estaticos-marca.com\/uploads\/2025\/11\/08\/690efa2a73673.jpeg\"\/><\/source><\/source><\/picture><\/div><figcaption class=\"ue-c-article__media-caption\">\n<p><span class=\"ue-c-article__media-description\">Golpeo y celebraci\u00f3n del gol de Gino Santilli.<\/span><\/p>\n<\/figcaption><\/figure>\n<p data-mrf-recirculation=\"Links P\u00e1rrafos\" class=\"ue-c-article__paragraph paragraph\"><strong>Sebasti\u00e1n Assis marc\u00f3 el primer tanto de Cerro Largo<\/strong> a los 34 minutos, mientras que <strong>Santilli sell\u00f3 la victoria a los 48&#8242; de tiempo corrido.<\/strong><\/p>\n<p data-mrf-recirculation=\"Links P\u00e1rrafos\" class=\"ue-c-article__paragraph paragraph\">El argentino tom\u00f3 el bal\u00f3n con las manos dentro del \u00e1rea menor y s<strong>ac\u00f3 un potente disparo de pierna izquierda que recorri\u00f3 todo el largo del campo<\/strong> de juego y quebr\u00f3 la resistencia de <strong>Sebasti\u00e1n Lentinelly.<\/strong> Inmediatamente despu\u00e9s fue abrazado por todos sus compa\u00f1eros.<\/p>\n<p data-mrf-recirculation=\"Links P\u00e1rrafos\" class=\"ue-c-article__paragraph paragraph\">Considerado como uno de los mejores porteros en la historia del f\u00fatbol sudamericano y mundialista con Brasil en Inglaterra 1966, <strong>Hailton Correia de Arruda -conocido como Manga-<\/strong> se convirti\u00f3 en 1968 en futbolista de Nacional. All\u00ed estuvo hasta 1974 y dos a\u00f1os despu\u00e9s regres\u00f3 para jugar otra temporada.<\/p>\n<p data-mrf-recirculation=\"Links P\u00e1rrafos\" class=\"ue-c-article__paragraph paragraph\"><strong>Campe\u00f3n de la Copa Libertadores y de la Intercontinental con el Tricolor<\/strong>el brasile\u00f1o entr\u00f3 en la historia del f\u00fatbol uruguayo tras <strong>marcar el 30 de mayo de 1973 un tanto en la goleada de Nacional por 7-0 ante Racing.<\/strong><\/p>\n<\/div>\n\n","protected":false},"excerpt":{"rendered":"<p>El guardameta argentino Gino Santilli emul\u00f3 este viernes al hist\u00f3rico brasile\u00f1o Hailton Correia de Arruda, Manga, y anot\u00f3 un tanto de una porter\u00eda a la otra en el triunfo de Cerro Largo sobre Liverpool. En un partido, enmarcado en la \u00faltima jornada del Torneo Clausura de la Liga Uruguayael conjunto dirigido por Danielo N\u00fa\u00f1ez se &hellip;<\/p>\n","protected":false},"author":1,"featured_media":49120,"comment_status":"open","ping_status":"open","sticky":false,"template":"","format":"standard","meta":{"fifu_image_url":"https:\/\/objetos-xlk.estaticos-marca.com\/files\/article_main_microformat\/uploads\/2025\/11\/08\/ZORaY1f3m4ZTmC4MT.jpeg","fifu_image_alt":"","footnotes":""},"categories":[6],"tags":[],"class_list":["post-49118","post","type-post","status-publish","format-standard","has-post-thumbnail","","category-deportes"],"_links":{"self":[{"href":"https:\/\/noticiasveraces.com\/index.php?rest_route=\/wp\/v2\/posts\/49118","targetHints":{"allow":["GET"]}}],"collection":[{"href":"https:\/\/noticiasveraces.com\/index.php?rest_route=\/wp\/v2\/posts"}],"about":[{"href":"https:\/\/noticiasveraces.com\/index.php?rest_route=\/wp\/v2\/types\/post"}],"author":[{"embeddable":true,"href":"https:\/\/noticiasveraces.com\/index.php?rest_route=\/wp\/v2\/users\/1"}],"replies":[{"embeddable":true,"href":"https:\/\/noticiasveraces.com\/index.php?rest_route=%2Fwp%2Fv2%2Fcomments&post=49118"}],"version-history":[{"count":0,"href":"https:\/\/noticiasveraces.com\/index.php?rest_route=\/wp\/v2\/posts\/49118\/revisions"}],"wp:featuredmedia":[{"embeddable":true,"href":"https:\/\/noticiasveraces.com\/index.php?rest_route=\/wp\/v2\/media\/49120"}],"wp:attachment":[{"href":"https:\/\/noticiasveraces.com\/index.php?rest_route=%2Fwp%2Fv2%2Fmedia&parent=49118"}],"wp:term":[{"taxonomy":"category","embeddable":true,"href":"https:\/\/noticiasveraces.com\/index.php?rest_route=%2Fwp%2Fv2%2Fcategories&post=49118"},{"taxonomy":"post_tag","embeddable":true,"href":"https:\/\/noticiasveraces.com\/index.php?rest_route=%2Fwp%2Fv2%2Ftags&post=49118"}],"curies":[{"name":"wp","href":"https:\/\/api.w.org\/{rel}","templated":true}]}}