{"id":49104,"date":"2025-11-08T17:24:10","date_gmt":"2025-11-08T21:24:10","guid":{"rendered":"https:\/\/noticiasveraces.com\/?p=49104"},"modified":"2025-11-08T17:24:10","modified_gmt":"2025-11-08T21:24:10","slug":"cop30-la-cumbre-del-clima-avanza-sin-las-grandes-potencias-en-la-mesa","status":"publish","type":"post","link":"https:\/\/noticiasveraces.com\/?p=49104","title":{"rendered":"COP30: la Cumbre del Clima avanza sin las grandes potencias en la mesa"},"content":{"rendered":"<p> \n<\/p>\n<div>\n<p>La OMM tambi\u00e9n advirti\u00f3 de un a\u00f1o de extremos clim\u00e1ticos devastadores: inundaciones en \u00c1frica y Asia, incendios forestales severos en Europa y Norteam\u00e9rica, olas de calor letales y ciclones tropicales de gran impacto econ\u00f3mico y humano. La secretaria general de la OMM, Celeste Saulo, subray\u00f3 que esta prolongada racha de temperaturas r\u00e9cord, unida a la concentraci\u00f3n r\u00e9cord de gases de efecto invernadero, deja claro que ser\u00e1 \u201cpr\u00e1cticamente imposible\u201d limitar el calentamiento a 1,5\u00b0C para fin de siglo sin sobrepasar temporalmente ese umbral.<\/p>\n<p>En tanto, el Secretario General de la ONU, Ant\u00f3nio Guterres, record\u00f3 que cada a\u00f1o que se exceda ese l\u00edmite implicar\u00e1 golpes a las econom\u00edas, aumento de la desigualdad y da\u00f1os irreversibles.<\/p>\n<p>La conferencia COP30 marca tres d\u00e9cadas desde que comenzaron las negociaciones clim\u00e1ticas globales. En ese tiempo, los pa\u00edses han frenado un poco el aumento proyectado de emisiones, pero no lo suficiente para prevenir lo que los cient\u00edficos consideran un calentamiento global extremo en las pr\u00f3ximas d\u00e9cadas.<\/p>\n<p>Una flotilla que tra\u00eda a l\u00edderes ind\u00edgenas y activistas por los r\u00edos de la cuenca amaz\u00f3nica a la conferencia se retras\u00f3 y no llegar\u00eda hasta la pr\u00f3xima semana.<\/p>\n<figure class=\"AssetEmbedWrapper-fkZDUs kHRAYC asset-embed\">\n<div class=\"AssetEmbedAssetContainer-eEeytc eRSvCP asset-embed__asset-container\"><span class=\"SpanWrapper-zEXFr koTknX responsive-asset AssetEmbedResponsiveAsset-cIfZLr fHIkTW asset-embed__responsive-asset\"><picture class=\"ResponsiveImagePicture-cGZhnX jwYQWO AssetEmbedResponsiveAsset-cIfZLr fHIkTW asset-embed__responsive-asset responsive-image\"><img decoding=\"async\" alt=\"El Secretario General de la ONU Ant\u00f3nio Guterres junto a otros l\u00edderes mundiales.\" loading=\"lazy\" class=\"ResponsiveImageContainer-eNxvmU cfBbTk responsive-image__image\" srcset=\"https:\/\/media.es.wired.com\/photos\/690e3d2edb8a742796352c62\/master\/w_120,c_limit\/2244964155 120w, https:\/\/media.es.wired.com\/photos\/690e3d2edb8a742796352c62\/master\/w_240,c_limit\/2244964155 240w, https:\/\/media.es.wired.com\/photos\/690e3d2edb8a742796352c62\/master\/w_320,c_limit\/2244964155 320w, https:\/\/media.es.wired.com\/photos\/690e3d2edb8a742796352c62\/master\/w_640,c_limit\/2244964155 640w, https:\/\/media.es.wired.com\/photos\/690e3d2edb8a742796352c62\/master\/w_960,c_limit\/2244964155 960w, https:\/\/media.es.wired.com\/photos\/690e3d2edb8a742796352c62\/master\/w_1280,c_limit\/2244964155 1280w, https:\/\/media.es.wired.com\/photos\/690e3d2edb8a742796352c62\/master\/w_1600,c_limit\/2244964155 1600w\" sizes=\"100vw\" src=\"https:\/\/media.es.wired.com\/photos\/690e3d2edb8a742796352c62\/master\/w_1600%2Cc_limit\/2244964155\"\/><\/picture><\/span><\/div>\n<div class=\"CaptionWrapper-jYrTxZ byeLF caption AssetEmbedCaption-fyuOdR eXMqGf asset-embed__caption standard\" data-testid=\"caption-wrapper\"><span class=\"BaseWrap-sc-gzmcOU BaseText-eqOrNE CaptionText-brNLzD deqABF imSbFE fGraOh caption__text\"><\/p>\n<p>El Secretario General de la ONU, Ant\u00f3nio Guterres, junto a otros l\u00edderes mundiales.<\/p>\n<p><\/span><span class=\"BaseWrap-sc-gzmcOU BaseText-eqOrNE CaptionCredit-eowWKH deqABF kpqIso gxwcqg caption__credit\">PABLO PORC\u00cdUNCULA\/Getty Images<\/span><\/div>\n<\/figure>\n<h2>Una COP30 sin los pa\u00edses que emiten m\u00e1s gases de efecto invernadero<\/h2>\n<p>A la cumbre no asistir\u00e1n los mandatarios de cuatro de las cinco principales econom\u00edas emisoras de gases de efecto invernadero del mundo: Estados Unidos, China, India y Rusia, aunque la presidenta de la Comisi\u00f3n Europea y el viceprimer ministro de China s\u00ed estuvieron presentes.<\/p>\n<p>A pesar de este contexto, las naciones debatir\u00e1n en la cumbre la implementaci\u00f3n del Acuerdo de Par\u00eds sobre el clima de 2015, del cual Trump retir\u00f3 a Estados Unidos en su primer d\u00eda tras regresar a la presidencia este a\u00f1o. Las se\u00f1ales sobre las prioridades de la administraci\u00f3n estadounidense son inequ\u00edvocas: en los d\u00edas previos a las negociaciones, el secretario del Interior de Estados Unidos, Doug Burgum, habr\u00eda visitado el segundo campo petrolero <em>costa afuera<\/em> m\u00e1s grande del mundo en los Emiratos \u00c1rabes Unidos. Simult\u00e1neamente, altos funcionarios del pa\u00eds se reunieron el jueves en Grecia con el gigante de combustibles f\u00f3siles Exxon Mobil durante la firma de un nuevo acuerdo para explorar gas natural en aguas profundas.<\/p>\n<aside aria-hidden=\"true\" class=\"PullQuoteEmbedWrapper-sc-TKIUW iXNYkj\" data-testid=\"pullquote-embed\">\n<div class=\"PullQuoteEmbedContent-sc-lixSTo fIFzPG\">\n<p>\u00abEl se\u00f1or Trump est\u00e1 en contra de la humanidad. Su ausencia aqu\u00ed lo demuestra\u00bb<\/p>\n<\/div>\n<p><span>El presidente de Colombia, Gustavo Petro.<\/span><\/p>\n<\/aside>\n<p>El secretario general de la ONU, Ant\u00f3nio Guterres, critic\u00f3 duramente a las naciones por su fracaso en limitar el calentamiento global a 1,5 grados Celsius, durante la cumbre. \u00abDemasiadas corporaciones est\u00e1n obteniendo ganancias r\u00e9cord a costa de la devastaci\u00f3n clim\u00e1tica, gastando miles de millones en cabildeo, enga\u00f1ando al p\u00fablico y obstruyendo el progreso\u00bb, afirm\u00f3 Guterres en su discurso. \u00abDemasiados l\u00edderes permanecen cautivos de estos intereses creados\u00bb.<\/p>\n<p>Los pa\u00edses destinan aproximadamente un bill\u00f3n de d\u00f3lares anuales a subsidiar combustibles f\u00f3siles. Ante este panorama, Guterres plante\u00f3 a los l\u00edderes mundiales dos opciones claras: \u00abPodemos elegir liderar, o ser conducidos a la ruina\u00bb.<\/p>\n<\/div>\n\n","protected":false},"excerpt":{"rendered":"<p>La OMM tambi\u00e9n advirti\u00f3 de un a\u00f1o de extremos clim\u00e1ticos devastadores: inundaciones en \u00c1frica y Asia, incendios forestales severos en Europa y Norteam\u00e9rica, olas de calor letales y ciclones tropicales de gran impacto econ\u00f3mico y humano. La secretaria general de la OMM, Celeste Saulo, subray\u00f3 que esta prolongada racha de temperaturas r\u00e9cord, unida a la &hellip;<\/p>\n","protected":false},"author":1,"featured_media":49106,"comment_status":"open","ping_status":"open","sticky":false,"template":"","format":"standard","meta":{"fifu_image_url":"https:\/\/media.es.wired.com\/photos\/690e4440db8a742796352c64\/16:9\/w_1280,c_limit\/2244965604","fifu_image_alt":"","footnotes":""},"categories":[2],"tags":[],"class_list":["post-49104","post","type-post","status-publish","format-standard","has-post-thumbnail","","category-tecnologia"],"_links":{"self":[{"href":"https:\/\/noticiasveraces.com\/index.php?rest_route=\/wp\/v2\/posts\/49104","targetHints":{"allow":["GET"]}}],"collection":[{"href":"https:\/\/noticiasveraces.com\/index.php?rest_route=\/wp\/v2\/posts"}],"about":[{"href":"https:\/\/noticiasveraces.com\/index.php?rest_route=\/wp\/v2\/types\/post"}],"author":[{"embeddable":true,"href":"https:\/\/noticiasveraces.com\/index.php?rest_route=\/wp\/v2\/users\/1"}],"replies":[{"embeddable":true,"href":"https:\/\/noticiasveraces.com\/index.php?rest_route=%2Fwp%2Fv2%2Fcomments&post=49104"}],"version-history":[{"count":0,"href":"https:\/\/noticiasveraces.com\/index.php?rest_route=\/wp\/v2\/posts\/49104\/revisions"}],"wp:featuredmedia":[{"embeddable":true,"href":"https:\/\/noticiasveraces.com\/index.php?rest_route=\/wp\/v2\/media\/49106"}],"wp:attachment":[{"href":"https:\/\/noticiasveraces.com\/index.php?rest_route=%2Fwp%2Fv2%2Fmedia&parent=49104"}],"wp:term":[{"taxonomy":"category","embeddable":true,"href":"https:\/\/noticiasveraces.com\/index.php?rest_route=%2Fwp%2Fv2%2Fcategories&post=49104"},{"taxonomy":"post_tag","embeddable":true,"href":"https:\/\/noticiasveraces.com\/index.php?rest_route=%2Fwp%2Fv2%2Ftags&post=49104"}],"curies":[{"name":"wp","href":"https:\/\/api.w.org\/{rel}","templated":true}]}}