{"id":49097,"date":"2025-11-08T16:03:12","date_gmt":"2025-11-08T20:03:12","guid":{"rendered":"https:\/\/noticiasveraces.com\/?p=49097"},"modified":"2025-11-08T16:03:12","modified_gmt":"2025-11-08T20:03:12","slug":"foro-penal-contabilizo-884-presos-politicos-en-venezuela-85-son-extranjeros","status":"publish","type":"post","link":"https:\/\/noticiasveraces.com\/?p=49097","title":{"rendered":"Foro Penal contabiliz\u00f3 884 presos pol\u00edticos en Venezuela, 85 son extranjeros"},"content":{"rendered":"<p> \n<\/p>\n<div>\n<p>La ONG Foro Penal contabiliza en Venezuela <strong>884 presos pol\u00edticos, de los cuales 85 tienen otra ciudadan\u00eda o doble nacionalidad, <\/strong>seg\u00fan un bolet\u00edn difundido este s\u00e1bado 8 de noviembre, que tiene como fecha de corte el 3 de noviembre.<\/p>\n<p>En el reporte, publicado en la red social X, la organizaci\u00f3n no gubernamental detall\u00f3 que <strong>entre los detenidos hay 767 hombres y 117 mujeres.<\/strong> El listado especifica que 880 son adultos y cuatro adolescentes de entre 14 y 17 a\u00f1os.<\/p>\n<p>Del total, 711 son civiles y 173 militares, indic\u00f3 Foro Penal, que subray\u00f3 que <strong>este listado \u00abno incluye, todav\u00eda, a todos los que han sido arrestados<\/strong> y liberados o se mantienen bajo arresto a corto plazo (48 horas)\u00bb.<\/p>\n<blockquote data-service=\"twitter\" data-category=\"marketing\" data-placeholder-image=\"https:\/\/eldiario.com\/wp-content\/plugins\/complianz-gdpr\/assets\/images\/placeholders\/twitter-minimal.jpg\" class=\"cmplz-placeholder-element twitter-tweet\">\n<p lang=\"es\" dir=\"ltr\">escala de <a href=\"https:\/\/twitter.com\/hashtag\/PresosPoliticos?src=hash&amp;ref_src=twsrc%5Etfw\">#PresosPol\u00edticos<\/a> en Venezuela al 03\/11\/2025 por \ud835\uddd9\ud835\uddfc\ud835\uddff\ud835\uddfc \ud835\udde3\ud835\uddf2\ud835\uddfb\ud835\uddee\ud835\uddf9:<\/p>\n<p>Tarifa: 884*<br \/>Desde la semana pasada<\/p>\n<p>Hombres: 767<br \/>Mujeres: 117<\/p>\n<p>Civiles: 711<br \/>Militar: 173<\/p>\n<p>Adultos: 880<br \/>Adolescentes: 4<\/p>\n<p>Encarcelados: 11<br \/>Excarcelados: 2\u2026 <a href=\"https:\/\/t.co\/ouyiZMBKbG\">pic.twitter.com\/ouyiZMBKbG<\/a><\/p>\n<p>\u2014 Foro Penal (@ForoPenal) <a href=\"https:\/\/twitter.com\/ForoPenal\/status\/1987167415516484022?ref_src=twsrc%5Etfw\">8 de noviembre de 2025<\/a><\/p><\/blockquote>\n<p><strong>La mayor\u00eda de los detenidos fueron capturados despu\u00e9s de las presidenciales de julio de 2024, <\/strong>en las que el ente electoral -controlado por el chavismo- proclam\u00f3 como ganador al actual presidente de Venezuela, Nicol\u00e1s Maduro, pese a las denuncias de \u00abfraude\u00bb de la oposici\u00f3n mayoritaria, agrupada en la Plataforma Unitaria Democr\u00e1tica (PUD).<\/p>\n<p>Tanto Maduro como el fiscal general, Tarek William Saab,<strong> niegan que en el pa\u00eds haya personas detenidas por motivos pol\u00edticos, <\/strong>sino que -aseguran- cometieron delitos, una afirmaci\u00f3n que rechazan varias ONG y l\u00edderes opositores.<\/p>\n<h2 class=\"wp-block-heading\" id=\"h-aumento-de-detenciones-sin-informacion-oficial\"><strong>Aumento de detenciones sin informaci\u00f3n oficial <\/strong><\/h2>\n<p>El pasado 3 de noviembre, la ONG Justicia, Encuentro y Perd\u00f3n advirti\u00f3 sobre el <strong>aumento de las detenciones en Venezuela \u00absin informaci\u00f3n p\u00fablica suficiente\u00bb de los casos,<\/strong> lo que consider\u00f3 como un \u00abescenario de inseguridad jur\u00eddica y angustia prolongada\u00bb debido a esta \u00abopacidad\u00bb y tambi\u00e9n por la \u00abnegaci\u00f3n del acceso a asistencia legal\u00bb que asegura existe en el pa\u00eds.<\/p>\n<p>En su cuenta de X, la organizaci\u00f3n indic\u00f3 que, durante la semana pasada, se evidenci\u00f3 \u00abun preocupante <strong>aumento de detenciones efectuadas por cuerpos de seguridad del Estado<\/strong> en distintas regiones del pa\u00eds\u00bb, sin que se informe, a\u00f1adi\u00f3, sobre las \u00abcircunstancias o el paradero de las personas privadas de libertad\u00bb.<\/p>\n<figure class=\"wp-block-image size-large\"><picture fetchpriority=\"high\" decoding=\"async\" class=\"wp-image-814798\"><source type=\"image\/webp\" sizes=\"(max-width: 1200px) 100vw, 1200px\" nitro-lazy-srcset=\"https:\/\/eldiario.com\/nitropack_static\/DWpklAePbJBFiBKvuTtiGMLbtJlHUqWt\/assets\/images\/optimized\/rev-4610e21\/eldiario.com\/wp-content\/uploads\/2025\/09\/presos-politicos-1200x800.jpg.webp 1200w, https:\/\/eldiario.com\/nitropack_static\/DWpklAePbJBFiBKvuTtiGMLbtJlHUqWt\/assets\/images\/optimized\/rev-4610e21\/eldiario.com\/wp-content\/uploads\/2025\/09\/presos-politicos-300x200.jpg.webp 300w, https:\/\/eldiario.com\/nitropack_static\/DWpklAePbJBFiBKvuTtiGMLbtJlHUqWt\/assets\/images\/optimized\/rev-4610e21\/eldiario.com\/wp-content\/uploads\/2025\/09\/presos-politicos-768x512.jpg.webp 768w, https:\/\/eldiario.com\/nitropack_static\/DWpklAePbJBFiBKvuTtiGMLbtJlHUqWt\/assets\/images\/optimized\/rev-4610e21\/eldiario.com\/wp-content\/uploads\/2025\/09\/presos-politicos-1536x1023.jpg.webp 1536w, https:\/\/eldiario.com\/nitropack_static\/DWpklAePbJBFiBKvuTtiGMLbtJlHUqWt\/assets\/images\/optimized\/rev-4610e21\/eldiario.com\/wp-content\/uploads\/2025\/09\/presos-politicos-330x220.jpg.webp 330w, https:\/\/eldiario.com\/nitropack_static\/DWpklAePbJBFiBKvuTtiGMLbtJlHUqWt\/assets\/images\/optimized\/rev-4610e21\/eldiario.com\/wp-content\/uploads\/2025\/09\/presos-politicos-420x280.jpg.webp 420w, https:\/\/eldiario.com\/nitropack_static\/DWpklAePbJBFiBKvuTtiGMLbtJlHUqWt\/assets\/images\/optimized\/rev-4610e21\/eldiario.com\/wp-content\/uploads\/2025\/09\/presos-politicos-615x410.jpg.webp 615w, https:\/\/eldiario.com\/nitropack_static\/DWpklAePbJBFiBKvuTtiGMLbtJlHUqWt\/assets\/images\/optimized\/rev-4610e21\/eldiario.com\/wp-content\/uploads\/2025\/09\/presos-politicos-860x573.jpg.webp 860w, https:\/\/eldiario.com\/nitropack_static\/DWpklAePbJBFiBKvuTtiGMLbtJlHUqWt\/assets\/images\/optimized\/rev-4610e21\/eldiario.com\/wp-content\/uploads\/2025\/09\/presos-politicos-150x100.jpg.webp 150w, https:\/\/eldiario.com\/nitropack_static\/DWpklAePbJBFiBKvuTtiGMLbtJlHUqWt\/assets\/images\/optimized\/rev-4610e21\/eldiario.com\/wp-content\/uploads\/2025\/09\/presos-politicos.jpg.webp 1600w\" nitro-lazy-empty=\"\" id=\"ODI4Ojk1NQ==-1\" srcset=\"data:image\/svg+xml;nitro-empty-id=ODI4Ojk1NQ==-1;base64,PHN2ZyB2aWV3Qm94PSIwIDAgMTIwMCA4MDAiIHdpZHRoPSIxMjAwIiBoZWlnaHQ9IjgwMCIgeG1sbnM9Imh0dHA6Ly93d3cudzMub3JnLzIwMDAvc3ZnIj48L3N2Zz4=\"\/><img fetchpriority=\"high\" width=\"1200\" height=\"800\" alt=\"Clippve convoc\u00f3 a una Ruta Global por la Justicia en embajadas de cinco pa\u00edses en Venezuela\" sizes=\"(max-width: 1200px) 100vw, 1200px\" srcset=\"https:\/\/eldiario.com\/nitropack_static\/DWpklAePbJBFiBKvuTtiGMLbtJlHUqWt\/assets\/images\/optimized\/rev-4610e21\/eldiario.com\/wp-content\/uploads\/2025\/09\/presos-politicos-1200x800.jpg 1200w, https:\/\/eldiario.com\/nitropack_static\/DWpklAePbJBFiBKvuTtiGMLbtJlHUqWt\/assets\/images\/optimized\/rev-4610e21\/eldiario.com\/wp-content\/uploads\/2025\/09\/presos-politicos-300x200.jpg 300w, https:\/\/eldiario.com\/nitropack_static\/DWpklAePbJBFiBKvuTtiGMLbtJlHUqWt\/assets\/images\/optimized\/rev-4610e21\/eldiario.com\/wp-content\/uploads\/2025\/09\/presos-politicos-768x512.jpg 768w, https:\/\/eldiario.com\/nitropack_static\/DWpklAePbJBFiBKvuTtiGMLbtJlHUqWt\/assets\/images\/optimized\/rev-4610e21\/eldiario.com\/wp-content\/uploads\/2025\/09\/presos-politicos-1536x1023.jpg 1536w, https:\/\/eldiario.com\/nitropack_static\/DWpklAePbJBFiBKvuTtiGMLbtJlHUqWt\/assets\/images\/optimized\/rev-4610e21\/eldiario.com\/wp-content\/uploads\/2025\/09\/presos-politicos-330x220.jpg 330w, https:\/\/eldiario.com\/nitropack_static\/DWpklAePbJBFiBKvuTtiGMLbtJlHUqWt\/assets\/images\/optimized\/rev-4610e21\/eldiario.com\/wp-content\/uploads\/2025\/09\/presos-politicos-420x280.jpg 420w, https:\/\/eldiario.com\/nitropack_static\/DWpklAePbJBFiBKvuTtiGMLbtJlHUqWt\/assets\/images\/optimized\/rev-4610e21\/eldiario.com\/wp-content\/uploads\/2025\/09\/presos-politicos-615x410.jpg 615w, https:\/\/eldiario.com\/nitropack_static\/DWpklAePbJBFiBKvuTtiGMLbtJlHUqWt\/assets\/images\/optimized\/rev-4610e21\/eldiario.com\/wp-content\/uploads\/2025\/09\/presos-politicos-860x573.jpg 860w, https:\/\/eldiario.com\/nitropack_static\/DWpklAePbJBFiBKvuTtiGMLbtJlHUqWt\/assets\/images\/optimized\/rev-4610e21\/eldiario.com\/wp-content\/uploads\/2025\/09\/presos-politicos-150x100.jpg 150w, https:\/\/eldiario.com\/nitropack_static\/DWpklAePbJBFiBKvuTtiGMLbtJlHUqWt\/assets\/images\/optimized\/rev-4610e21\/eldiario.com\/wp-content\/uploads\/2025\/09\/presos-politicos.jpg 1600w\" src=\"https:\/\/eldiario.com\/nitropack_static\/DWpklAePbJBFiBKvuTtiGMLbtJlHUqWt\/assets\/images\/optimized\/rev-4610e21\/eldiario.com\/wp-content\/uploads\/2025\/09\/presos-politicos-1200x800.jpg\" class=\"nitro-lazy\" decoding=\"async\" nitro-lazy-empty=\"\" id=\"ODI5OjExMzI=-1\"\/> <\/picture><figcaption class=\"wp-element-caption\">Presos pol\u00edticos | Foto: EFE<\/figcaption><\/figure>\n<p>En este contexto, afirm\u00f3 que <strong>esta situaci\u00f3n constituye una \u00abviolaci\u00f3n directa a los derechos fundamentales de las personas afectadas,<\/strong> en particular al derecho a la libertad personal, al debido proceso y a la integridad f\u00edsica y moral, as\u00ed como al derecho de sus familiares a conocer la verdad sobre su paradero\u00bb.<\/p>\n<p>Por tanto, exigi\u00f3 a las autoridades venezolanas <strong>garantizar la informaci\u00f3n \u00abinmediata y veraz\u00bb sobre la identidad, el paradero y la situaci\u00f3n jur\u00eddica de todas las personas detenidas,<\/strong> as\u00ed como el \u00abacceso irrestricto a abogados de confianza y la posibilidad de comunicarse con sus familiares\u00bb, como -enfatiz\u00f3- establece la Constituci\u00f3n y los tratados internacionales suscritos por el Estado. <\/p>\n<p><em>\u201cEste contenido incluye informaci\u00f3n suministrada por la Agencia EFE. Editado, verificado y contextualizado por el equipo editorial de <strong>El Diario<\/strong>. Conoce nuestra pol\u00edtica sobre el uso de contenidos de EFE<\/em><em> <\/em>aqu\u00ed.<em>\u00ab<\/em><\/p>\n<\/p><\/div>\n<p><script async src=\"https:\/\/platform.twitter.com\/widgets.js\" charset=\"utf-8\"><\/script><br \/>\n<br \/>\n","protected":false},"excerpt":{"rendered":"<p>La ONG Foro Penal contabiliza en Venezuela 884 presos pol\u00edticos, de los cuales 85 tienen otra ciudadan\u00eda o doble nacionalidad, seg\u00fan un bolet\u00edn difundido este s\u00e1bado 8 de noviembre, que tiene como fecha de corte el 3 de noviembre. En el reporte, publicado en la red social X, la organizaci\u00f3n no gubernamental detall\u00f3 que entre &hellip;<\/p>\n","protected":false},"author":1,"featured_media":49099,"comment_status":"open","ping_status":"open","sticky":false,"template":"","format":"standard","meta":{"fifu_image_url":"https:\/\/eldiario.com\/wp-content\/uploads\/2025\/07\/7087f5381ed9a110596e0afe43df715d8802701f-1.jpg","fifu_image_alt":"","footnotes":""},"categories":[13],"tags":[],"class_list":["post-49097","post","type-post","status-publish","format-standard","has-post-thumbnail","","category-mundo"],"_links":{"self":[{"href":"https:\/\/noticiasveraces.com\/index.php?rest_route=\/wp\/v2\/posts\/49097","targetHints":{"allow":["GET"]}}],"collection":[{"href":"https:\/\/noticiasveraces.com\/index.php?rest_route=\/wp\/v2\/posts"}],"about":[{"href":"https:\/\/noticiasveraces.com\/index.php?rest_route=\/wp\/v2\/types\/post"}],"author":[{"embeddable":true,"href":"https:\/\/noticiasveraces.com\/index.php?rest_route=\/wp\/v2\/users\/1"}],"replies":[{"embeddable":true,"href":"https:\/\/noticiasveraces.com\/index.php?rest_route=%2Fwp%2Fv2%2Fcomments&post=49097"}],"version-history":[{"count":0,"href":"https:\/\/noticiasveraces.com\/index.php?rest_route=\/wp\/v2\/posts\/49097\/revisions"}],"wp:featuredmedia":[{"embeddable":true,"href":"https:\/\/noticiasveraces.com\/index.php?rest_route=\/wp\/v2\/media\/49099"}],"wp:attachment":[{"href":"https:\/\/noticiasveraces.com\/index.php?rest_route=%2Fwp%2Fv2%2Fmedia&parent=49097"}],"wp:term":[{"taxonomy":"category","embeddable":true,"href":"https:\/\/noticiasveraces.com\/index.php?rest_route=%2Fwp%2Fv2%2Fcategories&post=49097"},{"taxonomy":"post_tag","embeddable":true,"href":"https:\/\/noticiasveraces.com\/index.php?rest_route=%2Fwp%2Fv2%2Ftags&post=49097"}],"curies":[{"name":"wp","href":"https:\/\/api.w.org\/{rel}","templated":true}]}}