{"id":49091,"date":"2025-11-08T14:47:49","date_gmt":"2025-11-08T18:47:49","guid":{"rendered":"https:\/\/noticiasveraces.com\/?p=49091"},"modified":"2025-11-08T14:47:49","modified_gmt":"2025-11-08T18:47:49","slug":"los-vuelos-internacionales-no-se-veran-afectados-por-el-cierre-dice-el-secretario-de-transporte","status":"publish","type":"post","link":"https:\/\/noticiasveraces.com\/?p=49091","title":{"rendered":"Los vuelos internacionales no se ver\u00e1n afectados por el cierre, dice el secretario de Transporte"},"content":{"rendered":"<p> \n<\/p>\n<div><!----> <!----> <\/p>\n<div class=\"featured featured-video video-ct\">\n<div class=\"contain\">\n<div class=\"info\">\n<div class=\"caption\">\n<p>El secretario Duffy dijo que habr\u00e1 una reducci\u00f3n del 10% en la capacidad en 40 ubicaciones en todo el pa\u00eds, ya que la escasez de personal presiona a la FAA en medio del cierre gubernamental m\u00e1s largo de la historia.<\/p>\n<\/div>\n<\/div>\n<\/div>\n<\/div>\n<p>Los vuelos internacionales seguir\u00e1n funcionando con normalidad a pesar del actual cierre del gobierno, dijo el viernes el secretario de Transporte, Sean Duffy.<\/p>\n<p>Duffy habl\u00f3 con los periodistas esta ma\u00f1ana en el Aeropuerto Nacional Reagan mientras el cierre del gobierno exacerb\u00f3 las interrupciones en los viajes en todo el pa\u00eds, impactando a millones de pasajeros y obligando al gobierno a reducir el volumen de vuelos.<\/p>\n<p>\u00abLos vuelos internacionales no se ver\u00e1n afectados y hay una raz\u00f3n para ello\u00bb, dijo Duffy. \u00abTenemos acuerdos internacionales que cumplimos y, debido a esos acuerdos internacionales, no voy a afectar esos vuelos internacionales\u00bb. <\/p>\n<p><strong><u>TURBULENCIA POR DELANTE: LOS GR\u00c1FICOS MUESTRAN C\u00d3MO EL CIERRE EST\u00c1 INTERRUMPIENDO LOS AEROPUERTOS DE ESTADOS UNIDOS<\/u><\/strong><\/p>\n<p>Duffy dijo que si se incumpl\u00eda el acuerdo, otros pa\u00edses acabar\u00edan \u00abreduciendo los vuelos estadounidenses\u00bb. Dijo que eso tendr\u00eda un \u00abimpacto duradero en nuestra capacidad de enviar viajeros desde Estados Unidos a esos pa\u00edses socios\u00bb.  <\/p>\n<div class=\"inline image-ct\">\n<div class=\"m\"><picture><source media=\"(max-width: 767px)\" srcset=\"https:\/\/a57.foxnews.com\/static.foxbusiness.com\/foxbusiness.com\/content\/uploads\/2025\/03\/343\/192\/frontier-2.jpg?ve=1&amp;tl=1, https:\/\/a57.foxnews.com\/static.foxbusiness.com\/foxbusiness.com\/content\/uploads\/2025\/03\/686\/384\/frontier-2.jpg?ve=1&amp;tl=1 2x\"><source media=\"(min-width: 768px) and (max-width: 1023px)\" srcset=\"https:\/\/a57.foxnews.com\/static.foxbusiness.com\/foxbusiness.com\/content\/uploads\/2025\/03\/672\/378\/frontier-2.jpg?ve=1&amp;tl=1, https:\/\/a57.foxnews.com\/static.foxbusiness.com\/foxbusiness.com\/content\/uploads\/2025\/03\/1344\/756\/frontier-2.jpg?ve=1&amp;tl=1 2x\"><source media=\"(min-width: 1024px) and (max-width: 1279px)\" srcset=\"https:\/\/a57.foxnews.com\/static.foxbusiness.com\/foxbusiness.com\/content\/uploads\/2025\/03\/931\/523\/frontier-2.jpg?ve=1&amp;tl=1, https:\/\/a57.foxnews.com\/static.foxbusiness.com\/foxbusiness.com\/content\/uploads\/2025\/03\/1862\/1046\/frontier-2.jpg?ve=1&amp;tl=1 2x\"><source media=\"(min-width: 1280px)\" srcset=\"https:\/\/a57.foxnews.com\/static.foxbusiness.com\/foxbusiness.com\/content\/uploads\/2025\/03\/720\/405\/frontier-2.jpg?ve=1&amp;tl=1, https:\/\/a57.foxnews.com\/static.foxbusiness.com\/foxbusiness.com\/content\/uploads\/2025\/03\/1440\/810\/frontier-2.jpg?ve=1&amp;tl=1 2x\"><img decoding=\"async\" src=\"https:\/\/a57.foxnews.com\/static.foxbusiness.com\/foxbusiness.com\/content\/uploads\/2025\/03\/931\/523\/frontier-2.jpg?ve=1&amp;tl=1\" alt=\"Pasajero fronterizo en Canc\u00fan\"\/><\/source><\/source><\/source><\/source><\/picture><\/div>\n<div class=\"caption\">\n<p><span>Un avi\u00f3n de Frontier Airlines visto en el Aeropuerto Internacional de Canc\u00fan.<\/span><span>  (Artur Widak\/NurPhoto v\u00eda Getty Images)<\/span><\/p>\n<\/div>\n<\/div>\n<p>United Airlines dijo a FOX Business que los vuelos operados por United que conectan dos de sus principales aeropuertos centrales y sus vuelos internacionales no se ver\u00e1n afectados por esta reducci\u00f3n de horario, ya que \u00abeso nos ayudar\u00e1 a mantener nuestra operaci\u00f3n y brindar\u00e1 a los clientes afectados tantas opciones como sea posible para reanudar su viaje\u00bb. <\/p>\n<div class=\"inline image-ct\">\n<div class=\"m\"><picture><source media=\"(max-width: 767px)\" srcset=\"https:\/\/a57.foxnews.com\/static.foxbusiness.com\/foxbusiness.com\/content\/uploads\/2024\/02\/343\/192\/u2.jpg?ve=1&amp;tl=1, https:\/\/a57.foxnews.com\/static.foxbusiness.com\/foxbusiness.com\/content\/uploads\/2024\/02\/686\/384\/u2.jpg?ve=1&amp;tl=1 2x\"><source media=\"(min-width: 768px) and (max-width: 1023px)\" srcset=\"https:\/\/a57.foxnews.com\/static.foxbusiness.com\/foxbusiness.com\/content\/uploads\/2024\/02\/672\/378\/u2.jpg?ve=1&amp;tl=1, https:\/\/a57.foxnews.com\/static.foxbusiness.com\/foxbusiness.com\/content\/uploads\/2024\/02\/1344\/756\/u2.jpg?ve=1&amp;tl=1 2x\"><source media=\"(min-width: 1024px) and (max-width: 1279px)\" srcset=\"https:\/\/a57.foxnews.com\/static.foxbusiness.com\/foxbusiness.com\/content\/uploads\/2024\/02\/931\/523\/u2.jpg?ve=1&amp;tl=1, https:\/\/a57.foxnews.com\/static.foxbusiness.com\/foxbusiness.com\/content\/uploads\/2024\/02\/1862\/1046\/u2.jpg?ve=1&amp;tl=1 2x\"><source media=\"(min-width: 1280px)\" srcset=\"https:\/\/a57.foxnews.com\/static.foxbusiness.com\/foxbusiness.com\/content\/uploads\/2024\/02\/720\/405\/u2.jpg?ve=1&amp;tl=1, https:\/\/a57.foxnews.com\/static.foxbusiness.com\/foxbusiness.com\/content\/uploads\/2024\/02\/1440\/810\/u2.jpg?ve=1&amp;tl=1 2x\"><img decoding=\"async\" src=\"https:\/\/a57.foxnews.com\/static.foxbusiness.com\/foxbusiness.com\/content\/uploads\/2024\/02\/931\/523\/u2.jpg?ve=1&amp;tl=1\" alt=\"Aviones de United Airlines\"\/><\/source><\/source><\/source><\/source><\/picture><\/div>\n<div class=\"caption\">\n<p><span>Los aviones de United Airlines se dirigen a la pista del Aeropuerto Internacional Newark Liberty.<\/span><span>  (Gary Hershorn\/Getty Images)<\/span><\/p>\n<\/div>\n<\/div>\n<p><strong>LAS AEROL\u00cdNEAS APROVECHAN LAS RESERVAS DE PILOTOS DE ACCI\u00d3N DE GRACIAS TEMPRANO MIENTRAS EL CIERRE DEL GOBIERNO ENGANCHA LOS VUELOS<\/strong><\/p>\n<p>American Airlines le dijo a FOX Business que tampoco habr\u00e1 ning\u00fan impacto en sus vuelos internacionales en este momento.<\/p>\n<p>La Administraci\u00f3n Federal de Aviaci\u00f3n dijo esta semana que reducir\u00e1 <u>tr\u00e1fico a\u00e9reo<\/u> en un 10 % en 40 mercados de gran volumen para mantener la seguridad en medio del cierre y la actual escasez de personal de control del tr\u00e1fico a\u00e9reo. La medida podr\u00eda eliminar miles de vuelos cada d\u00eda mientras contin\u00fae el cierre. <\/p>\n<p><strong><u>LAS AEROL\u00cdNEAS TRABAJAN PARA LIMITAR EL IMPACTO A MEDIDA QUE LA FAA REDUCE EL TR\u00c1FICO A\u00c9REO EN UN 10% EN 40 MERCADOS EN MEDIO DEL CIERRE<\/u><\/strong><\/p>\n<p>La reducci\u00f3n se implement\u00f3 para aliviar la presi\u00f3n sobre el sistema de aviaci\u00f3n, que ya ha estado lidiando con una crisis de personal. <\/p>\n<p>Los controladores de tr\u00e1fico a\u00e9reo se han visto obligados a trabajar horas extras, y muchos de ellos trabajan semanas de seis d\u00edas y jornadas de 10 horas. Ahora, ellos tambi\u00e9n han pasado m\u00e1s de un mes sin recibir un sueldo. Algunos han comenzado a protestar debido a las dificultades financieras, lo que ha provocado retrasos en los vuelos en <u>aeropuertos principales<\/u>.<\/p>\n<div class=\"inline image-ct\">\n<div class=\"m\"><picture><source media=\"(max-width: 767px)\" srcset=\"https:\/\/a57.foxnews.com\/static.foxbusiness.com\/foxbusiness.com\/content\/uploads\/2025\/11\/343\/192\/travelers-3.jpg?ve=1&amp;tl=1, https:\/\/a57.foxnews.com\/static.foxbusiness.com\/foxbusiness.com\/content\/uploads\/2025\/11\/686\/384\/travelers-3.jpg?ve=1&amp;tl=1 2x\"><source media=\"(min-width: 768px) and (max-width: 1023px)\" srcset=\"https:\/\/a57.foxnews.com\/static.foxbusiness.com\/foxbusiness.com\/content\/uploads\/2025\/11\/672\/378\/travelers-3.jpg?ve=1&amp;tl=1, https:\/\/a57.foxnews.com\/static.foxbusiness.com\/foxbusiness.com\/content\/uploads\/2025\/11\/1344\/756\/travelers-3.jpg?ve=1&amp;tl=1 2x\"><source media=\"(min-width: 1024px) and (max-width: 1279px)\" srcset=\"https:\/\/a57.foxnews.com\/static.foxbusiness.com\/foxbusiness.com\/content\/uploads\/2025\/11\/931\/523\/travelers-3.jpg?ve=1&amp;tl=1, https:\/\/a57.foxnews.com\/static.foxbusiness.com\/foxbusiness.com\/content\/uploads\/2025\/11\/1862\/1046\/travelers-3.jpg?ve=1&amp;tl=1 2x\"><source media=\"(min-width: 1280px)\" srcset=\"https:\/\/a57.foxnews.com\/static.foxbusiness.com\/foxbusiness.com\/content\/uploads\/2025\/11\/720\/405\/travelers-3.jpg?ve=1&amp;tl=1, https:\/\/a57.foxnews.com\/static.foxbusiness.com\/foxbusiness.com\/content\/uploads\/2025\/11\/1440\/810\/travelers-3.jpg?ve=1&amp;tl=1 2x\"><img decoding=\"async\" src=\"https:\/\/a57.foxnews.com\/static.foxbusiness.com\/foxbusiness.com\/content\/uploads\/2025\/11\/931\/523\/travelers-3.jpg?ve=1&amp;tl=1\" alt=\"La gente camina por el Aeropuerto Nacional Ronald Reagan de Washington.\"\/><\/source><\/source><\/source><\/source><\/picture><\/div>\n<div class=\"caption\">\n<p><span>La gente camina por el Aeropuerto Nacional Ronald Reagan de Washington en Arlington, Virginia.<\/span><span>  (Anna Moneymaker\/Getty Images)<\/span><\/p>\n<\/div>\n<\/div>\n<p><strong>OBT\u00c9N FOX BUSINESS SOBRE LA MARCHA HACIENDO CLIC AQU\u00cd<\/strong><\/p>\n<p>M\u00e1s de 3,2 millones de pasajeros de aerol\u00edneas se han visto afectados por retrasos o cancelaciones atribuidas a la escasez de personal relacionada con problemas de personal de los controladores de tr\u00e1fico a\u00e9reo desde que comenz\u00f3 el cierre del gobierno el 1 de octubre, dijo el grupo comercial de la industria Airlines for America.<\/p>\n<p><i>Reuters contribuy\u00f3 a este informe. <\/i><\/p>\n<\/div>\n\n","protected":false},"excerpt":{"rendered":"<p>El secretario Duffy dijo que habr\u00e1 una reducci\u00f3n del 10% en la capacidad en 40 ubicaciones en todo el pa\u00eds, ya que la escasez de personal presiona a la FAA en medio del cierre gubernamental m\u00e1s largo de la historia. Los vuelos internacionales seguir\u00e1n funcionando con normalidad a pesar del actual cierre del gobierno, dijo &hellip;<\/p>\n","protected":false},"author":1,"featured_media":49093,"comment_status":"open","ping_status":"open","sticky":false,"template":"","format":"standard","meta":{"fifu_image_url":"https:\/\/a57.foxnews.com\/static.foxbusiness.com\/foxbusiness.com\/content\/uploads\/2025\/11\/0\/0\/travelers-2.jpg?ve=1&tl=1","fifu_image_alt":"","footnotes":""},"categories":[3],"tags":[],"class_list":["post-49091","post","type-post","status-publish","format-standard","has-post-thumbnail","","category-negocio"],"_links":{"self":[{"href":"https:\/\/noticiasveraces.com\/index.php?rest_route=\/wp\/v2\/posts\/49091","targetHints":{"allow":["GET"]}}],"collection":[{"href":"https:\/\/noticiasveraces.com\/index.php?rest_route=\/wp\/v2\/posts"}],"about":[{"href":"https:\/\/noticiasveraces.com\/index.php?rest_route=\/wp\/v2\/types\/post"}],"author":[{"embeddable":true,"href":"https:\/\/noticiasveraces.com\/index.php?rest_route=\/wp\/v2\/users\/1"}],"replies":[{"embeddable":true,"href":"https:\/\/noticiasveraces.com\/index.php?rest_route=%2Fwp%2Fv2%2Fcomments&post=49091"}],"version-history":[{"count":0,"href":"https:\/\/noticiasveraces.com\/index.php?rest_route=\/wp\/v2\/posts\/49091\/revisions"}],"wp:featuredmedia":[{"embeddable":true,"href":"https:\/\/noticiasveraces.com\/index.php?rest_route=\/wp\/v2\/media\/49093"}],"wp:attachment":[{"href":"https:\/\/noticiasveraces.com\/index.php?rest_route=%2Fwp%2Fv2%2Fmedia&parent=49091"}],"wp:term":[{"taxonomy":"category","embeddable":true,"href":"https:\/\/noticiasveraces.com\/index.php?rest_route=%2Fwp%2Fv2%2Fcategories&post=49091"},{"taxonomy":"post_tag","embeddable":true,"href":"https:\/\/noticiasveraces.com\/index.php?rest_route=%2Fwp%2Fv2%2Ftags&post=49091"}],"curies":[{"name":"wp","href":"https:\/\/api.w.org\/{rel}","templated":true}]}}